{"id":239640,"date":"2025-12-13T11:10:00","date_gmt":"2025-12-13T14:10:00","guid":{"rendered":"https:\/\/corrientesdetarde.com\/?p=239640"},"modified":"2025-12-13T11:14:20","modified_gmt":"2025-12-13T14:14:20","slug":"continuan-los-trabajos-de-los-brigadistas-en-chubut","status":"publish","type":"post","link":"https:\/\/corrientesdetarde.com\/index.php\/informacion-general\/continuan-los-trabajos-de-los-brigadistas-en-chubut\/","title":{"rendered":"Contin\u00faan los trabajos de los brigadistas en Chubut."},"content":{"rendered":"\n<h2 class=\"wp-block-heading\">Hay m\u00e1s de 3000 hect\u00e1reas arrasadas por los incendios en la zona de El Turbio que ya llevan m\u00e1s de diez d\u00edas.<\/h2>\n\n\n\n<p>El <em><strong>incendio forestal<\/strong><\/em> que afecta desde hace diez d\u00edas la zona de<strong>\u00a0El Turbio,<\/strong>\u00a0en la cordillera de Chubut, y que al momento consumi\u00f3<strong>\u00a0m\u00e1s de 3000 hect\u00e1reas<\/strong>, contin\u00faa activo aunque con algunos sectores contenidos. A pesar de la complejidad del terreno y el impacto de las condiciones meteorol\u00f3gicas adversas, las autoridades mantienen los brigadistas.<\/p>\n\n\n\n<p>La emergencia se origin\u00f3 a principio del corriente mes en la&nbsp;<strong>\u201cLoma de la Chancha\u201d<\/strong>, cerca de&nbsp;<strong>R\u00edo Turbio<\/strong>, y desde entonces mantienen activo un operativo coordinado por el&nbsp;<strong>Servicio Provincial de Manejo del Fuego (SPMF)<\/strong>. El \u00faltimo parte t\u00e9cnico emitido este viernes por la tarde confirm\u00f3 que, luego de una intensa jornada de trabajo sobre el terreno, las brigadas lograron&nbsp;<strong>contener la cabeza de un sector y el flanco izquierdo del incendio<\/strong>, un avance relevante tras d\u00edas de alerta permanente.<\/p>\n\n\n\n<p>El flanco derecho, en cambio, se mantiene activo debido a que las condiciones meteorol\u00f3gicas, en especial el viento, dificultaron la intervenci\u00f3n en esa zona. El&nbsp;<strong>Servicio Meteorol\u00f3gico Nacional (SMN)<\/strong>&nbsp;mantiene activa una alerta amarilla por r\u00e1fagas de viento de entre 50 y 70 kil\u00f3metros por hora (km\/h), con r\u00e1fagas que podr\u00e1n superar los 100 km\/h.<\/p>\n\n\n\n<figure class=\"wp-block-image\"><img decoding=\"async\" src=\"https:\/\/www.infobae.com\/resizer\/v2\/Z7OL722BNJE27MRLWR7Q33WMKM.png?auth=a0ad74ae4d1f6939cb7a98f7ecde134420affed64c760d067d6d490d7bb237fb&amp;smart=true&amp;width=350&amp;height=722&amp;quality=85\" alt=\"El SMN mantiene vigente el\"\/><\/figure>\n\n\n\n<p>El SMN mantiene vigente el alerta por vientos (Foto: SMN)<\/p>\n\n\n\n<p>Los brigadistas desplegaron tareas de liquidaci\u00f3n en \u00e1reas con menor riesgo y el plan para las pr\u00f3ximas horas contempla reforzar el control en la cola del incendio y verificar la presencia de puntos calientes, con apoyo de herramientas manuales y equipos de agua, de acuerdo a lo indicado por&nbsp;<em>Radio3cadenapatagonia.<\/em><\/p>\n\n\n\n<p>Los equipos que act\u00faan en el lugar est\u00e1n integrados por combatientes de las bases de Las Golondrinas, Lago Puelo, El Turbio, El Mait\u00e9n y Epuy\u00e9n, junto con la Brigada Sur del&nbsp;<strong>Servicio Nacional de Manejo del Fuego (SNMF)<\/strong>&nbsp;y el ICE del&nbsp;<strong>Parque Nacional Lago Puelo<\/strong>.<\/p>\n\n\n\n<p>A este despliegue se suman agentes de la Secretar\u00eda de Bosques, personal de la Subsecretar\u00eda de Protecci\u00f3n Ciudadana, Hospital Rural, Secretar\u00eda de Salud,&nbsp;<strong>Gendarmer\u00eda Nacional Argentina<\/strong>, Prefectura y representantes de la Regional Patagonia de AFE, entre otros organismos e instituciones. El trabajo conjunto apunta a cubrir frentes de incendio seg\u00fan la accesibilidad del terreno y a proteger la seguridad de los brigadistas y la infraestructura de la zona.<img loading=\"lazy\" decoding=\"async\" alt=\"Lograron contener una parte del\" height=\"576\" src=\"https:\/\/www.infobae.com\/resizer\/v2\/AAAE626JKNBLJLFMJNT34YWNII.jfif?auth=e663e8dc89d0c73d3a5b70df16eaef6dcda8f73b301ad19374f66a64d8bad5d4&amp;smart=true&amp;width=350&amp;height=158&amp;quality=85\" width=\"1280\">Lograron contener una parte del foco \u00edgneo<\/p>\n\n\n\n<p>El fuego, que habr\u00eda sido provocado por una&nbsp;<strong>descarga de un rayo<\/strong>, seg\u00fan las autoridades, se propag\u00f3 sobre \u00e1reas de matorral, pastizales y extensos sectores de bosque nativo. Durante el viernes, los trabajos se dirigieron especialmente al abordaje de dos focos secundarios ubicados en el margen opuesto del r\u00edo Turbio, mientras otro grupo se aboc\u00f3 a la extinci\u00f3n de puntos calientes en el flanco izquierdo.<img loading=\"lazy\" decoding=\"async\" alt=\"Hay m\u00e1s de 100 personas\" height=\"1024\" src=\"https:\/\/www.infobae.com\/resizer\/v2\/QYE2L5J6S5BS3OLZIMM3EACMFM.jfif?auth=48a525590bf600481e8741df077593f830a6fdf522e7999babfa19ea036f94c1&amp;smart=true&amp;width=350&amp;height=467&amp;quality=85\" width=\"768\">Hay m\u00e1s de 100 personas y medios a\u00e9reos desplegados para el combate del fuego, seg\u00fan inform\u00f3 la Agencia Federal de Emergencias (Foto: @AFE_Arg)<\/p>\n\n\n\n<p>En los d\u00edas recientes, debido a las caracter\u00edsticas del terreno y la propagaci\u00f3n del fuego, el<strong>&nbsp;Gobierno de Chubut&nbsp;<\/strong>decidi\u00f3 intensificar el trabajo de los equipos y sumar nuevas t\u00e1cticas para intervenir en las \u00e1reas m\u00e1s afectadas del incendio, que ya alcanz\u00f3 una superficie superior a las 3.000 hect\u00e1reas.<\/p>\n\n\n\n<p>El operativo, de alcance regional, involucra la colaboraci\u00f3n directa de la<strong>&nbsp;Brigada Nacional Sur del Servicio Nacional de Manejo del Fuego, Personal de apoyo de medios a\u00e9reos, Coordinador Regional Patagonia, Equipo t\u00e9cnico del SNMF (meteor\u00f3logo), pertenecientes a la Agencia Federal de Emergencias (AFE).<\/strong><img loading=\"lazy\" decoding=\"async\" alt=\"El Servicio Nacional del Manejo\" height=\"1600\" src=\"https:\/\/www.infobae.com\/resizer\/v2\/XBBAPKPQDNAPBMVQDCKYIM5SX4.jfif?auth=ccd43dbd27d925aefdee5ad080294fe0cac5afd3346df596904576653c3fe373&amp;smart=true&amp;width=350&amp;height=438&amp;quality=85\" width=\"1280\">El Servicio Nacional del Manejo del Fuego se\u00f1al\u00f3 cu\u00e1les son las zonas afectadas por los incendios (@AFE_Arg)<\/p>\n\n\n\n<p>A estos se acoplaron otras instituciones como el&nbsp;<strong>Servicio Provincial de Manejo del Fuego de Chubut<\/strong>, central de&nbsp;<strong>Incendios<\/strong>,&nbsp;<strong>Comunicaciones y Emergencias<\/strong>&nbsp;de Parques Nacionales (Lago Puelo),&nbsp;<strong>SPLIF&nbsp;<\/strong>R\u00edo Negro,&nbsp;<strong>Subsecretar\u00eda de Protecci\u00f3n Ciudadana<\/strong>,&nbsp;<strong>Ministerio de Educaci\u00f3n<\/strong>&nbsp;(Planta Educativa El Turbio),&nbsp;<strong>Hospital Rural<\/strong>&nbsp;Lago Puelo,&nbsp;<strong>Prefectura Naval Argentina<\/strong>,&nbsp;<strong>Gendarmer\u00eda Nacional Argentina<\/strong>. As\u00ed fue confirmado por el organismo dependiente del Ministerio de Seguridad Nacional encargado de la respuesta y coordinaci\u00f3n ante emergencias y desastres.<\/p>\n\n\n\n<p>En el \u00e1rea afectada, el operativo dispone de quince camionetas, un cami\u00f3n destinado a puesto de comando avanzado, tres embarcaciones, un cami\u00f3n cisterna, un tractor con carro incorporado, un colectivo para el traslado del personal y aeronaves utilizadas tanto para movilizaci\u00f3n de brigadistas como para tareas de reconocimiento y ataques espec\u00edficos desde el aire.<\/p>\n","protected":false},"excerpt":{"rendered":"<p>Hay m\u00e1s de 3000 hect\u00e1reas arrasadas por los incendios en la zona de El Turbio que ya llevan m\u00e1s de diez d\u00edas. El incendio forestal que afecta desde hace diez&hellip; <\/p>\n","protected":false},"author":6,"featured_media":239650,"comment_status":"closed","ping_status":"open","sticky":false,"template":"","format":"standard","meta":{"footnotes":""},"categories":[1],"tags":[],"class_list":["post-239640","post","type-post","status-publish","format-standard","has-post-thumbnail","hentry","category-informacion-general"],"_links":{"self":[{"href":"https:\/\/corrientesdetarde.com\/index.php\/wp-json\/wp\/v2\/posts\/239640","targetHints":{"allow":["GET"]}}],"collection":[{"href":"https:\/\/corrientesdetarde.com\/index.php\/wp-json\/wp\/v2\/posts"}],"about":[{"href":"https:\/\/corrientesdetarde.com\/index.php\/wp-json\/wp\/v2\/types\/post"}],"author":[{"embeddable":true,"href":"https:\/\/corrientesdetarde.com\/index.php\/wp-json\/wp\/v2\/users\/6"}],"replies":[{"embeddable":true,"href":"https:\/\/corrientesdetarde.com\/index.php\/wp-json\/wp\/v2\/comments?post=239640"}],"version-history":[{"count":1,"href":"https:\/\/corrientesdetarde.com\/index.php\/wp-json\/wp\/v2\/posts\/239640\/revisions"}],"predecessor-version":[{"id":239652,"href":"https:\/\/corrientesdetarde.com\/index.php\/wp-json\/wp\/v2\/posts\/239640\/revisions\/239652"}],"wp:featuredmedia":[{"embeddable":true,"href":"https:\/\/corrientesdetarde.com\/index.php\/wp-json\/wp\/v2\/media\/239650"}],"wp:attachment":[{"href":"https:\/\/corrientesdetarde.com\/index.php\/wp-json\/wp\/v2\/media?parent=239640"}],"wp:term":[{"taxonomy":"category","embeddable":true,"href":"https:\/\/corrientesdetarde.com\/index.php\/wp-json\/wp\/v2\/categories?post=239640"},{"taxonomy":"post_tag","embeddable":true,"href":"https:\/\/corrientesdetarde.com\/index.php\/wp-json\/wp\/v2\/tags?post=239640"}],"curies":[{"name":"wp","href":"https:\/\/api.w.org\/{rel}","templated":true}]}}