{"id":239713,"date":"2025-12-14T11:41:12","date_gmt":"2025-12-14T14:41:12","guid":{"rendered":"https:\/\/corrientesdetarde.com\/?p=239713"},"modified":"2025-12-14T11:41:20","modified_gmt":"2025-12-14T14:41:20","slug":"corrientes-futuro-y-desarrollo-ideas-clave-del-discurso-de-valdes","status":"publish","type":"post","link":"https:\/\/corrientesdetarde.com\/index.php\/actualidad\/corrientes-futuro-y-desarrollo-ideas-clave-del-discurso-de-valdes\/","title":{"rendered":"Corrientes, futuro y desarrollo, ideas clave del discurso de Vald\u00e9s"},"content":{"rendered":"\n<p>Ante la Asamblea Legislativa, el Gobernador mantuvo la idea de continuidad de la gesti\u00f3n anterior y de prevalencia del n\u00facleo conceptual vinculado a la identidad provincial. La particularidad de Juan Pablo es el \u00e9nfasis en el futuro.<\/p>\n\n\n\n<p>En 24 a\u00f1os en Corrientes hubo cuatro gobernadores si se tienen en cuenta las reelecciones, siendo el \u00faltimo en asumir Juan Pablo Vald\u00e9s. En dicho per\u00edodo, los discursos de toma de posesi\u00f3n ante la Asamblea Legislativa pasaron de superar la crisis y &#8220;no volver al pasado&#8221;, a la noci\u00f3n de desarrollo y de expectativas ante el futuro. En su mayor\u00eda fueron en tono de continuidad de un programa pol\u00edtico.<\/p>\n\n\n\n<p>Esta idea de continuidad se corporiz\u00f3 en el reciente discurso de Juan Pablo Vald\u00e9s ante la Asamblea Legislativa que tuvo lugar el pasado mi\u00e9rcoles luego de la toma de posesi\u00f3n del cargo como Gobernador. Prueba de ello fue que el mandatario detall\u00f3 que su hoja de ruta ser\u00e1 el Plan Estrat\u00e9gico Corrientes 2030, cuyos ejes program\u00e1ticos se trabajaron durante la gesti\u00f3n anterior.<\/p>\n\n\n\n<p>Adem\u00e1s, el titular del Ejecutivo Provincial organiz\u00f3 sus enunciados seg\u00fan ejes estrat\u00e9gicos como lo hab\u00eda hecho Gustavo Vald\u00e9s al momento de asumir en 2017. Estos son: generaci\u00f3n de empleo genuino, modernizaci\u00f3n del Estado, transformaci\u00f3n digital de la educaci\u00f3n, trabajo con los municipios y con las personas con mirada en la inclusi\u00f3n.<\/p>\n\n\n\n<p>Al asumir, Gustavo Vald\u00e9s hab\u00eda planteado cuatro ejes de gesti\u00f3n. En el caso del actual Gobernador son cinco, incorporando la transformaci\u00f3n digital en educaci\u00f3n y la visi\u00f3n municipalista, la que tambi\u00e9n decant\u00f3 en su elecci\u00f3n del gabinete provincial.<\/p>\n\n\n\n<figure class=\"wp-block-image\"><img decoding=\"async\" src=\"https:\/\/www.diarioepoca.com\/content\/bucket\/0\/1464120w380h262c.jpg.webp\" alt=\"\"\/><figcaption class=\"wp-element-caption\">LOS PRINCIPALES CONCEPTOS DEL DISCURSO DE ASUNCI\u00d3N.<\/figcaption><\/figure>\n\n\n\n<p>Ahora bien, con asistencia de herramientas de inteligencia artificial fue posible la detecci\u00f3n de las palabras y conceptos con mayor menci\u00f3n en el discurso de toma de juramento de Juan Pablo Vald\u00e9s ante la Asamblea Legislativa. Estas fueron las variantes unificadas: Corrientes\/correntinos, Provincia, futuro, desarrollo, gesti\u00f3n, transformaci\u00f3n, trabajo\/empleo, Estado, modernizaci\u00f3n, Plan\/Plan Estrat\u00e9gico 2030, Gobierno, personas\/gente, educaci\u00f3n, salud, infraestructura\/obras, entre otras.<\/p>\n\n\n\n<p>Las variantes unificadas Corrientes\/correntinos se mencion\u00f3 en 11 oportunidades, mientras que Provincia en cinco. &#8220;Somos 1.200.000 correntinos que hacemos el esfuerzo de sacar a la provincia adelante todos los d\u00edas, pero tambi\u00e9n tenemos que ser 1.200.000 correntinos los que podamos acceder a los servicios de salud y educaci\u00f3n de calidad&#8221;, manifest\u00f3 Juan Pablo Vald\u00e9s en su discurso ante la Asamblea Legislativa.<\/p>\n\n\n\n<p>Tales palabras hacen acento en lo local y reviste una tendencia hacia la ratificaci\u00f3n del sentido de pertenencia e identidad. La correntinidad es una conceptualizaci\u00f3n transversal a las gestiones provinciales en los \u00faltimos 24 a\u00f1os, en algunos periodos con mayor \u00e9nfasis que en otros, pero estuvo presente en todos los gobiernos.<\/p>\n\n\n\n<p>De hecho, &#8220;Corrientes somos todos&#8221; es el lema que retom\u00f3 el nuevo Gobierno provincial para su identidad institucional. Adem\u00e1s, mantuvo el color verde.<\/p>\n\n\n\n<p>No obstante, una de las particularidades del discurso de Juan Pablo Vald\u00e9s es su impronta de futuro, mencionado este en cinco ocasiones. Integrado no como un mero sustantivo, sino como concepto constante. &#8220;Corrientes tiene por delante un futuro promisorio y hacerlo realidad depende en gran medida de nosotros&#8221;, expres\u00f3 el titular del Ejecutivo provincial el pasado mi\u00e9rcoles.<\/p>\n\n\n\n<p>La idea de futuro marc\u00f3 la campa\u00f1a por la Gobernaci\u00f3n de Juan Pablo Vald\u00e9s. En medio de propuestas de mayor beligerancia, la campa\u00f1a de no agresi\u00f3n del oficialismo y de presentaci\u00f3n de propuestas pudo haber contribuido a fortalecer el arquetipo de confianza en el electorado y no prim\u00f3 el de cambio, como s\u00ed sucedi\u00f3 en las elecciones presidenciales de 2023.<\/p>\n\n\n\n<p>Durante la campa\u00f1a de Juan Pablo, adem\u00e1s, se capitaliz\u00f3 la idea de Corrientes y de futuro. Esto, como modo de proyectar identidad y progreso.<\/p>\n\n\n\n<p>Desarrollo fue otro de los conceptos clave que mencion\u00f3 el Gobernador. &#8220;Quiero ratificar que nuestra hoja de ruta ser\u00e1 el Plan Estrat\u00e9gico Corrientes 2030, donde los pilares de modernizaci\u00f3n, desarrollo e inclusi\u00f3n nos seguir\u00e1n marcando el camino&#8221;, asever\u00f3 el titular del Ejecutivo Provincial.<\/p>\n\n\n\n<p>El mandatario menciona el t\u00e9rmino en seis oportunidades, en su mayor\u00eda, vinculado a infraestructura como puertos, fibra \u00f3ptica, rutas, parques industriales, entre otras obras. De este modo, se relaciona al aparato productivo provincial.<\/p>\n\n\n\n<p>En las palabras de Vald\u00e9s se destaca gesti\u00f3n, que se menciona en ocho ocasiones ante la Asamblea Legislativa. Se entiende aqu\u00ed en un sentido amplio, no meramente administrativo, sino tambi\u00e9n de pol\u00edticas program\u00e1ticas que trasciende el periodo de gobierno.<\/p>\n\n\n\n<p>&#8220;Como dije, voy a solicitar el acompa\u00f1amiento de este cuerpo y de todo el pueblo de Corrientes, porque no se trata de apoyar una gesti\u00f3n, se trata de construir el futuro entre todos&#8221;, interpel\u00f3 el titular del Ejecutivo Provincial al cierre de su discurso.<\/p>\n\n\n\n<p>Enfatizar la idea de correntinidad form\u00f3 parte de los discursos de gesti\u00f3n tanto de Ricardo Colombi, como de Arturo Colombi y de Gustavo Vald\u00e9s. Habitualmente, para diferenciarse de la administraci\u00f3n nacional, de un signo pol\u00edtico diferente a la Provincia.<\/p>\n\n\n\n<p>En el caso del primer Mandatario mencionado, se construy\u00f3 un discurso en torno a abandonar el pasado, tras la crisis de 99\u0092 que deriv\u00f3 en la Intervenci\u00f3n Federal. Fue el \u00fanico de plena ruptura con gestiones anteriores.<\/p>\n\n\n\n<p>En el caso de Vald\u00e9s, en 2017 hizo menci\u00f3n a los ejes de modernizaci\u00f3n, desarrollo e inclusi\u00f3n social. \u00c9stos los acompa\u00f1aron, pr\u00e1cticamente a lo largo de sus dos mandatos. En 2018, ante la Asamblea Legislativa, reiter\u00f3 estos puntos y enarbol\u00f3 el lema &#8220;Corrientes somos todos&#8221;, como ahora lo sostiene su hermano. Nuevamente, una interpelaci\u00f3n a una construcci\u00f3n colectiva con fuerte rasgo identitario.<\/p>\n\n\n\n<p>Esto se mantuvo en 2021 cuando asumi\u00f3 por segunda vez. Corrientes se menciona en 12 oportunidades, y correntinos en 13. Provincia, a su vez, se menciona en ocho ocasiones. De este modo se mantiene un n\u00facleo identitario y territorial firme. Entonces, adem\u00e1s se agreg\u00f3 pa\u00eds y Rep\u00fablica de Argentina, en consonancia con la proyecci\u00f3n nacional que mantuvo el exmandatario provincial.<\/p>\n\n\n\n<p>Otros de los puntos estrat\u00e9gicos del discurso de asunci\u00f3n vinculado al eje gobierno, pol\u00edtica y democracia fueron Gobierno\/ gesti\u00f3n y democracia. Un concepto sobresaliente y habitual en el discurso de Gustavo Vald\u00e9s fue federalismo y autonom\u00eda provincial, uno de los principales reclamos.<\/p>\n\n\n\n<p>No obstante, trabajo y desarrollo fueron ejes centrales en el discurso tras la jura de Gustavo Vald\u00e9s en 2021. Estos se plasmaron en ideas como trabajo\/empleo, desarrollo, progreso y futuro; producci\u00f3n y productividad, econom\u00eda, inversiones y empresas, como as\u00ed modelo de desarrollo.<\/p>\n\n\n\n<p>Ese a\u00f1o, a su vez, estuvo signado por la salida de la pandemia de COVID-19, por lo que salud, pandemia y vacunaci\u00f3n, formaron parte de los enunciados del entonces mandatario provincial.<\/p>\n","protected":false},"excerpt":{"rendered":"<p>Ante la Asamblea Legislativa, el Gobernador mantuvo la idea de continuidad de la gesti\u00f3n anterior y de prevalencia del n\u00facleo conceptual vinculado a la identidad provincial. La particularidad de Juan&hellip; <\/p>\n","protected":false},"author":4,"featured_media":239714,"comment_status":"closed","ping_status":"open","sticky":false,"template":"","format":"standard","meta":{"footnotes":""},"categories":[23],"tags":[],"class_list":["post-239713","post","type-post","status-publish","format-standard","has-post-thumbnail","hentry","category-actualidad"],"_links":{"self":[{"href":"https:\/\/corrientesdetarde.com\/index.php\/wp-json\/wp\/v2\/posts\/239713","targetHints":{"allow":["GET"]}}],"collection":[{"href":"https:\/\/corrientesdetarde.com\/index.php\/wp-json\/wp\/v2\/posts"}],"about":[{"href":"https:\/\/corrientesdetarde.com\/index.php\/wp-json\/wp\/v2\/types\/post"}],"author":[{"embeddable":true,"href":"https:\/\/corrientesdetarde.com\/index.php\/wp-json\/wp\/v2\/users\/4"}],"replies":[{"embeddable":true,"href":"https:\/\/corrientesdetarde.com\/index.php\/wp-json\/wp\/v2\/comments?post=239713"}],"version-history":[{"count":1,"href":"https:\/\/corrientesdetarde.com\/index.php\/wp-json\/wp\/v2\/posts\/239713\/revisions"}],"predecessor-version":[{"id":239715,"href":"https:\/\/corrientesdetarde.com\/index.php\/wp-json\/wp\/v2\/posts\/239713\/revisions\/239715"}],"wp:featuredmedia":[{"embeddable":true,"href":"https:\/\/corrientesdetarde.com\/index.php\/wp-json\/wp\/v2\/media\/239714"}],"wp:attachment":[{"href":"https:\/\/corrientesdetarde.com\/index.php\/wp-json\/wp\/v2\/media?parent=239713"}],"wp:term":[{"taxonomy":"category","embeddable":true,"href":"https:\/\/corrientesdetarde.com\/index.php\/wp-json\/wp\/v2\/categories?post=239713"},{"taxonomy":"post_tag","embeddable":true,"href":"https:\/\/corrientesdetarde.com\/index.php\/wp-json\/wp\/v2\/tags?post=239713"}],"curies":[{"name":"wp","href":"https:\/\/api.w.org\/{rel}","templated":true}]}}