{"id":239716,"date":"2025-12-14T12:03:18","date_gmt":"2025-12-14T15:03:18","guid":{"rendered":"https:\/\/corrientesdetarde.com\/?p=239716"},"modified":"2025-12-14T12:03:30","modified_gmt":"2025-12-14T15:03:30","slug":"san-roque-cocina-futuro-una-escuela-que-forma-chefs-y-activa-gastronomia","status":"publish","type":"post","link":"https:\/\/corrientesdetarde.com\/index.php\/cultura\/san-roque-cocina-futuro-una-escuela-que-forma-chefs-y-activa-gastronomia\/","title":{"rendered":"San Roque cocina futuro: una escuela que forma chefs y activa gastronom\u00eda"},"content":{"rendered":"\n<p>En la Escuela Profesional T\u00e9cnica, el profesor Walter Sarabia impulsa &#8220;Del aula al plato&#8221;, una experiencia que convierte el aprendizaje en pr\u00e1ctica real. Con productos locales, trabajo en equipo y mirada tur\u00edstica, la gastronom\u00eda se vuelve educaci\u00f3n y horizonte laboral.<\/p>\n\n\n\n<p>En la localidad de San Roque, la cocina empez\u00f3 a ocupar un lugar inesperado: el del futuro. Pero no como una met\u00e1fora, sino como pr\u00e1ctica concreta.<\/p>\n\n\n\n<p>En la Escuela Profesional T\u00e9cnica &#8220;Remedios de Escalada de San Mart\u00edn&#8221;, un proyecto educativo transform\u00f3 el cierre del ciclo lectivo en una experiencia integral que uni\u00f3 formaci\u00f3n, identidad local y comunidad. El impulsor es Walter Sarabia, profesor de cocina y chef con 25 a\u00f1os de trayectoria en el rubro gastron\u00f3mico, quien resume el esp\u00edritu de la iniciativa con una frase sencilla: &#8220;Del aula al plato&#8221;.<\/p>\n\n\n\n<p>As\u00ed, en San Roque, la cocina ya no es solo un aula: es un plato servido, una comunidad reunida y un futuro que empieza a tomar sabor.<\/p>\n\n\n\n<p>&#8220;Mi nombre es Walter Sarabia, soy egresado del Instituto General de Gastronom\u00eda de la provincia de Buenos Aires&#8221;, se present\u00f3 en la charla. Su recorrido profesional incluye dos d\u00e9cadas de trabajo en restaurantes, cocinas y comedores industriales dentro y fuera del pa\u00eds. &#8220;Estuve en Colombia, Chile, Paraguay, siempre con la gastronom\u00eda, con platos t\u00edpicos de cada lugar&#8221;, cont\u00f3 Walter.<\/p>\n\n\n\n<p>Esa experiencia hoy se vuelca en la formaci\u00f3n de j\u00f3venes de San Roque con un objetivo claro: que la escuela sea un puente directo hacia el mundo laboral.<\/p>\n\n\n\n<h2 class=\"wp-block-heading\">Disparador<\/h2>\n\n\n\n<p>El proyecto &#8220;Del aula al plato&#8221; no surgi\u00f3 de un d\u00eda para el otro. &#8220;Esta idea viene amas\u00e1ndose de hace un tiempo, un par de a\u00f1os&#8221;, explic\u00f3 Sarabia. El disparador fue una evaluaci\u00f3n final, pero en poco tiempo el alcance fue mucho mayor. &#8220;Es una evaluaci\u00f3n que se hace para los chicos de cocina para terminar el a\u00f1o para terminar su carrera&#8221;, dijo y r\u00e1pidamente aclar\u00f3 que la propuesta apunta a algo m\u00e1s profundo: &#8220;La idea es fomentar el turismo y la gastronom\u00eda en la zona&#8221;.<\/p>\n\n\n\n<p>La experiencia consisti\u00f3 en la organizaci\u00f3n de una cena completa de tres o cuatro pasos gastron\u00f3micos elaborada \u00edntegramente por los estudiantes. Pero no solo cocinaron. &#8220;Ellos se hacen cargo de todo: la publicidad previa, el armado, la log\u00edstica, cocinar y servir las comidas en el momento&#8221;, detall\u00f3 el docente.<\/p>\n\n\n\n<p>En ese proceso, los alumnos enfrentaron una cocina real, con exigencias concretas. &#8220;Saber c\u00f3mo se desempe\u00f1an, saber c\u00f3mo es una cocina, trabajar con mucha gente, trabajar para mucha gente, llegar a la exigencia m\u00e1xima en los horarios, en c\u00f3mo nunca hay tiempo para nada&#8221;, describi\u00f3 el profe.<\/p>\n\n\n\n<h2 class=\"wp-block-heading\">Fuego propio<\/h2>\n\n\n\n<p>Los platos se elaboraron con productos t\u00edpicos de la zona reforzando el v\u00ednculo entre gastronom\u00eda e identidad local. &#8220;Todo lo que hicimos fue con productos de ac\u00e1&#8221;, acentu\u00f3 Sarabia. El trabajo se extendi\u00f3 durante uno o dos meses y fue posible gracias al compromiso colectivo. &#8220;Se hizo todo en base al trabajo y al compromiso de los chicos, para hacer algo que realmente les sirva como gastron\u00f3micos&#8221;, afirm\u00f3.<\/p>\n\n\n\n<p>La respuesta de la comunidad super\u00f3 las expectativas. &#8220;Gracias a Dios tuvimos mucha concurrencia de toda la ciudadan\u00eda&#8221;, subray\u00f3.<\/p>\n\n\n\n<h2 class=\"wp-block-heading\">Restaurante<\/h2>\n\n\n\n<p>Participaron profesores, exalumnos y vecinos en general. La escuela por una noche se convirti\u00f3 en restaurante y punto de encuentro confirmando que la gastronom\u00eda puede ser tambi\u00e9n una herramienta de integraci\u00f3n social.<\/p>\n\n\n\n<p>Para Sarabia, el balance es claro. &#8220;Estamos muy contentos con la realizaci\u00f3n de \u0091Del aula al plato\u0092 porque consideramos que despu\u00e9s de esto se abren muchos canales gastron\u00f3micos que queremos empezar a caminar&#8221;, se\u00f1al\u00f3.<\/p>\n\n\n\n<p>Entre las proyecciones aparecen ideas que nacen de los propios estudiantes. &#8220;La idea grande de los chicos es armar un catering que sea netamente de alumnos y profesores, para tenerlo ac\u00e1 en la localidad&#8221;, indic\u00f3 el profesor.<\/p>\n\n\n\n<p>Otra propuesta que toma fuerza es la creaci\u00f3n de un polo gastron\u00f3mico. &#8220;Un espacio donde los gastron\u00f3micos puedan desenvolverse, trabajar con sus productos y venderlos&#8221;, explic\u00f3.<\/p>\n\n\n\n<p>El eje \u0096insisti\u00f3\u0097 es mostrar que la gastronom\u00eda es una oportunidad concreta.<\/p>\n\n\n\n<h2 class=\"wp-block-heading\">Salida laboral<\/h2>\n\n\n\n<p><br>&#8220;La idea es que los chicos se den cuenta de que la gastronom\u00eda es una salida laboral muy r\u00e1pida y muy amplia&#8221;, indic\u00f3.<\/p>\n\n\n\n<p>Restaurantes, casas de comida, catering o emprendimientos propios aparecen como caminos posibles. &#8220;Saber que pueden generar y hacer todo eso sin ning\u00fan problema, con todas las ense\u00f1anzas y la pr\u00e1ctica que uno va adquiriendo&#8221;, resumi\u00f3.<\/p>\n\n\n\n<h2 class=\"wp-block-heading\">Formaci\u00f3n<\/h2>\n\n\n\n<p><br>En un contexto donde la formaci\u00f3n t\u00e9cnica cobra cada vez m\u00e1s relevancia, la experiencia de San Roque pone en valor el rol de la escuela p\u00fablica como espacio de innovaci\u00f3n y arraigo. &#8220;Incluir a los chicos en el ambiente laboral, m\u00e1s que nada en el \u00e1mbito privado&#8221;, define Sarabia, convencido de que la educaci\u00f3n debe dialogar con la realidad productiva.<\/p>\n\n\n\n<p>El proyecto no termina con esta primera edici\u00f3n. &#8220;Esto es algo que se va a quedar, algo que vamos a hacer anualmente y que a futuro seguramente va a ser cada vez m\u00e1s grande&#8221;, concluy\u00f3 entusiasmado el profesor.<\/p>\n","protected":false},"excerpt":{"rendered":"<p>En la Escuela Profesional T\u00e9cnica, el profesor Walter Sarabia impulsa &#8220;Del aula al plato&#8221;, una experiencia que convierte el aprendizaje en pr\u00e1ctica real. Con productos locales, trabajo en equipo y&hellip; <\/p>\n","protected":false},"author":4,"featured_media":239717,"comment_status":"closed","ping_status":"open","sticky":false,"template":"","format":"standard","meta":{"footnotes":""},"categories":[15],"tags":[],"class_list":["post-239716","post","type-post","status-publish","format-standard","has-post-thumbnail","hentry","category-cultura"],"_links":{"self":[{"href":"https:\/\/corrientesdetarde.com\/index.php\/wp-json\/wp\/v2\/posts\/239716","targetHints":{"allow":["GET"]}}],"collection":[{"href":"https:\/\/corrientesdetarde.com\/index.php\/wp-json\/wp\/v2\/posts"}],"about":[{"href":"https:\/\/corrientesdetarde.com\/index.php\/wp-json\/wp\/v2\/types\/post"}],"author":[{"embeddable":true,"href":"https:\/\/corrientesdetarde.com\/index.php\/wp-json\/wp\/v2\/users\/4"}],"replies":[{"embeddable":true,"href":"https:\/\/corrientesdetarde.com\/index.php\/wp-json\/wp\/v2\/comments?post=239716"}],"version-history":[{"count":1,"href":"https:\/\/corrientesdetarde.com\/index.php\/wp-json\/wp\/v2\/posts\/239716\/revisions"}],"predecessor-version":[{"id":239718,"href":"https:\/\/corrientesdetarde.com\/index.php\/wp-json\/wp\/v2\/posts\/239716\/revisions\/239718"}],"wp:featuredmedia":[{"embeddable":true,"href":"https:\/\/corrientesdetarde.com\/index.php\/wp-json\/wp\/v2\/media\/239717"}],"wp:attachment":[{"href":"https:\/\/corrientesdetarde.com\/index.php\/wp-json\/wp\/v2\/media?parent=239716"}],"wp:term":[{"taxonomy":"category","embeddable":true,"href":"https:\/\/corrientesdetarde.com\/index.php\/wp-json\/wp\/v2\/categories?post=239716"},{"taxonomy":"post_tag","embeddable":true,"href":"https:\/\/corrientesdetarde.com\/index.php\/wp-json\/wp\/v2\/tags?post=239716"}],"curies":[{"name":"wp","href":"https:\/\/api.w.org\/{rel}","templated":true}]}}