{"id":239722,"date":"2025-12-14T12:27:45","date_gmt":"2025-12-14T15:27:45","guid":{"rendered":"https:\/\/corrientesdetarde.com\/?p=239722"},"modified":"2025-12-14T12:27:52","modified_gmt":"2025-12-14T15:27:52","slug":"sordera-leer-el-adn-abre-una-puerta-a-tratamientos-ineditos","status":"publish","type":"post","link":"https:\/\/corrientesdetarde.com\/index.php\/actualidad\/sordera-leer-el-adn-abre-una-puerta-a-tratamientos-ineditos\/","title":{"rendered":"SORDERA: LEER EL ADN ABRE UNA PUERTA A TRATAMIENTOS IN\u00c9DITOS"},"content":{"rendered":"\n<p>Un grupo de chicos naci\u00f3 sin audici\u00f3n. Sus familias preguntaban lo obvio: \u00bfqu\u00e9 les pasa? Tras haber pasado por un estudio multic\u00e9ntrico de gen\u00e9tica, llegaron a mejoras auditivas medibles. La pieza que faltaba apareci\u00f3 con algo tan invisible como poderoso: la lectura del ADN.<\/p>\n\n\n\n<p>Un grupo de chicos naci\u00f3 sin audici\u00f3n. Sus familias preguntaban lo obvio: \u00bfqu\u00e9 les pasa? Tras haber pasado por un estudio multic\u00e9ntrico de gen\u00e9tica, llegaron a mejoras auditivas medibles. La pieza que faltaba apareci\u00f3 con algo tan invisible como poderoso: la lectura del ADN.<br>Im\u00e1genes Ilustrativas (Freepik)<\/p>\n\n\n\n<p>Durante a\u00f1os, los diagn\u00f3sticos tradicionales confirmaban la p\u00e9rdida auditiva, pero no pod\u00edan explicar el por qu\u00e9. &#8220;Sin la causa, el tratamiento se decide a ciegas&#8221;, indica Adri\u00e1n Turjanski, investigador del CONICET y director cient\u00edfico del test GEN360. Al revelar el motivo exacto, la ciencia pudo ensayar una terapia pensada para ese problema y no para \u201cla sordera\u201d en general.<\/p>\n\n\n\n<p>La importancia de leer el ADN<br>El desarrollo madurativo y los precarios estudios cl\u00ednicos al nacer permiten detectar ciertas anomal\u00edas en los primeros a\u00f1os de vida. \u201cEn el caso de los ni\u00f1os que no oyen, los signos aparecen temprano: no responden a la voz, no giran ante un sonido, el desarrollo del lenguaje se frena. Los estudios cl\u00e1sicos confirman una p\u00e9rdida auditiva profunda, pero no explican por qu\u00e9\u201d, indica Adri\u00e1n Turjanski.Comprar bestsellers<\/p>\n\n\n\n<p>Es aqu\u00ed donde los test gen\u00e9ticos cumplen un rol fundamental por su capacidad para leer conjuntos amplios de genes. Actualmente ayudan en la toma de decisiones sobre nutrici\u00f3n, prevenci\u00f3n de enfermedades, metabolismo y macronutrientes, se\u00f1ales de riesgo cardiometab\u00f3lico relativo, entre otros. \u201cLos test modernos no prometen certezas m\u00e1gicas, pero ofrecen evidencia personal para decidir mejor\u201d, destaca Turjanski. Y agrega: \u201cal igual que en esta investigaci\u00f3n, primero debemos entender la biolog\u00eda y despu\u00e9s elegir la acci\u00f3n\u201d.<\/p>\n\n\n\n<p>Dise\u00f1ar la terapia correcta<br>As\u00ed entra en juego la secuenciaci\u00f3n. \u201cUn un simple test alcanza para transformar las letras del genoma en datos. Con bioinform\u00e1tica, esos datos se comparan con una referencia y se buscan variantes (cambios) que expliquen el cuadro\u201d, sugiere el investigador. En estos chicos, el laboratorio encuentra el mismo culpable: mutaciones bial\u00e9licas en OTOF, el gen que codifica otoferlina, prote\u00edna clave para que las c\u00e9lulas ciliadas internas del o\u00eddo \u201centreguen\u201d la se\u00f1al sonora al nervio auditivo.<\/p>\n\n\n\n<p>El identificar el defecto en el gen OTOF permiti\u00f3 a equipos cl\u00ednicos y de industria probar una terapia g\u00e9nica local, DB-OTO. &#8220;La l\u00f3gica es simple de decir y compleja de hacer: se coloca una copia &#8216;funcional&#8217; del gen en el o\u00eddo para que las c\u00e9lulas ciliadas internas vuelvan a producir la prote\u00edna y se restablezca la transmisi\u00f3n del sonido&#8221;, detalla Turjanski. Esta intervenci\u00f3n precisa, emparentada con la cirug\u00eda de implante coclear, se realiza mediante infusi\u00f3n intracoclear utilizando un vector AAV1.<\/p>\n","protected":false},"excerpt":{"rendered":"<p>Un grupo de chicos naci\u00f3 sin audici\u00f3n. Sus familias preguntaban lo obvio: \u00bfqu\u00e9 les pasa? Tras haber pasado por un estudio multic\u00e9ntrico de gen\u00e9tica, llegaron a mejoras auditivas medibles. La&hellip; <\/p>\n","protected":false},"author":11,"featured_media":239723,"comment_status":"closed","ping_status":"open","sticky":false,"template":"","format":"standard","meta":{"footnotes":""},"categories":[23],"tags":[],"class_list":["post-239722","post","type-post","status-publish","format-standard","has-post-thumbnail","hentry","category-actualidad"],"_links":{"self":[{"href":"https:\/\/corrientesdetarde.com\/index.php\/wp-json\/wp\/v2\/posts\/239722","targetHints":{"allow":["GET"]}}],"collection":[{"href":"https:\/\/corrientesdetarde.com\/index.php\/wp-json\/wp\/v2\/posts"}],"about":[{"href":"https:\/\/corrientesdetarde.com\/index.php\/wp-json\/wp\/v2\/types\/post"}],"author":[{"embeddable":true,"href":"https:\/\/corrientesdetarde.com\/index.php\/wp-json\/wp\/v2\/users\/11"}],"replies":[{"embeddable":true,"href":"https:\/\/corrientesdetarde.com\/index.php\/wp-json\/wp\/v2\/comments?post=239722"}],"version-history":[{"count":1,"href":"https:\/\/corrientesdetarde.com\/index.php\/wp-json\/wp\/v2\/posts\/239722\/revisions"}],"predecessor-version":[{"id":239724,"href":"https:\/\/corrientesdetarde.com\/index.php\/wp-json\/wp\/v2\/posts\/239722\/revisions\/239724"}],"wp:featuredmedia":[{"embeddable":true,"href":"https:\/\/corrientesdetarde.com\/index.php\/wp-json\/wp\/v2\/media\/239723"}],"wp:attachment":[{"href":"https:\/\/corrientesdetarde.com\/index.php\/wp-json\/wp\/v2\/media?parent=239722"}],"wp:term":[{"taxonomy":"category","embeddable":true,"href":"https:\/\/corrientesdetarde.com\/index.php\/wp-json\/wp\/v2\/categories?post=239722"},{"taxonomy":"post_tag","embeddable":true,"href":"https:\/\/corrientesdetarde.com\/index.php\/wp-json\/wp\/v2\/tags?post=239722"}],"curies":[{"name":"wp","href":"https:\/\/api.w.org\/{rel}","templated":true}]}}