{"id":239729,"date":"2025-12-14T13:33:00","date_gmt":"2025-12-14T16:33:00","guid":{"rendered":"https:\/\/corrientesdetarde.com\/?p=239729"},"modified":"2025-12-14T13:33:05","modified_gmt":"2025-12-14T16:33:05","slug":"mercedes-dictaron-la-condena-al-ex-intendente-caram-y-suspendieron-al-concejal-sanchez","status":"publish","type":"post","link":"https:\/\/corrientesdetarde.com\/index.php\/actualidad\/mercedes-dictaron-la-condena-al-ex-intendente-caram-y-suspendieron-al-concejal-sanchez\/","title":{"rendered":"Mercedes: dictaron la condena al ex intendente Caram y suspendieron al concejal S\u00e1nchez"},"content":{"rendered":"\n<p>El juez Vega fij\u00f3 las penas tras el juicio de cesura y orden\u00f3 la suspensi\u00f3n inmediata del edil.<\/p>\n\n\n\n<p>El juez de juicio subrogante Mart\u00edn Jos\u00e9 Vega dict\u00f3 este viernes las condenas contra el exintendente de Mercedes Diego Mart\u00edn Caram y el concejal Roberto Carlos S\u00e1nchez, luego de conocerse las conclusiones del juicio de cesura. En el mismo fallo, orden\u00f3 la suspensi\u00f3n inmediata de S\u00e1nchez en su cargo dentro del Concejo Deliberante.<\/p>\n\n\n\n<p>La causa ya hab\u00eda determinado la responsabilidad penal de Caram por el delito de desobediencia a la autoridad, y la de S\u00e1nchez por abuso de autoridad. Tras deliberar, el magistrado impuso a Caram una pena de siete meses de prisi\u00f3n, que se dio por cumplida debido al tiempo que permaneci\u00f3 detenido durante el proceso.<\/p>\n\n\n\n<p>En los fundamentos, el juez explic\u00f3 que el monto de la pena se aleja del m\u00ednimo legal por la trayectoria pol\u00edtica del condenado y por la existencia de una condena previa no firme, aunque rechaz\u00f3 aplicar la inhabilitaci\u00f3n para ejercer cargos p\u00fablicos solicitada por la fiscal\u00eda.<\/p>\n\n\n\n<p>En cuanto a S\u00e1nchez, el fallo dispuso una pena de dos meses de prisi\u00f3n en suspenso y orden\u00f3 su suspensi\u00f3n inmediata como concejal de la ciudad de Mercedes, en cumplimiento de la normativa vigente.<\/p>\n\n\n\n<p>La sentencia cierra una etapa clave del proceso judicial y tendr\u00e1 impacto directo en la composici\u00f3n del Concejo Deliberante mercede\u00f1o.<\/p>\n","protected":false},"excerpt":{"rendered":"<p>El juez Vega fij\u00f3 las penas tras el juicio de cesura y orden\u00f3 la suspensi\u00f3n inmediata del edil. El juez de juicio subrogante Mart\u00edn Jos\u00e9 Vega dict\u00f3 este viernes las&hellip; <\/p>\n","protected":false},"author":4,"featured_media":239730,"comment_status":"closed","ping_status":"open","sticky":false,"template":"","format":"standard","meta":{"footnotes":""},"categories":[23],"tags":[],"class_list":["post-239729","post","type-post","status-publish","format-standard","has-post-thumbnail","hentry","category-actualidad"],"_links":{"self":[{"href":"https:\/\/corrientesdetarde.com\/index.php\/wp-json\/wp\/v2\/posts\/239729","targetHints":{"allow":["GET"]}}],"collection":[{"href":"https:\/\/corrientesdetarde.com\/index.php\/wp-json\/wp\/v2\/posts"}],"about":[{"href":"https:\/\/corrientesdetarde.com\/index.php\/wp-json\/wp\/v2\/types\/post"}],"author":[{"embeddable":true,"href":"https:\/\/corrientesdetarde.com\/index.php\/wp-json\/wp\/v2\/users\/4"}],"replies":[{"embeddable":true,"href":"https:\/\/corrientesdetarde.com\/index.php\/wp-json\/wp\/v2\/comments?post=239729"}],"version-history":[{"count":1,"href":"https:\/\/corrientesdetarde.com\/index.php\/wp-json\/wp\/v2\/posts\/239729\/revisions"}],"predecessor-version":[{"id":239731,"href":"https:\/\/corrientesdetarde.com\/index.php\/wp-json\/wp\/v2\/posts\/239729\/revisions\/239731"}],"wp:featuredmedia":[{"embeddable":true,"href":"https:\/\/corrientesdetarde.com\/index.php\/wp-json\/wp\/v2\/media\/239730"}],"wp:attachment":[{"href":"https:\/\/corrientesdetarde.com\/index.php\/wp-json\/wp\/v2\/media?parent=239729"}],"wp:term":[{"taxonomy":"category","embeddable":true,"href":"https:\/\/corrientesdetarde.com\/index.php\/wp-json\/wp\/v2\/categories?post=239729"},{"taxonomy":"post_tag","embeddable":true,"href":"https:\/\/corrientesdetarde.com\/index.php\/wp-json\/wp\/v2\/tags?post=239729"}],"curies":[{"name":"wp","href":"https:\/\/api.w.org\/{rel}","templated":true}]}}