{"id":239735,"date":"2025-12-14T16:38:18","date_gmt":"2025-12-14T19:38:18","guid":{"rendered":"https:\/\/corrientesdetarde.com\/?p=239735"},"modified":"2025-12-14T16:38:33","modified_gmt":"2025-12-14T19:38:33","slug":"choque-entre-dos-autos-que-circulaban-a-alta-velocidad","status":"publish","type":"post","link":"https:\/\/corrientesdetarde.com\/index.php\/locales\/choque-entre-dos-autos-que-circulaban-a-alta-velocidad\/","title":{"rendered":"Choque entre dos autos que circulaban a alta velocidad"},"content":{"rendered":"\n<p>En horas tempranas de la ma\u00f1ana de este&nbsp;<strong>domingo&nbsp;<\/strong>se registr\u00f3 un&nbsp;<strong>accidente de tr\u00e1nsito&nbsp;<\/strong>en la localidad correntina de&nbsp;<strong>Monte Caseros<\/strong>&nbsp;donde&nbsp;<strong>dos autom\u00f3viles colisionaron<\/strong>&nbsp;entre si.&nbsp;<\/p>\n\n\n\n<p>El siniestro se registr\u00f3 en la inmediaciones de&nbsp;las calles&nbsp;<strong>Eva Duarte y Uruguay.&nbsp;<\/strong><\/p>\n\n\n\n<p>Seg\u00fan&nbsp;un&nbsp;<strong>video captado por un vecino con su tel\u00e9fono celular<\/strong>, segundos antes del impacto&nbsp;<strong>uno de los veh\u00edculos circulaba a alta velocidad y realizando maniobras peligrosas<\/strong>, lo que hab\u00eda sido determinante en el siniestro.<\/p>\n\n\n\n<p>Tras el choque,&nbsp;<strong>personal policial y los servicios de emergencia<\/strong>&nbsp;se hicieron presentes en el lugar para&nbsp;<strong>asistir a los involucrados<\/strong>&nbsp;y&nbsp;<strong>ordenar el tr\u00e1nsito<\/strong>, que permaneci\u00f3 parcialmente interrumpido durante varios minutos.<\/p>\n\n\n\n<p>Hasta el momento,&nbsp;<strong>no se inform\u00f3 oficialmente el estado de salud<\/strong>&nbsp;de los conductores de los veh\u00edculos involucrados.<\/p>\n\n\n\n<p>En tanto, las autoridades contin\u00faan trabajando para&nbsp;<strong>establecer las circunstancias exactas<\/strong>&nbsp;en las que se produjo el hecho y determinar eventuales responsabilidades.<\/p>\n","protected":false},"excerpt":{"rendered":"<p>En horas tempranas de la ma\u00f1ana de este&nbsp;domingo&nbsp;se registr\u00f3 un&nbsp;accidente de tr\u00e1nsito&nbsp;en la localidad correntina de&nbsp;Monte Caseros&nbsp;donde&nbsp;dos autom\u00f3viles colisionaron&nbsp;entre si.&nbsp; El siniestro se registr\u00f3 en la inmediaciones de&nbsp;las calles&nbsp;Eva Duarte&hellip; <\/p>\n","protected":false},"author":1,"featured_media":239736,"comment_status":"closed","ping_status":"open","sticky":false,"template":"","format":"standard","meta":{"footnotes":""},"categories":[8],"tags":[],"class_list":["post-239735","post","type-post","status-publish","format-standard","has-post-thumbnail","hentry","category-locales"],"_links":{"self":[{"href":"https:\/\/corrientesdetarde.com\/index.php\/wp-json\/wp\/v2\/posts\/239735","targetHints":{"allow":["GET"]}}],"collection":[{"href":"https:\/\/corrientesdetarde.com\/index.php\/wp-json\/wp\/v2\/posts"}],"about":[{"href":"https:\/\/corrientesdetarde.com\/index.php\/wp-json\/wp\/v2\/types\/post"}],"author":[{"embeddable":true,"href":"https:\/\/corrientesdetarde.com\/index.php\/wp-json\/wp\/v2\/users\/1"}],"replies":[{"embeddable":true,"href":"https:\/\/corrientesdetarde.com\/index.php\/wp-json\/wp\/v2\/comments?post=239735"}],"version-history":[{"count":1,"href":"https:\/\/corrientesdetarde.com\/index.php\/wp-json\/wp\/v2\/posts\/239735\/revisions"}],"predecessor-version":[{"id":239737,"href":"https:\/\/corrientesdetarde.com\/index.php\/wp-json\/wp\/v2\/posts\/239735\/revisions\/239737"}],"wp:featuredmedia":[{"embeddable":true,"href":"https:\/\/corrientesdetarde.com\/index.php\/wp-json\/wp\/v2\/media\/239736"}],"wp:attachment":[{"href":"https:\/\/corrientesdetarde.com\/index.php\/wp-json\/wp\/v2\/media?parent=239735"}],"wp:term":[{"taxonomy":"category","embeddable":true,"href":"https:\/\/corrientesdetarde.com\/index.php\/wp-json\/wp\/v2\/categories?post=239735"},{"taxonomy":"post_tag","embeddable":true,"href":"https:\/\/corrientesdetarde.com\/index.php\/wp-json\/wp\/v2\/tags?post=239735"}],"curies":[{"name":"wp","href":"https:\/\/api.w.org\/{rel}","templated":true}]}}