{"id":239810,"date":"2025-12-15T15:01:38","date_gmt":"2025-12-15T18:01:38","guid":{"rendered":"https:\/\/corrientesdetarde.com\/?p=239810"},"modified":"2025-12-15T15:01:50","modified_gmt":"2025-12-15T18:01:50","slug":"racing-se-rearma-tras-perder-el-campeonato-el-futuro-de-costas-y-los-dos-refuerzos-que-llegan","status":"publish","type":"post","link":"https:\/\/corrientesdetarde.com\/index.php\/deportes\/racing-se-rearma-tras-perder-el-campeonato-el-futuro-de-costas-y-los-dos-refuerzos-que-llegan\/","title":{"rendered":"Racing se rearma tras perder el campeonato: el futuro de Costas y los dos refuerzos que llegan"},"content":{"rendered":"\n<p>El plantel de la Academia volver\u00e1 a los entrenamientos los primeros d\u00edas de enero.<\/p>\n\n\n\n<p>En\u00a0<strong>Racing<\/strong>\u00a0es tiempo de reflexi\u00f3n. El dolor por la derrota ante Estudiantes y la p\u00e9rdida del campeonato a\u00fan perdura y perece dif\u00edcil encarar nuevamente el camino. Sin embargo, el f\u00fatbol es un lugar donde el tiempo no sobra y\u00a0<strong>la necesidad de planear la nueva temporada est\u00e1 latente.<\/strong><\/p>\n\n\n\n<p>Para la dirigencia acad\u00e9mica,&nbsp;<strong>la prioridad principal es Gustavo Costas.<\/strong>&nbsp;El entrenador tiene la renovaci\u00f3n sobre la mesa (se la ofrecieron tras la derrota ante Flamengo en las semifinales de la Copa Libertadores), pero a\u00fan no hay respuestas. Para el DT es tambi\u00e9n un tiempo de reflexi\u00f3n.<\/p>\n\n\n\n<figure class=\"wp-block-image\"><img decoding=\"async\" src=\"https:\/\/tn.com.ar\/resizer\/v2\/para-la-dirigencia-academica-la-prioridad-principal-pasa-por-saber-que-pasara-con-gustavo-costas-fotoefe-SPM2HX5DFBAWZLQKA76IQ6K45E.jpg?auth=ba79241c3943ebeef987a931c0135aaa327975a6832a134e20e5e788185ec53f&amp;width=767\" alt=\"Para la dirigencia acad\u00e9mica la prioridad principal pasa por saber qu\u00e9 pasar\u00e1 con Gustavo Costas. (Foto:EFE)\"\/><\/figure>\n\n\n\n<p>En cuanto al plantel ya hay dos bajas confirmadas y una que est\u00e1 por verse.&nbsp;<strong>Facundo Mura<\/strong>, uno de los que se hab\u00eda ganado el puesto de titular en los \u00faltimos meses, decidi\u00f3 no renovar el v\u00ednculo y se ir\u00e1 al Inter Miami junto con Lionel Messi.&nbsp;<strong>Gabriel Arias<\/strong>, por su parte, decidi\u00f3 desvincularse y suena como refuerzo de Argentinos Juniors.<\/p>\n\n\n\n<p>P\u00e1rrafo aparte merece la situaci\u00f3n de&nbsp;<strong>Luciano Vietto<\/strong>, que casi no jug\u00f3 en el semestre, afectado por una gran cantidad de lesiones. Al delantero se le termina el v\u00ednculo y&nbsp;<strong>la dirigencia a\u00fan no se comunic\u00f3 con su entorno para una posible renovaci\u00f3n.<\/strong>&nbsp;Su futuro est\u00e1 en duda.<\/p>\n\n\n\n<figure class=\"wp-block-image\"><img decoding=\"async\" src=\"https:\/\/tn.com.ar\/resizer\/v2\/aun-no-se-sabe-si-vietto-continuara-en-racing-reuterscristina-sille-T3AYOCNT2GXFEJ6LT5QWIT6XN4.jpg?auth=bf89ccd482b1baf09c2cb54967d54dc1087b0e7726930c1efa1b88943398b287&amp;width=767\" alt=\"A\u00fan no se sabe si Vietto continuar\u00e1 en Racing. REUTERS\/Cristina Sille\"\/><\/figure>\n\n\n\n<p>En cuanto a los refuerzos, a\u00fan no hay nombres dando vueltas. Sin embargo, ya se sabe que hay dos jugadores que vuelven de sus pr\u00e9stamos que ser\u00e1n tenidos en cuenta para la pretemporada. El primero es&nbsp;<strong>Mat\u00edas Tagliamonte<\/strong>, que llegar\u00e1 para ser suplente de Facundo Cambeses. Tras una gran temporada en Uni\u00f3n, el arquero volver\u00e1 a tener una chance en la Academia.<\/p>\n\n\n\n<p>Adem\u00e1s, tambi\u00e9n debe volver de su pr\u00e9stamo el colombiano&nbsp;<strong>Johan Carbonero<\/strong>, que no se quedar\u00e1 en el Inter de Brasil. Pese a ser uno de los habituales titulares en el conjunto de Belo Horizonte, el club no comprar\u00e1 el pase. El extremo ser\u00eda del gusto del cuerpo t\u00e9cnico y un muy buen refuerzo de cara a la nueva temporada.<\/p>\n\n\n\n<figure class=\"wp-block-image\"><img decoding=\"async\" src=\"https:\/\/tn.com.ar\/resizer\/v2\/johan-carbonero-debe-volver-a-racing-tras-finalizar-su-prestamo-en-el-inter-de-brasil-reutersdiego-vara-L27SBBKL4W7FF7PHYT6IGFOQA4.jpg?auth=bd7c3817b9f14ff6d2c29b31c36386e7c14ad6ce9dddf89c075017de72e6cb99&amp;width=767\" alt=\"Johan Carbonero debe volver a Racing tras finalizar su pr\u00e9stamo en el Inter de Brasil. REUTERS\/Diego Vara\"\/><\/figure>\n\n\n\n<p>Por \u00faltimo, resta definir la situaci\u00f3n de&nbsp;<strong>Baltazar Rodr\u00edguez<\/strong>. El volante termin\u00f3 como titular en el Inter Miami, pero debe volver a la Academia. Sin embargo, el club de la MLS est\u00e1 dispuesto a desembolsar dinero para comprar parte del pase. Las charlas est\u00e1n en curso.<\/p>\n\n\n\n<p>Despu\u00e9s del subcampeonato, el plantel de Racing arrancar\u00e1 sus vacaciones y volver\u00e1 a los entrenamientos los primeros d\u00edas de enero. A\u00fan resta saber si Gustavo Costas aceptar\u00e1 la renovaci\u00f3n que le puso sobre la mesa la dirigencia encabezada por Diego Milito, o si decide poner fin a su exitoso ciclo.<\/p>\n","protected":false},"excerpt":{"rendered":"<p>El plantel de la Academia volver\u00e1 a los entrenamientos los primeros d\u00edas de enero. En\u00a0Racing\u00a0es tiempo de reflexi\u00f3n. El dolor por la derrota ante Estudiantes y la p\u00e9rdida del campeonato&hellip; <\/p>\n","protected":false},"author":8,"featured_media":239811,"comment_status":"closed","ping_status":"open","sticky":false,"template":"","format":"standard","meta":{"footnotes":""},"categories":[4],"tags":[],"class_list":["post-239810","post","type-post","status-publish","format-standard","has-post-thumbnail","hentry","category-deportes"],"_links":{"self":[{"href":"https:\/\/corrientesdetarde.com\/index.php\/wp-json\/wp\/v2\/posts\/239810","targetHints":{"allow":["GET"]}}],"collection":[{"href":"https:\/\/corrientesdetarde.com\/index.php\/wp-json\/wp\/v2\/posts"}],"about":[{"href":"https:\/\/corrientesdetarde.com\/index.php\/wp-json\/wp\/v2\/types\/post"}],"author":[{"embeddable":true,"href":"https:\/\/corrientesdetarde.com\/index.php\/wp-json\/wp\/v2\/users\/8"}],"replies":[{"embeddable":true,"href":"https:\/\/corrientesdetarde.com\/index.php\/wp-json\/wp\/v2\/comments?post=239810"}],"version-history":[{"count":1,"href":"https:\/\/corrientesdetarde.com\/index.php\/wp-json\/wp\/v2\/posts\/239810\/revisions"}],"predecessor-version":[{"id":239812,"href":"https:\/\/corrientesdetarde.com\/index.php\/wp-json\/wp\/v2\/posts\/239810\/revisions\/239812"}],"wp:featuredmedia":[{"embeddable":true,"href":"https:\/\/corrientesdetarde.com\/index.php\/wp-json\/wp\/v2\/media\/239811"}],"wp:attachment":[{"href":"https:\/\/corrientesdetarde.com\/index.php\/wp-json\/wp\/v2\/media?parent=239810"}],"wp:term":[{"taxonomy":"category","embeddable":true,"href":"https:\/\/corrientesdetarde.com\/index.php\/wp-json\/wp\/v2\/categories?post=239810"},{"taxonomy":"post_tag","embeddable":true,"href":"https:\/\/corrientesdetarde.com\/index.php\/wp-json\/wp\/v2\/tags?post=239810"}],"curies":[{"name":"wp","href":"https:\/\/api.w.org\/{rel}","templated":true}]}}