{"id":239813,"date":"2025-12-15T15:12:46","date_gmt":"2025-12-15T18:12:46","guid":{"rendered":"https:\/\/corrientesdetarde.com\/?p=239813"},"modified":"2025-12-15T15:12:58","modified_gmt":"2025-12-15T18:12:58","slug":"diversas-academias-y-estudios-de-danzas-cierran-el-2025-con-galas-en-el-teatro-vera","status":"publish","type":"post","link":"https:\/\/corrientesdetarde.com\/index.php\/cultura\/diversas-academias-y-estudios-de-danzas-cierran-el-2025-con-galas-en-el-teatro-vera\/","title":{"rendered":"Diversas academias y estudios de danzas cierran el 2025 con galas en el Teatro Vera"},"content":{"rendered":"\n<p>Esta semana, el Teatro Oficial Juan de Vera ser\u00e1 el epicentro de diversas galas de fin de a\u00f1o de academias e instituciones formativas del sector de la danza de Corrientes, destinadas a alumnos y familiares y al p\u00fablico en general para exponer y dar a conocer el trabajo realizado durante todo el a\u00f1o<\/p>\n\n\n\n<p>El Teatro Oficial Juan de Vera ser\u00e1 esta semana el punto de encuentro entre instituciones y academias de danzas de los m\u00e1s diversos g\u00e9neros y el p\u00fablico, con el desarrollo de las galas de fin de a\u00f1o pensadas para exhibir el trabajo llevado adelante por cada una de ellas durante el a\u00f1o junto a sus alumnos, dirigidas al p\u00fablico en general.<\/p>\n\n\n\n<p>De esta manera, el Vera vuelve a ser el espacio por autonomasia para la puesta en escena del trabajo de formaci\u00f3n que cada casa de estudios ha desarrollado durante este 2025 en el sector de la danza, una oportunidad para conocer y apreciar la producci\u00f3n art\u00edstica local.<\/p>\n\n\n\n<p>Este lunes 15, desde las 21 y bajo direcci\u00f3n de Juan Carlos Godoy, Mainumby Arte y Ballet presenta \u201cChe Argentina Por\u00e3\u201d. El martes 16, desde las 21, la academia Baila Conmigo Studio, con direcci\u00f3n de Diego L\u00f3pez, celebra 10 a\u00f1os de trayectoria con una propuesta que recorre la historia de la academia, marcada por las emociones y los ritmos diversos.<\/p>\n\n\n\n<p>La obra, en varios cuadros coreogr\u00e1ficos y en palabras de L\u00f3pez \u201cabrir\u00e1 con un cuadro sobre la chispa inicial, lo que nos llev\u00f3 a ponernos en movimiento; pasando a otro cuadro sobre el precio del \u00e9xito, en torno a las competencias, en un tercer cuadro interpretamos el renacer entre luces, donde ahondamos en el arte en su origen y la b\u00fasqueda del trabajo en comunidad, para pasar al pulso del rock, denostando la rebeld\u00eda y energ\u00eda que nos permite renovarnos, para cerrar con una s\u00edntesis del camino recorrido, donde se unen las edades y las almas en un solo cuadro para dar cuenta de lo que es Baila conmigo. Las entradas pueden adquirirse en Catamarca 1058, de 19 a 22.<\/p>\n\n\n\n<p>El mi\u00e9rcoles 17, desde las 21&nbsp;el estudio de danzas Karina Centurion- Filial Paquita G\u00f3mez pone en escena &#8220;El espectro de la danza&#8221;, un viaje a trav\u00e9s del movimiento y la emoci\u00f3n, con las academias de Ricardo Sosa, Romina Acosta Davis, Susana Barreto y Karina Lencinas como invitadas especiales. Las entradas se adquieren al tel\u00e9fono 3794-257674.<\/p>\n\n\n\n<p>El jueves 18, desde las&nbsp;&nbsp; hs. Reverance Ballet Studio, a cargo de Gabriela Camargo, presenta \u201cEl Cascanueces\u201d junto a la Orquesta Sinf\u00f3nica de la provincia de Corrientes, con entradas a la venta en Pellegrini 1037 de 19 a 21.<\/p>\n\n\n\n<p>Cabe destacar que las presentaciones de las academias y sus galas de fin de a\u00f1o iniciaron en el mes de noviembre, con ArteStudio a cargo de Lucia Toledo, a sala llena, presentando \u201cEl Universo de Alicia\u201d y Litoral Ballet, bajo direcci\u00f3n de Carlos Centuri\u00f3n, con la gala bajo el nombre de \u201cAndando Caminos\u201d.<\/p>\n","protected":false},"excerpt":{"rendered":"<p>Esta semana, el Teatro Oficial Juan de Vera ser\u00e1 el epicentro de diversas galas de fin de a\u00f1o de academias e instituciones formativas del sector de la danza de Corrientes,&hellip; <\/p>\n","protected":false},"author":8,"featured_media":239814,"comment_status":"closed","ping_status":"open","sticky":false,"template":"","format":"standard","meta":{"footnotes":""},"categories":[15],"tags":[],"class_list":["post-239813","post","type-post","status-publish","format-standard","has-post-thumbnail","hentry","category-cultura"],"_links":{"self":[{"href":"https:\/\/corrientesdetarde.com\/index.php\/wp-json\/wp\/v2\/posts\/239813","targetHints":{"allow":["GET"]}}],"collection":[{"href":"https:\/\/corrientesdetarde.com\/index.php\/wp-json\/wp\/v2\/posts"}],"about":[{"href":"https:\/\/corrientesdetarde.com\/index.php\/wp-json\/wp\/v2\/types\/post"}],"author":[{"embeddable":true,"href":"https:\/\/corrientesdetarde.com\/index.php\/wp-json\/wp\/v2\/users\/8"}],"replies":[{"embeddable":true,"href":"https:\/\/corrientesdetarde.com\/index.php\/wp-json\/wp\/v2\/comments?post=239813"}],"version-history":[{"count":1,"href":"https:\/\/corrientesdetarde.com\/index.php\/wp-json\/wp\/v2\/posts\/239813\/revisions"}],"predecessor-version":[{"id":239815,"href":"https:\/\/corrientesdetarde.com\/index.php\/wp-json\/wp\/v2\/posts\/239813\/revisions\/239815"}],"wp:featuredmedia":[{"embeddable":true,"href":"https:\/\/corrientesdetarde.com\/index.php\/wp-json\/wp\/v2\/media\/239814"}],"wp:attachment":[{"href":"https:\/\/corrientesdetarde.com\/index.php\/wp-json\/wp\/v2\/media?parent=239813"}],"wp:term":[{"taxonomy":"category","embeddable":true,"href":"https:\/\/corrientesdetarde.com\/index.php\/wp-json\/wp\/v2\/categories?post=239813"},{"taxonomy":"post_tag","embeddable":true,"href":"https:\/\/corrientesdetarde.com\/index.php\/wp-json\/wp\/v2\/tags?post=239813"}],"curies":[{"name":"wp","href":"https:\/\/api.w.org\/{rel}","templated":true}]}}