{"id":239816,"date":"2025-12-15T15:17:55","date_gmt":"2025-12-15T18:17:55","guid":{"rendered":"https:\/\/corrientesdetarde.com\/?p=239816"},"modified":"2025-12-15T15:18:05","modified_gmt":"2025-12-15T18:18:05","slug":"historicas-inundaciones-en-bolivia-al-menos-20-muertos-y-decenas-de-desaparecidos-tras-lluvias-torrenciales","status":"publish","type":"post","link":"https:\/\/corrientesdetarde.com\/index.php\/internacionales\/historicas-inundaciones-en-bolivia-al-menos-20-muertos-y-decenas-de-desaparecidos-tras-lluvias-torrenciales\/","title":{"rendered":"Hist\u00f3ricas inundaciones en Bolivia: al menos 20 muertos y decenas de desaparecidos tras lluvias torrenciales"},"content":{"rendered":"\n<p>Hay m\u00e1s de 2000 familias damnificadas. Se mantiene la alerta roja en la zona.<\/p>\n\n\n\n<p>Seg\u00fan informaron las autoridades, al menos 20 personas murieron y decenas est\u00e1n desaparecidas a causa de lluvias torrenciales y el desborde de r\u00edo Pira\u00ed en las afueras de la ciudad de Santa Cruz, en el este de Bolivia.<\/p>\n\n\n\n<p>\u201cLamentablemente (los datos oficiales) nos arrojan una cifra de 20 fallecidos. Tenemos decenas de desaparecidos\u201d, dijo el viceministro de Defensa Civil,&nbsp;<strong>Alfredo Troche<\/strong>, en entrevista con&nbsp;<em>Radio Panamericana<\/em>.<\/p>\n\n\n\n<p>Las fuertes lluvias provocaron la crecida del r\u00edo y las posteriores inundaciones que afectaron a las comunidades de El Torno y Colpa B\u00e9lgica, en Santa Cruz, la capital econ\u00f3mica de Bolivia.<\/p>\n\n\n\n<p>La alerta roja se mantiene en la zona ante la posibilidad de nuevas lluvias.<\/p>\n\n\n\n<h2 class=\"wp-block-heading\">\u201cMi hijo durmi\u00f3 en el techo\u201d<\/h2>\n\n\n\n<p>Hay m\u00e1s de 2000 familias damnificadas, a\u00f1adi\u00f3 Troche.&nbsp;<strong>Algunas personas terminaron aisladas en techos de casas y copas de \u00e1rboles&nbsp;<\/strong>en busca de refugio.<\/p>\n\n\n\n<p>\u201cMi hijo termin\u00f3 durmiendo en el techo\u201d, dijo&nbsp;<strong>Elia Castro<\/strong>, una profesora de El Torno. Su hijo, preso en un centro de detenci\u00f3n de menores, tuvo que alcanzar las alturas del edificio, junto con m\u00e1s de un centenar de reclusos.<\/p>\n\n\n\n<figure class=\"wp-block-image\"><img decoding=\"async\" src=\"https:\/\/tn.com.ar\/resizer\/v2\/una-mujer-busca-a-un-familiar-desaparecido-tras-fuertes-lluvias-en-el-torno-bolivia-foto-reutersipa-ibanez-ANSN2CVPDIZHT7OLFZ36TIHUOQ.jpg?auth=ab545a042897d993055da31a3fc5270554e913bc6c811f7cb490d549aa75158e&amp;width=767\" alt=\"Una mujer busca a un familiar desaparecido tras fuertes lluvias en El Torno, Bolivia (Foto: REUTERS\/Ipa Iba\u00f1ez)\"\/><\/figure>\n\n\n\n<p>Los organismos de rescate intensificaron la b\u00fasqueda de desaparecidos, en medio del pron\u00f3stico de nuevas precipitaciones.<\/p>\n\n\n\n<h2 class=\"wp-block-heading\">Gabinete de crisis<\/h2>\n\n\n\n<p>El fin de semana el presidente,&nbsp;<strong>Rodrigo Paz<\/strong>, instal\u00f3 un \u201cgabinete de crisis\u201d, integrado por ministerios y los altos mandos policiales y militares. Advirti\u00f3 que&nbsp;<strong>las lluvias persistir\u00edan y el pa\u00eds atravesar\u00eda un \u201cmomento muy complejo\u201d.<\/strong><\/p>\n\n\n\n<p>\u201cEn estos primeros d\u00edas de \u00e9poca de lluvia hemos batido todos los r\u00e9cords supuestos de los \u00faltimos 100 a\u00f1os\u201d, advirti\u00f3 el mandatario, que asumi\u00f3 el poder el 8 de noviembre.<\/p>\n\n\n\n<p>Brigadas de rescate a\u00fan trabajan para evacuar a las personas que se mantienen en el lugar. El domingo se evacuaron a 281 personas, seg\u00fan Defensa Civil.<\/p>\n\n\n\n<p>El Servicio Nacional de Meteorolog\u00eda e Hidrolog\u00eda (Senamhi) de Bolivia a\u00fan mantiene una&nbsp;<strong>alerta roja<\/strong>&nbsp;en la zona por \u201cascensos repentinos con alta probabilidad de desbordes\u201d en el r\u00edo Pira\u00ed, en Santa Cruz.<\/p>\n\n\n\n<p>Tambi\u00e9n alert\u00f3 de muy probables desbordes en el r\u00edo Maniqu\u00ed, en la regi\u00f3n amaz\u00f3nica de Beni, norte del pa\u00eds.<\/p>\n\n\n\n<p>La temporada de lluvias en Bolivia inicia por lo general en noviembre y se extiende hasta abril del siguiente a\u00f1o. La pasada temporada de lluvias, que empez\u00f3 en noviembre de 2024 y termin\u00f3 en abril de 2025, dej\u00f3 un total de 51 muertos, de acuerdo con datos oficiales.<\/p>\n\n\n\n<p><\/p>\n","protected":false},"excerpt":{"rendered":"<p>Hay m\u00e1s de 2000 familias damnificadas. Se mantiene la alerta roja en la zona. Seg\u00fan informaron las autoridades, al menos 20 personas murieron y decenas est\u00e1n desaparecidas a causa de&hellip; <\/p>\n","protected":false},"author":8,"featured_media":239817,"comment_status":"closed","ping_status":"open","sticky":false,"template":"","format":"standard","meta":{"footnotes":""},"categories":[11],"tags":[],"class_list":["post-239816","post","type-post","status-publish","format-standard","has-post-thumbnail","hentry","category-internacionales"],"_links":{"self":[{"href":"https:\/\/corrientesdetarde.com\/index.php\/wp-json\/wp\/v2\/posts\/239816","targetHints":{"allow":["GET"]}}],"collection":[{"href":"https:\/\/corrientesdetarde.com\/index.php\/wp-json\/wp\/v2\/posts"}],"about":[{"href":"https:\/\/corrientesdetarde.com\/index.php\/wp-json\/wp\/v2\/types\/post"}],"author":[{"embeddable":true,"href":"https:\/\/corrientesdetarde.com\/index.php\/wp-json\/wp\/v2\/users\/8"}],"replies":[{"embeddable":true,"href":"https:\/\/corrientesdetarde.com\/index.php\/wp-json\/wp\/v2\/comments?post=239816"}],"version-history":[{"count":1,"href":"https:\/\/corrientesdetarde.com\/index.php\/wp-json\/wp\/v2\/posts\/239816\/revisions"}],"predecessor-version":[{"id":239818,"href":"https:\/\/corrientesdetarde.com\/index.php\/wp-json\/wp\/v2\/posts\/239816\/revisions\/239818"}],"wp:featuredmedia":[{"embeddable":true,"href":"https:\/\/corrientesdetarde.com\/index.php\/wp-json\/wp\/v2\/media\/239817"}],"wp:attachment":[{"href":"https:\/\/corrientesdetarde.com\/index.php\/wp-json\/wp\/v2\/media?parent=239816"}],"wp:term":[{"taxonomy":"category","embeddable":true,"href":"https:\/\/corrientesdetarde.com\/index.php\/wp-json\/wp\/v2\/categories?post=239816"},{"taxonomy":"post_tag","embeddable":true,"href":"https:\/\/corrientesdetarde.com\/index.php\/wp-json\/wp\/v2\/tags?post=239816"}],"curies":[{"name":"wp","href":"https:\/\/api.w.org\/{rel}","templated":true}]}}