{"id":239876,"date":"2025-12-16T00:04:45","date_gmt":"2025-12-16T03:04:45","guid":{"rendered":"https:\/\/corrientesdetarde.com\/?p=239876"},"modified":"2025-12-16T08:06:13","modified_gmt":"2025-12-16T11:06:13","slug":"nobis-medical-inaugura-su-sucursal-en-corrientes-y-continua-con-su-crecimiento","status":"publish","type":"post","link":"https:\/\/corrientesdetarde.com\/index.php\/informacion-general\/nobis-medical-inaugura-su-sucursal-en-corrientes-y-continua-con-su-crecimiento\/","title":{"rendered":"Nobis Medical inaugura su sucursal en Corrientes y contin\u00faa con su crecimiento"},"content":{"rendered":"\n<p>La prepaga con m\u00e1s de 20 a\u00f1os de trayectoria consolida su red nacional y ofrece una propuesta de planes flexibles, con foco en la autogesti\u00f3n y el bienestar de los afiliados.<\/p>\n\n\n\n<p>Nobis Medical, con una trayectoria de m\u00e1s de 20 a\u00f1os y una red de servicios que alcanza a m\u00e1s de 135 mil afiliados, ha elegido Corrientes para seguir consolidando su crecimiento. La sede est\u00e1 ubicada en La Rioja 788, y busca ofrecer una atenci\u00f3n presencial y cercana a la comunidad local, demostrando su firme compromiso con la regi\u00f3n del Litoral.<\/p>\n\n\n\n<p>La llegada de Nobis trae una variabilidad de planes dise\u00f1ados para cada necesidad, garantizando que el acceso a la salud sea una prioridad para las familias. Adem\u00e1s, la empresa refuerza su presencia en el \u00e1mbito corporativo con su l\u00ednea empresarial, brindando beneficios especiales y soluciones integrales de bienestar para los colaboradores de las principales organizaciones de la provincia.<\/p>\n\n\n\n<p>En Nobis Medical, la inversi\u00f3n en tecnolog\u00eda es un pilar fundamental para mejorar la experiencia del usuario. La compa\u00f1\u00eda ha impulsado la mejora de la autogesti\u00f3n a trav\u00e9s de sus plataformas virtuales (App y web). De esta manera, los afiliados de Corrientes podr\u00e1n gestionar tr\u00e1mites, consultas y autorizaciones de manera simple y segura. Esta estrategia digital asegura la comodidad y la fluidez en el servicio, complementando la atenci\u00f3n presencial de la nueva sede.<\/p>\n\n\n\n<p>La apertura de la sucursal de Corrientes es un paso significativo en la estrategia de Nobis Medical para fortalecer su red de atenci\u00f3n nacional. Nobis te invita a sumarte a su cobertura, conoce m\u00e1s en&nbsp;&nbsp;<strong><a href=\"https:\/\/nobis.com.ar\/\">nobis.com.ar&nbsp;<\/a>&nbsp;<\/strong><\/p>\n","protected":false},"excerpt":{"rendered":"<p>La prepaga con m\u00e1s de 20 a\u00f1os de trayectoria consolida su red nacional y ofrece una propuesta de planes flexibles, con foco en la autogesti\u00f3n y el bienestar de los&hellip; <\/p>\n","protected":false},"author":4,"featured_media":239877,"comment_status":"closed","ping_status":"open","sticky":false,"template":"","format":"standard","meta":{"footnotes":""},"categories":[1],"tags":[],"class_list":["post-239876","post","type-post","status-publish","format-standard","has-post-thumbnail","hentry","category-informacion-general"],"_links":{"self":[{"href":"https:\/\/corrientesdetarde.com\/index.php\/wp-json\/wp\/v2\/posts\/239876","targetHints":{"allow":["GET"]}}],"collection":[{"href":"https:\/\/corrientesdetarde.com\/index.php\/wp-json\/wp\/v2\/posts"}],"about":[{"href":"https:\/\/corrientesdetarde.com\/index.php\/wp-json\/wp\/v2\/types\/post"}],"author":[{"embeddable":true,"href":"https:\/\/corrientesdetarde.com\/index.php\/wp-json\/wp\/v2\/users\/4"}],"replies":[{"embeddable":true,"href":"https:\/\/corrientesdetarde.com\/index.php\/wp-json\/wp\/v2\/comments?post=239876"}],"version-history":[{"count":1,"href":"https:\/\/corrientesdetarde.com\/index.php\/wp-json\/wp\/v2\/posts\/239876\/revisions"}],"predecessor-version":[{"id":239878,"href":"https:\/\/corrientesdetarde.com\/index.php\/wp-json\/wp\/v2\/posts\/239876\/revisions\/239878"}],"wp:featuredmedia":[{"embeddable":true,"href":"https:\/\/corrientesdetarde.com\/index.php\/wp-json\/wp\/v2\/media\/239877"}],"wp:attachment":[{"href":"https:\/\/corrientesdetarde.com\/index.php\/wp-json\/wp\/v2\/media?parent=239876"}],"wp:term":[{"taxonomy":"category","embeddable":true,"href":"https:\/\/corrientesdetarde.com\/index.php\/wp-json\/wp\/v2\/categories?post=239876"},{"taxonomy":"post_tag","embeddable":true,"href":"https:\/\/corrientesdetarde.com\/index.php\/wp-json\/wp\/v2\/tags?post=239876"}],"curies":[{"name":"wp","href":"https:\/\/api.w.org\/{rel}","templated":true}]}}