{"id":239922,"date":"2025-12-16T13:37:47","date_gmt":"2025-12-16T16:37:47","guid":{"rendered":"https:\/\/corrientesdetarde.com\/?p=239922"},"modified":"2025-12-16T13:37:59","modified_gmt":"2025-12-16T16:37:59","slug":"el-gobernador-valdes-reunio-a-su-gabinete-para-planificar-el-inicio-de-su-gestion","status":"publish","type":"post","link":"https:\/\/corrientesdetarde.com\/index.php\/locales\/el-gobernador-valdes-reunio-a-su-gabinete-para-planificar-el-inicio-de-su-gestion\/","title":{"rendered":"El gobernador Vald\u00e9s reuni\u00f3 a su Gabinete para planificar el inicio de su gesti\u00f3n"},"content":{"rendered":"\n<p>Este martes el gobernador Juan Pablo Vald\u00e9s mantuvo la primera reuni\u00f3n de Gabinete de su gesti\u00f3n en el Centro Administrativo ubicado en el barrio San Benito de Capital. All\u00ed, junto al vice Pedro Braillard Poccard, ministros y dem\u00e1s funcionarios se delinearon las prioridades y pasos a seguir en este nuevo gobierno.<\/p>\n\n\n\n<p>\u201cEl futuro de Corrientes se construye con di\u00e1logo, planificaci\u00f3n y trabajo en equipo\u201d, expres\u00f3 Vald\u00e9s v\u00eda redes sociales.<\/p>\n\n\n\n<p>Cabe recordar que el mandatario provincial hab\u00eda adelantado a la prensa que en los pr\u00f3ximos d\u00edas se completar\u00e1n las designaciones en las distintas \u00e1reas del Poder Ejecutivo para cerrar la estructura de gesti\u00f3n.<\/p>\n\n\n\n<p>Asimismo, destac\u00f3 el avance en la conformaci\u00f3n de los 14 ministerios durante la primera semana de gobierno, junto al Instituto de Cultura, la Direcci\u00f3n General de Catastro y la Direcci\u00f3n Provincial de Energ\u00eda de Corrientes.<\/p>\n\n\n\n<p>En cuanto al cierre del a\u00f1o, Vald\u00e9s hab\u00eda afirmado que la Provincia \u201ctermina bien, ordenada y equilibrada\u201d, y destac\u00f3 que ese escenario permite cumplir los objetivos de gesti\u00f3n sin comprometer las finanzas provinciales, apostando a la previsibilidad de cara al futuro.<\/p>\n\n\n\n<figure class=\"wp-block-image size-large\"><img loading=\"lazy\" decoding=\"async\" width=\"682\" height=\"1024\" src=\"https:\/\/corrientesdetarde.com\/wp-content\/uploads\/2025\/12\/image-389-682x1024.png\" alt=\"\" class=\"wp-image-239924\" srcset=\"https:\/\/corrientesdetarde.com\/wp-content\/uploads\/2025\/12\/image-389-682x1024.png 682w, https:\/\/corrientesdetarde.com\/wp-content\/uploads\/2025\/12\/image-389-200x300.png 200w, https:\/\/corrientesdetarde.com\/wp-content\/uploads\/2025\/12\/image-389-768x1153.png 768w, https:\/\/corrientesdetarde.com\/wp-content\/uploads\/2025\/12\/image-389-1023x1536.png 1023w, https:\/\/corrientesdetarde.com\/wp-content\/uploads\/2025\/12\/image-389.png 1364w\" sizes=\"auto, (max-width: 682px) 100vw, 682px\" \/><\/figure>\n","protected":false},"excerpt":{"rendered":"<p>Este martes el gobernador Juan Pablo Vald\u00e9s mantuvo la primera reuni\u00f3n de Gabinete de su gesti\u00f3n en el Centro Administrativo ubicado en el barrio San Benito de Capital. All\u00ed, junto&hellip; <\/p>\n","protected":false},"author":8,"featured_media":239923,"comment_status":"closed","ping_status":"open","sticky":false,"template":"","format":"standard","meta":{"footnotes":""},"categories":[8],"tags":[],"class_list":["post-239922","post","type-post","status-publish","format-standard","has-post-thumbnail","hentry","category-locales"],"_links":{"self":[{"href":"https:\/\/corrientesdetarde.com\/index.php\/wp-json\/wp\/v2\/posts\/239922","targetHints":{"allow":["GET"]}}],"collection":[{"href":"https:\/\/corrientesdetarde.com\/index.php\/wp-json\/wp\/v2\/posts"}],"about":[{"href":"https:\/\/corrientesdetarde.com\/index.php\/wp-json\/wp\/v2\/types\/post"}],"author":[{"embeddable":true,"href":"https:\/\/corrientesdetarde.com\/index.php\/wp-json\/wp\/v2\/users\/8"}],"replies":[{"embeddable":true,"href":"https:\/\/corrientesdetarde.com\/index.php\/wp-json\/wp\/v2\/comments?post=239922"}],"version-history":[{"count":1,"href":"https:\/\/corrientesdetarde.com\/index.php\/wp-json\/wp\/v2\/posts\/239922\/revisions"}],"predecessor-version":[{"id":239925,"href":"https:\/\/corrientesdetarde.com\/index.php\/wp-json\/wp\/v2\/posts\/239922\/revisions\/239925"}],"wp:featuredmedia":[{"embeddable":true,"href":"https:\/\/corrientesdetarde.com\/index.php\/wp-json\/wp\/v2\/media\/239923"}],"wp:attachment":[{"href":"https:\/\/corrientesdetarde.com\/index.php\/wp-json\/wp\/v2\/media?parent=239922"}],"wp:term":[{"taxonomy":"category","embeddable":true,"href":"https:\/\/corrientesdetarde.com\/index.php\/wp-json\/wp\/v2\/categories?post=239922"},{"taxonomy":"post_tag","embeddable":true,"href":"https:\/\/corrientesdetarde.com\/index.php\/wp-json\/wp\/v2\/tags?post=239922"}],"curies":[{"name":"wp","href":"https:\/\/api.w.org\/{rel}","templated":true}]}}