{"id":239926,"date":"2025-12-16T13:39:36","date_gmt":"2025-12-16T16:39:36","guid":{"rendered":"https:\/\/corrientesdetarde.com\/?p=239926"},"modified":"2025-12-16T13:39:49","modified_gmt":"2025-12-16T16:39:49","slug":"corrientes-se-lanza-a-reafirmar-nuestra-identidad-al-mundo-con-10-noches-de-fiesta-nacional-del-chamame","status":"publish","type":"post","link":"https:\/\/corrientesdetarde.com\/index.php\/cultura\/corrientes-se-lanza-a-reafirmar-nuestra-identidad-al-mundo-con-10-noches-de-fiesta-nacional-del-chamame\/","title":{"rendered":"Corrientes se lanza a \u201creafirmar nuestra identidad al mundo\u201d con 10 noches de Fiesta Nacional del Chamam\u00e9"},"content":{"rendered":"\n<p><em>\u201cPatrimonio cultural inmaterial de la humanidad es mucho m\u00e1s que un t\u00edtulo internacional: es la posibilidad de mostrar en un plano global qui\u00e9nes somos y c\u00f3mo somos los correntinos\u201d, evalu\u00f3 Lourdes S\u00e1nchez, Presidente del Instituto de Cultura de Corrientes, al recordar la fecha y anticipar algunos proyectos vinculados con la presentaci\u00f3n de la 35\u00ba edici\u00f3n de la FNCH durante la jornada.<\/em><\/p>\n\n\n\n<p>En este 16 de diciembre, fecha en que se cumplen 5 a\u00f1os de la declaraci\u00f3n de la Unesco al Chamam\u00e9 como Patrimonio Cultural Inmaterial de la Humanidad en una recordada sesi\u00f3n que se vivi\u00f3 con emoci\u00f3n en 2020, la nueva presidente del Instituto de Cultura se alista para presentar durante la tarde un homenaje especial al g\u00e9nero, y anunciar algunos detalles de c\u00f3mo ser\u00e1, en un mes, la edici\u00f3n n\u00famero 35\u00ba de la Fiesta Nacional, que lleva este a\u00f1o el lema de \u201crefugio de nuestra identidad\u201d.<\/p>\n\n\n\n<p>\u201cFue un momento trascendental para nuestra cultura\u201d, record\u00f3 la funcionaria, quien hasta hace pocos d\u00edas se desempe\u00f1aba como directora del Teatro oficial Juan de Vera. \u201cSe dio en un contexto totalmente at\u00edpico: en plena pandemia, con muchas restricciones. Justo cuando el mundo se par\u00f3, la cultura sigui\u00f3 avanzando, y lleg\u00f3 esa gran noticia, en especial para los correntinos\u201d, sostuvo.<\/p>\n\n\n\n<p>A\u00fan residiendo en Buenos Aires, S\u00e1nchez coment\u00f3 haber compartido la alegr\u00eda con amigos y familiares a la distancia y a trav\u00e9s de redes sociales. \u201cEse hecho fue en el Teatro Vera, cuando el entonces gobernador Gustavo Vald\u00e9s, quien siempre apost\u00f3 por nuestra cultura, compart\u00eda la noticia en medio de la transmisi\u00f3n de la sesi\u00f3n de la UNESCO en que se comunic\u00f3 la declaraci\u00f3n. Parec\u00eda todo ciencia ficci\u00f3n, aquel sapucay en el Teatro fue el abrazo que necesit\u00e1bamos en medio del distanciamiento, una enchamigada en la alegr\u00eda\u201d, apunt\u00f3.<\/p>\n\n\n\n<p>Con emoci\u00f3n, la bailarina y actual presidente del organismo de cultura provincial, rememor\u00f3 la fecha: \u201cun hecho que simboliza mucho m\u00e1s que un t\u00edtulo internacional: es la afirmaci\u00f3n al mundo de nuestra identidad, de contarles a todos qui\u00e9nes somos y c\u00f3mo somos\u201d, asegur\u00f3.<\/p>\n\n\n\n<p><strong>El orgullo expansivo de la correntinidad<\/strong><\/p>\n\n\n\n<p>Con solo pocos d\u00edas en funciones y la cuenta regresiva para la celebraci\u00f3n de la Fiesta Nacional del Chamam\u00e9 en plena gestaci\u00f3n, S\u00e1nchez valor\u00f3 positivamente \u201ctodo el trabajo impecable e intenso\u201d que hizo hasta ahora la provincia en la difusi\u00f3n del g\u00e9nero. Y garantiz\u00f3 su compromiso por \u201cpoder expandirlo\u201d. \u201cAhora que estamos preparando la Fiesta, empezamos a hablar con artistas nacionales que no son de nuestro g\u00e9nero para componer la grilla, y pasa algo casi un\u00e1nime: todos hablan con gran respeto del chamam\u00e9. Y ese respeto lo impusimos nosotros, los correntinos. Sienten, al ser convocados, que pasan a ser parte del algo grande. Y anhelo que ese orgullo colectivo se extienda a otras provincias y a otros pa\u00edses\u201d, apunt\u00f3.<\/p>\n\n\n\n<p>\u201cMe compromet\u00ed a seguir ese camino, reafirmando nuestra identidad y potenciando a nuestros aristas. Y sobre todo, a trabajar en equipo, que es algo en lo que creo mucho: soy humilde a la hora de convocar a expertos, para que todos vayamos por el mismo camino de transcender\u201d, asegur\u00f3.<\/p>\n\n\n\n<p>En ese sentido, adelant\u00f3 que desde el equipo de trabajo \u201cya se proyectan un mont\u00f3n de actividades en Corrientes, en Buenos Aires y en otras fiestas del pa\u00eds, porque llevar el chamam\u00e9 al mundo es mi sue\u00f1o y mi gran desaf\u00edo\u201d, sostuvo.<\/p>\n\n\n\n<p><strong>Actividades in\u00e9ditas<\/strong><\/p>\n\n\n\n<p>\u201cChamam\u00e9 tiene que haber todo el a\u00f1o en toda la provincia\u201d, valor\u00f3 S\u00e1nchez, a la vez que destac\u00f3 la manera especial en que se vive la m\u00fasica y la danza de los correntinos en cada localidad. \u201cQuiz\u00e1s tengamos tiempo de hacer algo que nunca se hizo en una Fiesta: creo que va a marcar un hito para el chamam\u00e9 y para nuestra cultura\u201d, desliz\u00f3. \u201cLo empezamos a charlar y ojal\u00e1 se pueda concretar: tiene que ver con una actividad de fomentar el chamam\u00e9 en una rama espec\u00edfica del arte. Me gusta que la Fiesta, aunque tenga su epicentro en el Anfiteatro, nos invite a realizar otras actividades colectivas en diferentes puntos de la ciudad y de la provincia\u201d, adelant\u00f3.<\/p>\n\n\n\n<p>As\u00ed, del 16 al 25 de enero, la propuesta se expandir\u00e1 desde el Anfiteatro hacia \u201cm\u00faltiples dispositivos territoriales como bailantas y enchamigadas, acciones culturales y actividades para llevar al chamam\u00e9 a distintos espacios. Adem\u00e1s contaremos tanto con los artistas renombrados de nuestra m\u00fasica, como otros invitados de otros g\u00e9neros, y a quienes participaron y fueron seleccionados en las instancias de pre fiesta\u201d, confirm\u00f3.<\/p>\n\n\n\n<p><strong>Cultura para quedarse<\/strong><\/p>\n\n\n\n<p>A la hora de proyectar al futuro su tarea de gesti\u00f3n, Lourdes S\u00e1nchez apel\u00f3 a la visi\u00f3n desarrollista que marc\u00f3 la impronta del ex gobernador Gustavo Vald\u00e9s, y tambi\u00e9n comparte el gobernador Juan Pablo Vald\u00e9s, adem\u00e1s potenciada por una \u201csensibilidad hacia los j\u00f3venes\u201d, indic\u00f3.<\/p>\n\n\n\n<p>\u201cComparto en que la cultura y la identidad tambi\u00e9n sea un elemento para impulsar ese crecimiento. Hay nuevos espacios para la cultura y el arte, y la provincia est\u00e1 hoy m\u00e1s pujante y linda que nunca. Tiene todo el potencial para que se conozca a\u00fan m\u00e1s nuestra oferta en turismo, y la cultura es un motor de desarrollo: lo he comprobado en este a\u00f1o y medio en el Teatro Vera, desde donde trascendimos el escenario y generamos proyectos para restaurar y reactivar centros culturales, llevamos actividades y capacitaciones con el programa Vera Itinerante, y eso es importante para los artistas locales y para motorizar una econom\u00eda en el sector cultural. Somos privilegiados en tener un gobierno que apoya a la cultura, que no lo ve como gasto sino como una inversi\u00f3n para generar trabajo, conocimiento y desarrollo\u201d, opin\u00f3.<\/p>\n\n\n\n<p>As\u00ed mismo, apel\u00f3 un fragmento del discurso del gobernador Juan Pablo Vald\u00e9s en el acto de traspaso de mando. \u201cHabl\u00f3 de que no quiere que los j\u00f3venes se vayan, que se queden a trabajar ac\u00e1. A m\u00ed me qued\u00f3, porque en 2008 me tuve que ir porque sent\u00eda que no me pod\u00eda desarrollar en lo que so\u00f1aba, que era vivir del arte, ser bailarina y que ese fuera mi trabajo. Tuve que separarme de mi familia, de mis amigos y costumbres para ir a buscar oportunidades lejos de mi casa. Hoy Corrientes est\u00e1 totalmente preparada para que los j\u00f3venes &nbsp;no se tengan que ir. Y ojal\u00e1 desde el Instituto de Cultura podamos formar parte de eso\u201d, expres\u00f3 al final.<\/p>\n","protected":false},"excerpt":{"rendered":"<p>\u201cPatrimonio cultural inmaterial de la humanidad es mucho m\u00e1s que un t\u00edtulo internacional: es la posibilidad de mostrar en un plano global qui\u00e9nes somos y c\u00f3mo somos los correntinos\u201d, evalu\u00f3&hellip; <\/p>\n","protected":false},"author":8,"featured_media":239927,"comment_status":"closed","ping_status":"open","sticky":false,"template":"","format":"standard","meta":{"footnotes":""},"categories":[15],"tags":[],"class_list":["post-239926","post","type-post","status-publish","format-standard","has-post-thumbnail","hentry","category-cultura"],"_links":{"self":[{"href":"https:\/\/corrientesdetarde.com\/index.php\/wp-json\/wp\/v2\/posts\/239926","targetHints":{"allow":["GET"]}}],"collection":[{"href":"https:\/\/corrientesdetarde.com\/index.php\/wp-json\/wp\/v2\/posts"}],"about":[{"href":"https:\/\/corrientesdetarde.com\/index.php\/wp-json\/wp\/v2\/types\/post"}],"author":[{"embeddable":true,"href":"https:\/\/corrientesdetarde.com\/index.php\/wp-json\/wp\/v2\/users\/8"}],"replies":[{"embeddable":true,"href":"https:\/\/corrientesdetarde.com\/index.php\/wp-json\/wp\/v2\/comments?post=239926"}],"version-history":[{"count":1,"href":"https:\/\/corrientesdetarde.com\/index.php\/wp-json\/wp\/v2\/posts\/239926\/revisions"}],"predecessor-version":[{"id":239928,"href":"https:\/\/corrientesdetarde.com\/index.php\/wp-json\/wp\/v2\/posts\/239926\/revisions\/239928"}],"wp:featuredmedia":[{"embeddable":true,"href":"https:\/\/corrientesdetarde.com\/index.php\/wp-json\/wp\/v2\/media\/239927"}],"wp:attachment":[{"href":"https:\/\/corrientesdetarde.com\/index.php\/wp-json\/wp\/v2\/media?parent=239926"}],"wp:term":[{"taxonomy":"category","embeddable":true,"href":"https:\/\/corrientesdetarde.com\/index.php\/wp-json\/wp\/v2\/categories?post=239926"},{"taxonomy":"post_tag","embeddable":true,"href":"https:\/\/corrientesdetarde.com\/index.php\/wp-json\/wp\/v2\/tags?post=239926"}],"curies":[{"name":"wp","href":"https:\/\/api.w.org\/{rel}","templated":true}]}}