{"id":239929,"date":"2025-12-16T13:44:14","date_gmt":"2025-12-16T16:44:14","guid":{"rendered":"https:\/\/corrientesdetarde.com\/?p=239929"},"modified":"2025-12-16T13:44:23","modified_gmt":"2025-12-16T16:44:23","slug":"corrientes-encontraron-el-cuerpo-de-un-hombre-con-una-herida-en-el-cuello-y-una-amoladora-ensangrentada","status":"publish","type":"post","link":"https:\/\/corrientesdetarde.com\/index.php\/sociales\/corrientes-encontraron-el-cuerpo-de-un-hombre-con-una-herida-en-el-cuello-y-una-amoladora-ensangrentada\/","title":{"rendered":"Corrientes: encontraron el cuerpo de un hombre con una herida en el cuello y una amoladora ensangrentada"},"content":{"rendered":"\n<p>Ten\u00eda 59 a\u00f1os y viv\u00eda en la localidad de Santo Tom\u00e9. Los vecinos advirtieron la situaci\u00f3n al notar que la puerta de la casa estaba abierta hac\u00eda dos d\u00edas.<\/p>\n\n\n\n<p>Un hombre de&nbsp;<strong>59 a\u00f1os<\/strong>&nbsp;fue hallado muerto con una&nbsp;<strong>herida en el cuello<\/strong>&nbsp;en el interior de su casa ubicada en la localidad de&nbsp;<strong>Santo Tom\u00e9<\/strong>, en Corrientes. Junto al cuerpo se encontraba una&nbsp;<strong>amoladora con manchas de sangre<\/strong>.<\/p>\n\n\n\n<p>La v\u00edctima fue identificada como&nbsp;<strong>Manuel Ram\u00f3n Aranda<\/strong>, y fue hallada tendida en el piso, con una&nbsp;<strong>grave lesi\u00f3n en el cuello<\/strong>&nbsp;y&nbsp;<strong>abundante sangre en el lugar<\/strong>.<\/p>\n\n\n\n<p>Seg\u00fan inform\u00f3&nbsp;<em>El Territorio,<\/em>&nbsp;el hallazgo se produjo el s\u00e1bado en la&nbsp;<strong>zona de Atalaya<\/strong>, luego de que un vecino advirtiera que<strong>&nbsp;la puerta de la vivienda permanec\u00eda abierta desde hac\u00eda dos d\u00edas.<\/strong><\/p>\n\n\n\n<p>Ante esa situaci\u00f3n, decidi\u00f3 ingresar al domicilio y encontr\u00f3 el cuerpo del hombre en el piso.<\/p>\n\n\n\n<figure class=\"wp-block-image\"><img decoding=\"async\" src=\"https:\/\/tn.com.ar\/resizer\/v2\/segun-informaron-medios-locales-la-amoladora-estaba-en-el-suelo-conectada-a-la-toma-electrica-mientras-la-justicia-investiga-las-circunstancias-del-hecho-foto-gentileza-diario-epoca-E3IJKS6UVBDO5LS2KJ2C4JAFKI.png?auth=2263e6bd2b0e7bb32f0fcdcf002be8823b21cef429b3caa8d835b8e5baa0a69f&amp;width=767\" alt=\"Seg\u00fan informaron medios locales, la amoladora estaba en el suelo, conectada a la toma el\u00e9ctrica, mientras la Justicia investiga las circunstancias del hecho. (Foto: gentileza Diario \u00c9poca)\"\/><\/figure>\n\n\n\n<p>De acuerdo con<em>\u00a0<\/em>la informaci\u00f3n, la amoladora estaba en el suelo, con manchas de sangre,\u00a0<strong>conectada a la toma el\u00e9ctrica<\/strong>\u00a0y\u00a0<strong>ubicada al lado del cuerpo<\/strong>, descripci\u00f3n que forma parte de las primeras actuaciones realizadas en la vivienda.<\/p>\n\n\n\n<p>La investigaci\u00f3n busca establecer c\u00f3mo se produjo el episodio. Seg\u00fan inform\u00f3 el sitio local<em>,<\/em>&nbsp;no se descarta que se haya tratado de un&nbsp;<strong>accidente dom\u00e9stico<\/strong>&nbsp;ni la&nbsp;<strong>posible intervenci\u00f3n de terceros<\/strong>, hip\u00f3tesis que forman parte de las l\u00edneas de an\u00e1lisis iniciales.<\/p>\n\n\n\n<p>Seg\u00fan la misma fuente,&nbsp;<strong>los investigadores, bajo la direcci\u00f3n de la Fiscal\u00eda en turno<\/strong>, contin\u00faan trabajando para determinar la&nbsp;<strong>din\u00e1mica exacta del hecho<\/strong>.<\/p>\n","protected":false},"excerpt":{"rendered":"<p>Ten\u00eda 59 a\u00f1os y viv\u00eda en la localidad de Santo Tom\u00e9. Los vecinos advirtieron la situaci\u00f3n al notar que la puerta de la casa estaba abierta hac\u00eda dos d\u00edas. Un&hellip; <\/p>\n","protected":false},"author":8,"featured_media":239930,"comment_status":"closed","ping_status":"open","sticky":false,"template":"","format":"standard","meta":{"footnotes":""},"categories":[17],"tags":[],"class_list":["post-239929","post","type-post","status-publish","format-standard","has-post-thumbnail","hentry","category-sociales"],"_links":{"self":[{"href":"https:\/\/corrientesdetarde.com\/index.php\/wp-json\/wp\/v2\/posts\/239929","targetHints":{"allow":["GET"]}}],"collection":[{"href":"https:\/\/corrientesdetarde.com\/index.php\/wp-json\/wp\/v2\/posts"}],"about":[{"href":"https:\/\/corrientesdetarde.com\/index.php\/wp-json\/wp\/v2\/types\/post"}],"author":[{"embeddable":true,"href":"https:\/\/corrientesdetarde.com\/index.php\/wp-json\/wp\/v2\/users\/8"}],"replies":[{"embeddable":true,"href":"https:\/\/corrientesdetarde.com\/index.php\/wp-json\/wp\/v2\/comments?post=239929"}],"version-history":[{"count":1,"href":"https:\/\/corrientesdetarde.com\/index.php\/wp-json\/wp\/v2\/posts\/239929\/revisions"}],"predecessor-version":[{"id":239931,"href":"https:\/\/corrientesdetarde.com\/index.php\/wp-json\/wp\/v2\/posts\/239929\/revisions\/239931"}],"wp:featuredmedia":[{"embeddable":true,"href":"https:\/\/corrientesdetarde.com\/index.php\/wp-json\/wp\/v2\/media\/239930"}],"wp:attachment":[{"href":"https:\/\/corrientesdetarde.com\/index.php\/wp-json\/wp\/v2\/media?parent=239929"}],"wp:term":[{"taxonomy":"category","embeddable":true,"href":"https:\/\/corrientesdetarde.com\/index.php\/wp-json\/wp\/v2\/categories?post=239929"},{"taxonomy":"post_tag","embeddable":true,"href":"https:\/\/corrientesdetarde.com\/index.php\/wp-json\/wp\/v2\/tags?post=239929"}],"curies":[{"name":"wp","href":"https:\/\/api.w.org\/{rel}","templated":true}]}}