{"id":240012,"date":"2025-12-16T21:50:57","date_gmt":"2025-12-17T00:50:57","guid":{"rendered":"https:\/\/corrientesdetarde.com\/?p=240012"},"modified":"2025-12-16T21:51:09","modified_gmt":"2025-12-17T00:51:09","slug":"el-senado-cerro-la-edicion-2025-de-mujeres-que-inspiran-mujeres-flor-de-loto","status":"publish","type":"post","link":"https:\/\/corrientesdetarde.com\/index.php\/eventos\/el-senado-cerro-la-edicion-2025-de-mujeres-que-inspiran-mujeres-flor-de-loto\/","title":{"rendered":"El Senado cerr\u00f3 la edici\u00f3n 2025 de \u201cMujeres que Inspiran \u2013 Mujeres Flor de Loto\u201d"},"content":{"rendered":"\n<p><br>En el Recinto de Sesiones de la C\u00e1mara de Senadores de la Provincia de Corrientes, y a trav\u00e9s de la Vicegobernaci\u00f3n, se realiz\u00f3 la \u00faltima jornada del a\u00f1o del ciclo \u201cMujeres que Inspiran \u2013 Mujeres Flor de Loto\u201d, coordinado por la profesora Silvia Pozo. El encuentro coron\u00f3 una edici\u00f3n que volvi\u00f3 a poner en valor el compromiso, la trayectoria y el aporte de mujeres correntinas en \u00e1mbitos diversos.<br>El vicegobernador Pedro Braillard Poccard encabez\u00f3 el acto y distingui\u00f3 a Mercedes Ome\u00f1uka, Adriana Portocala, Myrna Newman de Rey y Mirta Graciela Allende, destacando que el ciclo cumpli\u00f3 su tercer a\u00f1o consecutivo y que, a lo largo de ese tiempo, se escucharon m\u00e1s de sesenta testimonios que inspiran por su convicci\u00f3n, esfuerzo y vocaci\u00f3n transformadora.<\/p>\n\n\n\n<figure class=\"wp-block-image size-large\"><img loading=\"lazy\" decoding=\"async\" width=\"1024\" height=\"677\" src=\"https:\/\/corrientesdetarde.com\/wp-content\/uploads\/2025\/12\/Captura-de-pantalla-2025-12-16-214422-1024x677.png\" alt=\"\" class=\"wp-image-240015\" srcset=\"https:\/\/corrientesdetarde.com\/wp-content\/uploads\/2025\/12\/Captura-de-pantalla-2025-12-16-214422-1024x677.png 1024w, https:\/\/corrientesdetarde.com\/wp-content\/uploads\/2025\/12\/Captura-de-pantalla-2025-12-16-214422-300x198.png 300w, https:\/\/corrientesdetarde.com\/wp-content\/uploads\/2025\/12\/Captura-de-pantalla-2025-12-16-214422-768x508.png 768w, https:\/\/corrientesdetarde.com\/wp-content\/uploads\/2025\/12\/Captura-de-pantalla-2025-12-16-214422.png 1146w\" sizes=\"auto, (max-width: 1024px) 100vw, 1024px\" \/><\/figure>\n\n\n\n<p><br>En su mensaje, Braillard Poccard agradeci\u00f3 la presencia y los relatos compartidos, subrayando que \u201ccada historia confirma que lo m\u00e1s importante es la convicci\u00f3n con la que se hace y se proyecta lo que viene\u201d. Puso \u00e9nfasis en el rol de la actividad privada y en los desaf\u00edos log\u00edsticos y productivos que enfrenta la provincia, particularmente en sectores con gran potencial como la industria forestal, a la que defini\u00f3 como \u201cuna de las grandes esperanzas de desarrollo\u201d, siempre acompa\u00f1ada por un Estado que facilite y articule.<br>Tambi\u00e9n destac\u00f3 la universidad p\u00fablica como herramienta clave de movilidad social y abord\u00f3 los desaf\u00edos del envejecimiento poblacional, llamando a defender la dignidad del adulto mayor con acompa\u00f1amiento y respeto. En el cierre, valor\u00f3 la innovaci\u00f3n tecnol\u00f3gica y la inteligencia artificial aplicada al derecho, junto con la cultura y la literatura como expresiones identitarias que necesitan \u00e1mbitos para florecer.<br>TESTIMONIOS DE LAS HOMENAJEADAS<br>MERCEDES OME\u00d1UKA<br>Con emoci\u00f3n, relat\u00f3 su camino de reinvenci\u00f3n: \u201cLa vida me puso desaf\u00edos duros, pero siempre mir\u00e9 para adelante y dije s\u00ed se puede\u201d. Record\u00f3 el inicio desde una peque\u00f1a oficina y la decisi\u00f3n de emprender junto a su familia, diversificar, aprender y crecer con orden, tendiendo puentes entre el sector privado y el p\u00fablico. \u201cSi uno se prepara, pregunta y da ese pasito m\u00e1s, se aprende y se avanza\u201d, afirm\u00f3.<br>Ome\u00f1uka es Profesora en Ciencias Econ\u00f3micas, empresaria y presidenta de la AMAC desde hace casi dos d\u00e9cadas; vicepresidenta 3\u00aa de la FEC. Fund\u00f3 su empresa familiar en 2005. Distinguida como Mujer Empresaria por CAME (2019 y 2023) y Mujer Destacada del Sector (2023).<br>ADRIANA PORTOCALA<br>Comparti\u00f3 su vocaci\u00f3n temprana por la medicina y el sentido del servicio: \u201cCurar a veces, aliviar a menudo, acompa\u00f1ar siempre\u201d. Explic\u00f3 c\u00f3mo encontr\u00f3 en la geriatr\u00eda y los cuidados paliativos un modo de honrar a las personas y sus familias, aprendiendo del acompa\u00f1amiento hasta el final de la vida. \u201cNo somos un n\u00famero de cama; somos historias, v\u00ednculos, amor\u201d, sostuvo.<br>Portocala, es M\u00e9dica cirujana (UNNE), especialista en Medicina Geri\u00e1trica y formada en Cuidados Paliativos (Pallium Latinoam\u00e9rica). Dedicada al acompa\u00f1amiento integral de personas mayores y pacientes con enfermedades avanzadas.<br>MYRNA NEWMAN DE REY<br>A sus 88 a\u00f1os, expres\u00f3 gratitud y orgullo: \u201cEste reconocimiento me sorprendi\u00f3 y me honra\u201d. Evoc\u00f3 su vocaci\u00f3n docente y literaria, el amor por escribir y la alegr\u00eda de sembrar autores a trav\u00e9s del Taller Literario Tanaypo. \u201cLa mayor satisfacci\u00f3n es ver crecer a otros con la palabra\u201d, se\u00f1al\u00f3.<br>Myrna Newman de Rey es Escritora y docente, con 37 obras publicadas; expresidenta de SADE; fundadora del Taller Tanaypo. Reconocimientos como el Premio Borges, Car\u00e1u Dorado, Mujer Destacada en las Letras (2023) y M\u00e9rito de Ciudadana de la Capital (2024).<br>MIRTA GRACIELA ALLENDE<br>Con un relato de superaci\u00f3n y estudio permanente, agradeci\u00f3 el acompa\u00f1amiento recibido y remarc\u00f3 el valor de la educaci\u00f3n: \u201cLo \u00fanico que siempre tuve fue la cabeza y las ganas de aprender\u201d. Destac\u00f3 su recorrido desde una infancia humilde hasta convertirse en referente en innovaci\u00f3n judicial y tecnolog\u00eda, con formaci\u00f3n continua.<br>Mirta Graciela Allende es Abogada (UNNE), autora de art\u00edculos sobre notificaciones electr\u00f3nicas y uso \u00e9tico de la IA en el derecho; panelista en congresos y jornadas; experiencia en gesti\u00f3n judicial electr\u00f3nica y desarrollo de software para expedientes.<br>El cierre cont\u00f3 con la presencia de las senadoras Sonia Quintana y Carlota Carballo, y la diputada Albana Rotela. La edici\u00f3n 2025 concluy\u00f3 reafirmando al ciclo como un espacio donde la palabra, la experiencia y la inspiraci\u00f3n se convierten en motor de desarrollo para Corrientes.<br>RECONOCIMIENTO<br>La oportunidad fue propicia para que el Doctor Luis Azula director del Banco de Leche Humana de Corrientes entregara sendos reconocimientos al Dr. Pedro Braillad Poccard y a la diputada Albana Rotela por su acompa\u00f1amiento a la actividad que realiza.<\/p>\n","protected":false},"excerpt":{"rendered":"<p>En el Recinto de Sesiones de la C\u00e1mara de Senadores de la Provincia de Corrientes, y a trav\u00e9s de la Vicegobernaci\u00f3n, se realiz\u00f3 la \u00faltima jornada del a\u00f1o del ciclo&hellip; <\/p>\n","protected":false},"author":4,"featured_media":240014,"comment_status":"closed","ping_status":"open","sticky":false,"template":"","format":"standard","meta":{"footnotes":""},"categories":[22],"tags":[],"class_list":["post-240012","post","type-post","status-publish","format-standard","has-post-thumbnail","hentry","category-eventos"],"_links":{"self":[{"href":"https:\/\/corrientesdetarde.com\/index.php\/wp-json\/wp\/v2\/posts\/240012","targetHints":{"allow":["GET"]}}],"collection":[{"href":"https:\/\/corrientesdetarde.com\/index.php\/wp-json\/wp\/v2\/posts"}],"about":[{"href":"https:\/\/corrientesdetarde.com\/index.php\/wp-json\/wp\/v2\/types\/post"}],"author":[{"embeddable":true,"href":"https:\/\/corrientesdetarde.com\/index.php\/wp-json\/wp\/v2\/users\/4"}],"replies":[{"embeddable":true,"href":"https:\/\/corrientesdetarde.com\/index.php\/wp-json\/wp\/v2\/comments?post=240012"}],"version-history":[{"count":1,"href":"https:\/\/corrientesdetarde.com\/index.php\/wp-json\/wp\/v2\/posts\/240012\/revisions"}],"predecessor-version":[{"id":240016,"href":"https:\/\/corrientesdetarde.com\/index.php\/wp-json\/wp\/v2\/posts\/240012\/revisions\/240016"}],"wp:featuredmedia":[{"embeddable":true,"href":"https:\/\/corrientesdetarde.com\/index.php\/wp-json\/wp\/v2\/media\/240014"}],"wp:attachment":[{"href":"https:\/\/corrientesdetarde.com\/index.php\/wp-json\/wp\/v2\/media?parent=240012"}],"wp:term":[{"taxonomy":"category","embeddable":true,"href":"https:\/\/corrientesdetarde.com\/index.php\/wp-json\/wp\/v2\/categories?post=240012"},{"taxonomy":"post_tag","embeddable":true,"href":"https:\/\/corrientesdetarde.com\/index.php\/wp-json\/wp\/v2\/tags?post=240012"}],"curies":[{"name":"wp","href":"https:\/\/api.w.org\/{rel}","templated":true}]}}