{"id":240017,"date":"2025-12-16T22:09:14","date_gmt":"2025-12-17T01:09:14","guid":{"rendered":"https:\/\/corrientesdetarde.com\/?p=240017"},"modified":"2025-12-16T22:09:26","modified_gmt":"2025-12-17T01:09:26","slug":"santiago-montiel-gano-el-premio-puskas-al-mejor-gol-del-ano","status":"publish","type":"post","link":"https:\/\/corrientesdetarde.com\/index.php\/deportes\/santiago-montiel-gano-el-premio-puskas-al-mejor-gol-del-ano\/","title":{"rendered":"Santiago Montiel gan\u00f3 el Premio Pusk\u00e1s al mejor gol del a\u00f1o"},"content":{"rendered":"\n<p>FIFA entreg\u00f3 el Premio Pusk\u00e1s y el ganador fue un argentino: Santiago Montiel. El jugador de Independiente super\u00f3, entre otros, a su compatriota Pepo De La Vega.<\/p>\n\n\n\n<p>Entre los nominados estaba el ex-Lan\u00fas con presente en el Seattle Sounders, pero fue el jugador del Rojo el que se qued\u00f3 con el galard\u00f3n.<\/p>\n\n\n\n<p>El premio para Montiel fue por el recordado gol de chilena desde afuera del \u00e1rea en el duelo entre el Rojo e Independiente Rivadavia por el Torneo Apertura 2025, que desat\u00f3 la locura en Avellaneda.<\/p>\n\n\n\n<p>A Pepo De La Vega, por su parte, lo hab\u00edan nominado por un tanto contra Cruz Azul por la Leagues Cup.<\/p>\n\n\n\n<blockquote class=\"twitter-tweet\" data-media-max-width=\"560\"><p lang=\"es\" dir=\"ltr\">\ud83c\udf1f\ud83c\udde6\ud83c\uddf7 ESTA LOCURA DE SANTIAGO MONTIEL GAN\u00d3 EL \u2018PREMIO PUSK\u00c1S 2025\u2019 DE LA FIFA. <br><br>Y s\u00ed\u2026<br><br> <a href=\"https:\/\/t.co\/FSQCUuqZGY\">pic.twitter.com\/FSQCUuqZGY<\/a><\/p>&mdash; Ataque Futbolero (@AtaqueFutbolero) <a href=\"https:\/\/twitter.com\/AtaqueFutbolero\/status\/2000931300686094728?ref_src=twsrc%5Etfw\">December 16, 2025<\/a><\/blockquote> <script async src=\"https:\/\/platform.twitter.com\/widgets.js\" charset=\"utf-8\"><\/script>\n","protected":false},"excerpt":{"rendered":"<p>FIFA entreg\u00f3 el Premio Pusk\u00e1s y el ganador fue un argentino: Santiago Montiel. El jugador de Independiente super\u00f3, entre otros, a su compatriota Pepo De La Vega. Entre los nominados&hellip; <\/p>\n","protected":false},"author":4,"featured_media":240018,"comment_status":"closed","ping_status":"open","sticky":false,"template":"","format":"standard","meta":{"footnotes":""},"categories":[4],"tags":[],"class_list":["post-240017","post","type-post","status-publish","format-standard","has-post-thumbnail","hentry","category-deportes"],"_links":{"self":[{"href":"https:\/\/corrientesdetarde.com\/index.php\/wp-json\/wp\/v2\/posts\/240017","targetHints":{"allow":["GET"]}}],"collection":[{"href":"https:\/\/corrientesdetarde.com\/index.php\/wp-json\/wp\/v2\/posts"}],"about":[{"href":"https:\/\/corrientesdetarde.com\/index.php\/wp-json\/wp\/v2\/types\/post"}],"author":[{"embeddable":true,"href":"https:\/\/corrientesdetarde.com\/index.php\/wp-json\/wp\/v2\/users\/4"}],"replies":[{"embeddable":true,"href":"https:\/\/corrientesdetarde.com\/index.php\/wp-json\/wp\/v2\/comments?post=240017"}],"version-history":[{"count":1,"href":"https:\/\/corrientesdetarde.com\/index.php\/wp-json\/wp\/v2\/posts\/240017\/revisions"}],"predecessor-version":[{"id":240019,"href":"https:\/\/corrientesdetarde.com\/index.php\/wp-json\/wp\/v2\/posts\/240017\/revisions\/240019"}],"wp:featuredmedia":[{"embeddable":true,"href":"https:\/\/corrientesdetarde.com\/index.php\/wp-json\/wp\/v2\/media\/240018"}],"wp:attachment":[{"href":"https:\/\/corrientesdetarde.com\/index.php\/wp-json\/wp\/v2\/media?parent=240017"}],"wp:term":[{"taxonomy":"category","embeddable":true,"href":"https:\/\/corrientesdetarde.com\/index.php\/wp-json\/wp\/v2\/categories?post=240017"},{"taxonomy":"post_tag","embeddable":true,"href":"https:\/\/corrientesdetarde.com\/index.php\/wp-json\/wp\/v2\/tags?post=240017"}],"curies":[{"name":"wp","href":"https:\/\/api.w.org\/{rel}","templated":true}]}}