{"id":240020,"date":"2025-12-16T22:19:27","date_gmt":"2025-12-17T01:19:27","guid":{"rendered":"https:\/\/corrientesdetarde.com\/?p=240020"},"modified":"2025-12-16T22:19:39","modified_gmt":"2025-12-17T01:19:39","slug":"se-otorgaron-los-premios-anuales-al-mejor-companero-y-al-mejor-promedio","status":"publish","type":"post","link":"https:\/\/corrientesdetarde.com\/index.php\/educacion\/se-otorgaron-los-premios-anuales-al-mejor-companero-y-al-mejor-promedio\/","title":{"rendered":"Se otorgaron los premios anuales al Mejor Compa\u00f1ero y al Mejor Promedio"},"content":{"rendered":"\n<p>En una emotiva ceremonia, el Concejo Deliberante capitalino distingui\u00f3 a m\u00e1s de 100 alumnos del \u00faltimo a\u00f1o del nivel secundario de colegios p\u00fablicos y privados de la capital. El presidente Amarilla felicit\u00f3 a los j\u00f3venes por su compromiso.<\/p>\n\n\n\n<p>El Honorable Concejo Deliberante (HCD) de la ciudad de Corrientes realiz\u00f3 este martes la tradicional entrega de los premios anuales al Mejor Compa\u00f1ero y Mejor Promedio, en una sesi\u00f3n especial presidida por Marcos Amarilla. Adem\u00e1s estuvieron presentes ediles y otras autoridades.<\/p>\n\n\n\n<p><br>El escenario elegido este a\u00f1o fue la Sociedad Espa\u00f1ola, que se vio colmada de familiares, directivos y docentes, que acompa\u00f1aron a los m\u00e1s de 100 alumnos del \u00faltimo a\u00f1o del nivel secundario de colegios p\u00fablicos y privados de la capital.<\/p>\n\n\n\n<figure class=\"wp-block-image\"><img decoding=\"async\" src=\"https:\/\/www.diarioepoca.com\/content\/bucket\/3\/1466393w790h525c.jpg.webp\" alt=\"\"\/><\/figure>\n\n\n\n<p><br>Los reconocimientos, instituidos por ordenanza municipal, buscan promover la formaci\u00f3n de valores \u00e9ticos y premiar a aquellos estudiantes que sobresalieron por su dedicaci\u00f3n al estudio.<\/p>\n\n\n\n<p><br>De esta edici\u00f3n, participaron 53 establecimientos educativos, y en la oportunidad los estudiantes recibieron sus diplomas de manos de concejales y autoridades.<\/p>\n\n\n\n<p><br>Por su parte, el presidente Amarilla aprovech\u00f3 la ocasi\u00f3n para felicitar a los j\u00f3venes reconocidos por su esfuerzo y dedicaci\u00f3n, y los inst\u00f3 a continuar en la misma senda.<\/p>\n","protected":false},"excerpt":{"rendered":"<p>En una emotiva ceremonia, el Concejo Deliberante capitalino distingui\u00f3 a m\u00e1s de 100 alumnos del \u00faltimo a\u00f1o del nivel secundario de colegios p\u00fablicos y privados de la capital. El presidente&hellip; <\/p>\n","protected":false},"author":4,"featured_media":240021,"comment_status":"closed","ping_status":"open","sticky":false,"template":"","format":"standard","meta":{"footnotes":""},"categories":[32],"tags":[],"class_list":["post-240020","post","type-post","status-publish","format-standard","has-post-thumbnail","hentry","category-educacion"],"_links":{"self":[{"href":"https:\/\/corrientesdetarde.com\/index.php\/wp-json\/wp\/v2\/posts\/240020","targetHints":{"allow":["GET"]}}],"collection":[{"href":"https:\/\/corrientesdetarde.com\/index.php\/wp-json\/wp\/v2\/posts"}],"about":[{"href":"https:\/\/corrientesdetarde.com\/index.php\/wp-json\/wp\/v2\/types\/post"}],"author":[{"embeddable":true,"href":"https:\/\/corrientesdetarde.com\/index.php\/wp-json\/wp\/v2\/users\/4"}],"replies":[{"embeddable":true,"href":"https:\/\/corrientesdetarde.com\/index.php\/wp-json\/wp\/v2\/comments?post=240020"}],"version-history":[{"count":1,"href":"https:\/\/corrientesdetarde.com\/index.php\/wp-json\/wp\/v2\/posts\/240020\/revisions"}],"predecessor-version":[{"id":240022,"href":"https:\/\/corrientesdetarde.com\/index.php\/wp-json\/wp\/v2\/posts\/240020\/revisions\/240022"}],"wp:featuredmedia":[{"embeddable":true,"href":"https:\/\/corrientesdetarde.com\/index.php\/wp-json\/wp\/v2\/media\/240021"}],"wp:attachment":[{"href":"https:\/\/corrientesdetarde.com\/index.php\/wp-json\/wp\/v2\/media?parent=240020"}],"wp:term":[{"taxonomy":"category","embeddable":true,"href":"https:\/\/corrientesdetarde.com\/index.php\/wp-json\/wp\/v2\/categories?post=240020"},{"taxonomy":"post_tag","embeddable":true,"href":"https:\/\/corrientesdetarde.com\/index.php\/wp-json\/wp\/v2\/tags?post=240020"}],"curies":[{"name":"wp","href":"https:\/\/api.w.org\/{rel}","templated":true}]}}