{"id":240058,"date":"2025-12-17T14:20:06","date_gmt":"2025-12-17T17:20:06","guid":{"rendered":"https:\/\/corrientesdetarde.com\/?p=240058"},"modified":"2025-12-17T14:20:16","modified_gmt":"2025-12-17T17:20:16","slug":"el-senado-aprobo-con-mayoria-especial-el-presupuesto-provincial-2026","status":"publish","type":"post","link":"https:\/\/corrientesdetarde.com\/index.php\/actualidad\/el-senado-aprobo-con-mayoria-especial-el-presupuesto-provincial-2026\/","title":{"rendered":"El Senado aprob\u00f3 con mayor\u00eda especial el Presupuesto Provincial 2026"},"content":{"rendered":"\n<p>SESI\u00d3N EXTRAORDINARIA<\/p>\n\n\n\n<p>La C\u00e1mara de Senadores de la Provincia de Corrientes, presidida por el vicegobernador Pedro Braillard Poccard, celebr\u00f3 este mi\u00e9rcoles su primera sesi\u00f3n extraordinaria, en la cual, tras un extenso y profundo debate, se aprob\u00f3 el Proyecto de Ley de Presupuesto General de Gastos y C\u00e1lculo de Recursos de la Administraci\u00f3n P\u00fablica Provincial para el Ejercicio 2026.<\/p>\n\n\n\n<p>La iniciativa obtuvo 10 votos afirmativos y 4 negativos, alcanzando la mayor\u00eda especial de dos tercios requerida. Cabe se\u00f1alar que el senador Vaz Torres se encontraba ausente al momento de la votaci\u00f3n. El proyecto pas\u00f3 a la C\u00e1mara de Diputados para su tratamiento.<\/p>\n\n\n\n<p>Durante la misma sesi\u00f3n, el Alto Cuerpo dio tratamiento a dos Proyectos de Resoluci\u00f3n, cuyos fundamentos fueron unificados. El primero insta a la Corte Suprema de Justicia de la Naci\u00f3n a dar continuidad al tr\u00e1mite de los procesos de competencia originaria promovidos por la Provincia de Corrientes contra el Estado Nacional. El segundo solicita a las autoridades nacionales competentes que, en la elaboraci\u00f3n del Presupuesto Nacional, se contemplen partidas espec\u00edficas destinadas a la ejecuci\u00f3n de obras p\u00fablicas esenciales para el desarrollo integral de la provincia.<\/p>\n\n\n\n<p>Ambas iniciativas, impulsadas por diversos senadores, fueron aprobadas por unanimidad.<\/p>\n\n\n\n<p>En otro orden, el Senado prest\u00f3 acuerdo a los pliegos remitidos por el Poder Ejecutivo Provincial para la designaci\u00f3n de magistrados y funcionarios judiciales. En tal sentido, fueron aprobados los nombramientos en el cargo de Defensor Oficial Penal de la Tercera Circunscripci\u00f3n Judicial con asiento en la ciudad de Curuz\u00fa Cuati\u00e1, el Dr. Santiago Alberto C\u00e1ceres.<\/p>\n\n\n\n<p>En el cargo de Defensor Oficial Penal de la Segunda Circunscripci\u00f3n Judicial con asiento en la ciudad de Esquina, el Dr. Ram\u00f3n Fernando Ranaletti, as\u00ed como en el cargo de Juez del Tribunal de Juicio N\u00ba 1 de la Primera Circunscripci\u00f3n Judicial con asiento en la ciudad de Corrientes, el Dr. Oscar Ignacio Dubrez.<\/p>\n\n\n\n<p>Tambi\u00e9n n el cargo de Juez Civil y Comercial de la Cuarta Circunscripci\u00f3n Judicial con asiento en la ciudad de Monte Caseros el Dr. Vicente Humberto Brites, en el cargo de Juez de Garant\u00edas de la Segunda Circunscripci\u00f3n Judicial con asiento en la ciudad de Goya (Corrientes), el Dr. Francisco Antonio Arr\u00fae.<\/p>\n\n\n\n<p>Y por \u00faltimo, en el cargo de Juez del Tribunal de Juicio N\u00ba 2 de la Primera Circunscripci\u00f3n Judicial con asiento en la ciudad de Corrientes, el Dr. Joaqu\u00edn Jorge Sebasti\u00e1n Romero.<\/p>\n\n\n\n<figure class=\"wp-block-image size-large\"><img loading=\"lazy\" decoding=\"async\" width=\"1024\" height=\"682\" src=\"https:\/\/corrientesdetarde.com\/wp-content\/uploads\/2025\/12\/WhatsApp-Image-2025-12-17-at-13.53.10-1024x682.jpeg\" alt=\"\" class=\"wp-image-240060\" srcset=\"https:\/\/corrientesdetarde.com\/wp-content\/uploads\/2025\/12\/WhatsApp-Image-2025-12-17-at-13.53.10-1024x682.jpeg 1024w, https:\/\/corrientesdetarde.com\/wp-content\/uploads\/2025\/12\/WhatsApp-Image-2025-12-17-at-13.53.10-300x200.jpeg 300w, https:\/\/corrientesdetarde.com\/wp-content\/uploads\/2025\/12\/WhatsApp-Image-2025-12-17-at-13.53.10-768x512.jpeg 768w, https:\/\/corrientesdetarde.com\/wp-content\/uploads\/2025\/12\/WhatsApp-Image-2025-12-17-at-13.53.10.jpeg 1280w\" sizes=\"auto, (max-width: 1024px) 100vw, 1024px\" \/><\/figure>\n\n\n\n<figure class=\"wp-block-image size-large\"><img loading=\"lazy\" decoding=\"async\" width=\"1024\" height=\"682\" src=\"https:\/\/corrientesdetarde.com\/wp-content\/uploads\/2025\/12\/WhatsApp-Image-2025-12-17-at-13.53.09-1024x682.jpeg\" alt=\"\" class=\"wp-image-240061\" srcset=\"https:\/\/corrientesdetarde.com\/wp-content\/uploads\/2025\/12\/WhatsApp-Image-2025-12-17-at-13.53.09-1024x682.jpeg 1024w, https:\/\/corrientesdetarde.com\/wp-content\/uploads\/2025\/12\/WhatsApp-Image-2025-12-17-at-13.53.09-300x200.jpeg 300w, https:\/\/corrientesdetarde.com\/wp-content\/uploads\/2025\/12\/WhatsApp-Image-2025-12-17-at-13.53.09-768x512.jpeg 768w, https:\/\/corrientesdetarde.com\/wp-content\/uploads\/2025\/12\/WhatsApp-Image-2025-12-17-at-13.53.09.jpeg 1280w\" sizes=\"auto, (max-width: 1024px) 100vw, 1024px\" \/><\/figure>\n\n\n\n<figure class=\"wp-block-image size-large\"><img loading=\"lazy\" decoding=\"async\" width=\"1024\" height=\"682\" src=\"https:\/\/corrientesdetarde.com\/wp-content\/uploads\/2025\/12\/WhatsApp-Image-2025-12-17-at-13.53.10-1-1024x682.jpeg\" alt=\"\" class=\"wp-image-240062\" srcset=\"https:\/\/corrientesdetarde.com\/wp-content\/uploads\/2025\/12\/WhatsApp-Image-2025-12-17-at-13.53.10-1-1024x682.jpeg 1024w, https:\/\/corrientesdetarde.com\/wp-content\/uploads\/2025\/12\/WhatsApp-Image-2025-12-17-at-13.53.10-1-300x200.jpeg 300w, https:\/\/corrientesdetarde.com\/wp-content\/uploads\/2025\/12\/WhatsApp-Image-2025-12-17-at-13.53.10-1-768x512.jpeg 768w, https:\/\/corrientesdetarde.com\/wp-content\/uploads\/2025\/12\/WhatsApp-Image-2025-12-17-at-13.53.10-1.jpeg 1280w\" sizes=\"auto, (max-width: 1024px) 100vw, 1024px\" \/><\/figure>\n\n\n\n<figure class=\"wp-block-image size-large\"><img loading=\"lazy\" decoding=\"async\" width=\"1024\" height=\"682\" src=\"https:\/\/corrientesdetarde.com\/wp-content\/uploads\/2025\/12\/WhatsApp-Image-2025-12-17-at-13.53.10-2-1024x682.jpeg\" alt=\"\" class=\"wp-image-240063\" srcset=\"https:\/\/corrientesdetarde.com\/wp-content\/uploads\/2025\/12\/WhatsApp-Image-2025-12-17-at-13.53.10-2-1024x682.jpeg 1024w, https:\/\/corrientesdetarde.com\/wp-content\/uploads\/2025\/12\/WhatsApp-Image-2025-12-17-at-13.53.10-2-300x200.jpeg 300w, https:\/\/corrientesdetarde.com\/wp-content\/uploads\/2025\/12\/WhatsApp-Image-2025-12-17-at-13.53.10-2-768x512.jpeg 768w, https:\/\/corrientesdetarde.com\/wp-content\/uploads\/2025\/12\/WhatsApp-Image-2025-12-17-at-13.53.10-2.jpeg 1280w\" sizes=\"auto, (max-width: 1024px) 100vw, 1024px\" \/><\/figure>\n","protected":false},"excerpt":{"rendered":"<p>SESI\u00d3N EXTRAORDINARIA La C\u00e1mara de Senadores de la Provincia de Corrientes, presidida por el vicegobernador Pedro Braillard Poccard, celebr\u00f3 este mi\u00e9rcoles su primera sesi\u00f3n extraordinaria, en la cual, tras un&hellip; <\/p>\n","protected":false},"author":8,"featured_media":240059,"comment_status":"closed","ping_status":"open","sticky":false,"template":"","format":"standard","meta":{"footnotes":""},"categories":[23],"tags":[],"class_list":["post-240058","post","type-post","status-publish","format-standard","has-post-thumbnail","hentry","category-actualidad"],"_links":{"self":[{"href":"https:\/\/corrientesdetarde.com\/index.php\/wp-json\/wp\/v2\/posts\/240058","targetHints":{"allow":["GET"]}}],"collection":[{"href":"https:\/\/corrientesdetarde.com\/index.php\/wp-json\/wp\/v2\/posts"}],"about":[{"href":"https:\/\/corrientesdetarde.com\/index.php\/wp-json\/wp\/v2\/types\/post"}],"author":[{"embeddable":true,"href":"https:\/\/corrientesdetarde.com\/index.php\/wp-json\/wp\/v2\/users\/8"}],"replies":[{"embeddable":true,"href":"https:\/\/corrientesdetarde.com\/index.php\/wp-json\/wp\/v2\/comments?post=240058"}],"version-history":[{"count":1,"href":"https:\/\/corrientesdetarde.com\/index.php\/wp-json\/wp\/v2\/posts\/240058\/revisions"}],"predecessor-version":[{"id":240064,"href":"https:\/\/corrientesdetarde.com\/index.php\/wp-json\/wp\/v2\/posts\/240058\/revisions\/240064"}],"wp:featuredmedia":[{"embeddable":true,"href":"https:\/\/corrientesdetarde.com\/index.php\/wp-json\/wp\/v2\/media\/240059"}],"wp:attachment":[{"href":"https:\/\/corrientesdetarde.com\/index.php\/wp-json\/wp\/v2\/media?parent=240058"}],"wp:term":[{"taxonomy":"category","embeddable":true,"href":"https:\/\/corrientesdetarde.com\/index.php\/wp-json\/wp\/v2\/categories?post=240058"},{"taxonomy":"post_tag","embeddable":true,"href":"https:\/\/corrientesdetarde.com\/index.php\/wp-json\/wp\/v2\/tags?post=240058"}],"curies":[{"name":"wp","href":"https:\/\/api.w.org\/{rel}","templated":true}]}}