{"id":240065,"date":"2025-12-17T15:28:35","date_gmt":"2025-12-17T18:28:35","guid":{"rendered":"https:\/\/corrientesdetarde.com\/?p=240065"},"modified":"2025-12-17T15:28:47","modified_gmt":"2025-12-17T18:28:47","slug":"el-teatro-vera-se-ilumina-esta-navidad-para-recibir-los-conciertos-especiales-de-candlelight","status":"publish","type":"post","link":"https:\/\/corrientesdetarde.com\/index.php\/cultura\/el-teatro-vera-se-ilumina-esta-navidad-para-recibir-los-conciertos-especiales-de-candlelight\/","title":{"rendered":"El Teatro Vera se ilumina esta Navidad para recibir los conciertos especiales de Candlelight"},"content":{"rendered":"\n<p>Esta experiencia musical en vivo y multisensorial de Fever, la plataforma tecnol\u00f3gica l\u00edder en descubrimiento de entretenimiento y cultura, re\u00fane villancicos cl\u00e1sicos interpretados por un cuarteto de cuerdas local, en un entorno iluminado por miles de velas.&nbsp; Este concierto podr\u00e1 disfrutarse en Corrientes el s\u00e1bado 20 de diciembre en dos funciones, en el Teatro Vera, a las 16.30 y a las 19. Adem\u00e1s, el viernes 19, con entradas agotadas, se presenta el Tributo a Queen y, desde las 21.30,&nbsp;Las Cuatro Estaciones de Vivaldi<\/p>\n\n\n\n<p>Estas fiestas, Candlelight\u00ae, la serie de conciertos en vivo de m\u00fasica cl\u00e1sica, iluminar\u00e1 distintos recintos del pa\u00eds con&nbsp; miles de velas para proponer un programa especial navide\u00f1o, entre ellos, el Teatro Oficial Juan de Vera de Corrientes.&nbsp;<\/p>\n\n\n\n<p>Las entradas para todos los conciertos&nbsp; pueden adquirirse en la&nbsp;<a href=\"https:\/\/4ue34.r.a.d.sendibm1.com\/mk\/cl\/f\/sh\/6rqJfgq8dINmNvd2HB7mP7OK8Ju\/LYFqZrRjGYOR\" target=\"_blank\" rel=\"noreferrer noopener\">plataforma&nbsp; de Fever<\/a><\/p>\n\n\n\n<p><strong>La m\u00fasica, un regalo para vivir la Navidad<\/strong><\/p>\n\n\n\n<p>Como parte de su propuesta festiva, Candlelight tambi\u00e9n invita al p\u00fablico a regalar m\u00fasica. La tarjeta regalo oficial de Candlelight ya est\u00e1 disponible para su compra y puede canjearse por cualquier concierto en Argentina.&nbsp;<\/p>\n\n\n\n<p>Adem\u00e1s, una selecci\u00f3n de conciertos de todo el mundo estar\u00e1 disponible con descuentos especiales durante Black Friday y Cyber Monday, lo que convierte este momento en la ocasi\u00f3n perfecta para sorprender a familiares y amigos con una experiencia en vivo \u00fanica.<\/p>\n\n\n\n<p>Candlelight\u00ae naci\u00f3 con el objetivo de acercar la m\u00fasica a todos los p\u00fablicos, llev\u00e1ndola a espacios singulares m\u00e1s all\u00e1 de las salas de conciertos tradicionales, y ofreciendo al espectador una experiencia visual, \u00edntima y envolvente. Su variada programaci\u00f3n rinde homenaje tanto a compositores cl\u00e1sicos ic\u00f3nicos como Vivaldi, Mozart o Beethoven, como a artistas contempor\u00e1neos entre los que destacan Queen, Coldplay o Ed Sheeran. La serie tambi\u00e9n explora una amplia gama de g\u00e9neros, desde jazz, soul y pop hasta bandas sonoras de cine.<\/p>\n\n\n\n<p>Asimismo, Candlelight\u00ae produce ediciones especiales inspiradas en pel\u00edculas y series emblem\u00e1ticas, como Bridgerton en colaboraci\u00f3n con Netflix y Shondaland, o El Mago de Oz.<\/p>\n\n\n\n<p><strong>Otras fechas Candlelight\u00ae en el Teatro Vera<\/strong><\/p>\n\n\n\n<p>El viernes 19 de diciembre, tendr\u00e1n lugar los conciertos Candlelight: Tributo a Queen, desde las 19 hs. con entradas agotadas y nueva fecha el 7 de marzo, con entradas a las venta en&nbsp;<a href=\"https:\/\/4ue34.r.a.d.sendibm1.com\/mk\/cl\/f\/sh\/6rqJfgq8dIPRQNvBlUXKKiWFlcw\/ji-Na7LXrHi_\" target=\"_blank\" rel=\"noreferrer noopener\">https:\/\/feverup.com\/m\/459488<\/a>&nbsp;y Candlelight: Las Cuatro Estaciones de Vivaldi, a las 21.30, con entradas disponibles en&nbsp;<a href=\"https:\/\/4ue34.r.a.d.sendibm1.com\/mk\/cl\/f\/sh\/6rqJfgq8dIR6SqDLFnwsGJeBOvy\/6-ZT3Avt0jT3\" target=\"_blank\" rel=\"noreferrer noopener\">https:\/\/feverup.com\/m\/459487<\/a>, tambi\u00e9n previsto el 7 de marzo en el horario de las 21.30.&nbsp;<\/p>\n\n\n\n<p>Para el mes de febrero 2026, est\u00e1n previstos dos conciertos, a las 19 hs. Candlelight: Especial de San Valent\u00edn con entradas a la venta en&nbsp;<a href=\"https:\/\/4ue34.r.a.d.sendibm1.com\/mk\/cl\/f\/sh\/6rqJfgq8dISlVIVUk7MQBum72F0\/Z0h1IP8oQXJY\" target=\"_blank\" rel=\"noreferrer noopener\">https:\/\/feverup.com\/m\/501746<\/a>&nbsp;y Candlelight: Tributo a Coldplay, desde las 21.30.&nbsp;<\/p>\n\n\n\n<p><strong>Acerca de Fever<\/strong><\/p>\n\n\n\n<p>Fever es la plataforma tecnol\u00f3gica l\u00edder mundial para descubrir cultura y entretenimiento en vivo, que durante el a\u00f1o pasado inspir\u00f3 a m\u00e1s de 300 millones de personas a disfrutar de las mejores experiencias en m\u00e1s de 40 pa\u00edses. Con la misi\u00f3n de democratizar el acceso a la cultura y el entretenimiento en la vida real, Fever inspira a los usuarios a disfrutar de experiencias y eventos \u00fanicos \u2014desde exposiciones inmersivas y deportes hasta representaciones teatrales interactivas, conciertos y festivales\u2014, al mismo tiempo que ofrece a sus socios datos y tecnolog\u00eda para desarrollar y ampliar nuevas experiencias en todo el mundo.<\/p>\n","protected":false},"excerpt":{"rendered":"<p>Esta experiencia musical en vivo y multisensorial de Fever, la plataforma tecnol\u00f3gica l\u00edder en descubrimiento de entretenimiento y cultura, re\u00fane villancicos cl\u00e1sicos interpretados por un cuarteto de cuerdas local, en&hellip; <\/p>\n","protected":false},"author":8,"featured_media":240066,"comment_status":"closed","ping_status":"open","sticky":false,"template":"","format":"standard","meta":{"footnotes":""},"categories":[15],"tags":[],"class_list":["post-240065","post","type-post","status-publish","format-standard","has-post-thumbnail","hentry","category-cultura"],"_links":{"self":[{"href":"https:\/\/corrientesdetarde.com\/index.php\/wp-json\/wp\/v2\/posts\/240065","targetHints":{"allow":["GET"]}}],"collection":[{"href":"https:\/\/corrientesdetarde.com\/index.php\/wp-json\/wp\/v2\/posts"}],"about":[{"href":"https:\/\/corrientesdetarde.com\/index.php\/wp-json\/wp\/v2\/types\/post"}],"author":[{"embeddable":true,"href":"https:\/\/corrientesdetarde.com\/index.php\/wp-json\/wp\/v2\/users\/8"}],"replies":[{"embeddable":true,"href":"https:\/\/corrientesdetarde.com\/index.php\/wp-json\/wp\/v2\/comments?post=240065"}],"version-history":[{"count":1,"href":"https:\/\/corrientesdetarde.com\/index.php\/wp-json\/wp\/v2\/posts\/240065\/revisions"}],"predecessor-version":[{"id":240067,"href":"https:\/\/corrientesdetarde.com\/index.php\/wp-json\/wp\/v2\/posts\/240065\/revisions\/240067"}],"wp:featuredmedia":[{"embeddable":true,"href":"https:\/\/corrientesdetarde.com\/index.php\/wp-json\/wp\/v2\/media\/240066"}],"wp:attachment":[{"href":"https:\/\/corrientesdetarde.com\/index.php\/wp-json\/wp\/v2\/media?parent=240065"}],"wp:term":[{"taxonomy":"category","embeddable":true,"href":"https:\/\/corrientesdetarde.com\/index.php\/wp-json\/wp\/v2\/categories?post=240065"},{"taxonomy":"post_tag","embeddable":true,"href":"https:\/\/corrientesdetarde.com\/index.php\/wp-json\/wp\/v2\/tags?post=240065"}],"curies":[{"name":"wp","href":"https:\/\/api.w.org\/{rel}","templated":true}]}}