{"id":240165,"date":"2025-12-18T11:19:36","date_gmt":"2025-12-18T14:19:36","guid":{"rendered":"https:\/\/corrientesdetarde.com\/?p=240165"},"modified":"2025-12-18T11:20:07","modified_gmt":"2025-12-18T14:20:07","slug":"conmebol-confirmo-dia-hora-y-estadio-de-la-finalissima-entre-argentina-y-espana","status":"publish","type":"post","link":"https:\/\/corrientesdetarde.com\/index.php\/deportes\/conmebol-confirmo-dia-hora-y-estadio-de-la-finalissima-entre-argentina-y-espana\/","title":{"rendered":"Conmebol confirm\u00f3 d\u00eda, hora y estadio de la Final\u00edssima entre Argentina y Espa\u00f1a"},"content":{"rendered":"\n<p>La Finalissima 2026 ya tiene fecha y escenario definidos: Argentina y Espa\u00f1a se enfrentar\u00e1n el viernes 27 de marzo de 2026 en el Estadio Lusail, en Qatar, a las 21 (hora local), en un duelo que reunir\u00e1 a los campeones de la CONMEBOL Copa Am\u00e9rica 2024 y la UEFA EEuro 2024. En horario argentino, ser\u00e1 a las 15, mientras que en Espa\u00f1a, ser\u00e1n las 19.<\/p>\n\n\n\n<p><\/p>\n\n\n\n<p>El anuncio, realizado por la CONMEBOL en conjunto con la UEFA, la Asociaci\u00f3n del F\u00fatbol Argentino (AFA) y la Real Federaci\u00f3n Espa\u00f1ola de F\u00fatbol (RFEF), sit\u00faa este evento en el mismo a\u00f1o en que se celebrar\u00e1 la Copa del Mundo en Estados Unidos, M\u00e9xico y Canad\u00e1, lo que refuerza su car\u00e1cter excepcional en el calendario internacional.<\/p>\n\n\n\n<p>Desde la perspectiva de la organizaci\u00f3n, el presidente de la CONMEBOL, Alejandro Dom\u00ednguez, subray\u00f3 la trascendencia del encuentro al afirmar: &#8220;Este partido emblem\u00e1tico es m\u00e1s que una competici\u00f3n; es un s\u00edmbolo de cooperaci\u00f3n y respeto entre confederaciones, y una oportunidad para que los aficionados disfruten de un acontecimiento verdaderamente hist\u00f3rico&#8221;, seg\u00fan el comunicado oficial publicado en el sitio de la Copa Am\u00e9rica.<\/p>\n\n\n\n<p>Por su parte, el presidente de la UEFA, Aleksander Ceferin, destac\u00f3 el alcance global del evento y su significado para el f\u00fatbol internacional: &#8220;Este partido simboliza la uni\u00f3n de dos continentes futbol\u00edsticos y demuestra el alcance global de nuestro deporte en un encuentro de enorme prestigio. Esperamos vivir una velada inolvidable de f\u00fatbol de \u00e9lite y celebraci\u00f3n internacional&#8221;.<\/p>\n\n\n\n<p>La Finalissima, parte de la colaboraci\u00f3n entre la UEFA y la CONMEBOL, busca celebrar la excelencia futbol\u00edstica al enfrentar a los monarcas de Sudam\u00e9rica y Europa. En la edici\u00f3n anterior, Argentina se consagr\u00f3 campeona tras vencer 3-0 a Italia en Wembley, Londres, en la antesala de lo que luego ser\u00eda la hist\u00f3rica conquista ante Francia en Lusail, t\u00edtulo que signific\u00f3 la tercera estrella para el f\u00fatbol argentino.<\/p>\n\n\n\n<p>El partido entre Argentina y Espa\u00f1a promete ser uno de los grandes atractivos del f\u00fatbol internacional en 2026, justo a menos de tres meses del comienzo de la Copa del Mundo, tanto por el nivel de los equipos como por el contexto en el que se disputar\u00e1. Las entidades organizadoras informaron que en las pr\u00f3ximas semanas se dar\u00e1n a conocer m\u00e1s detalles sobre la organizaci\u00f3n y la venta de entradas.<\/p>\n","protected":false},"excerpt":{"rendered":"<p>La Finalissima 2026 ya tiene fecha y escenario definidos: Argentina y Espa\u00f1a se enfrentar\u00e1n el viernes 27 de marzo de 2026 en el Estadio Lusail, en Qatar, a las 21&hellip; <\/p>\n","protected":false},"author":1,"featured_media":240166,"comment_status":"closed","ping_status":"open","sticky":false,"template":"","format":"standard","meta":{"footnotes":""},"categories":[4],"tags":[],"class_list":["post-240165","post","type-post","status-publish","format-standard","has-post-thumbnail","hentry","category-deportes"],"_links":{"self":[{"href":"https:\/\/corrientesdetarde.com\/index.php\/wp-json\/wp\/v2\/posts\/240165","targetHints":{"allow":["GET"]}}],"collection":[{"href":"https:\/\/corrientesdetarde.com\/index.php\/wp-json\/wp\/v2\/posts"}],"about":[{"href":"https:\/\/corrientesdetarde.com\/index.php\/wp-json\/wp\/v2\/types\/post"}],"author":[{"embeddable":true,"href":"https:\/\/corrientesdetarde.com\/index.php\/wp-json\/wp\/v2\/users\/1"}],"replies":[{"embeddable":true,"href":"https:\/\/corrientesdetarde.com\/index.php\/wp-json\/wp\/v2\/comments?post=240165"}],"version-history":[{"count":1,"href":"https:\/\/corrientesdetarde.com\/index.php\/wp-json\/wp\/v2\/posts\/240165\/revisions"}],"predecessor-version":[{"id":240167,"href":"https:\/\/corrientesdetarde.com\/index.php\/wp-json\/wp\/v2\/posts\/240165\/revisions\/240167"}],"wp:featuredmedia":[{"embeddable":true,"href":"https:\/\/corrientesdetarde.com\/index.php\/wp-json\/wp\/v2\/media\/240166"}],"wp:attachment":[{"href":"https:\/\/corrientesdetarde.com\/index.php\/wp-json\/wp\/v2\/media?parent=240165"}],"wp:term":[{"taxonomy":"category","embeddable":true,"href":"https:\/\/corrientesdetarde.com\/index.php\/wp-json\/wp\/v2\/categories?post=240165"},{"taxonomy":"post_tag","embeddable":true,"href":"https:\/\/corrientesdetarde.com\/index.php\/wp-json\/wp\/v2\/tags?post=240165"}],"curies":[{"name":"wp","href":"https:\/\/api.w.org\/{rel}","templated":true}]}}