{"id":240168,"date":"2025-12-18T13:14:11","date_gmt":"2025-12-18T16:14:11","guid":{"rendered":"https:\/\/corrientesdetarde.com\/?p=240168"},"modified":"2025-12-18T13:14:14","modified_gmt":"2025-12-18T16:14:14","slug":"en-casa-de-gobierno-se-conmemoro-el-60-aniversario-del-banco-de-sangre-central","status":"publish","type":"post","link":"https:\/\/corrientesdetarde.com\/index.php\/sociales\/en-casa-de-gobierno-se-conmemoro-el-60-aniversario-del-banco-de-sangre-central\/","title":{"rendered":"En Casa de Gobierno, se conmemor\u00f3 el 60\u00b0 Aniversario del Banco de Sangre Central"},"content":{"rendered":"\n<p>Con un emotivo acto desarrollado en el Sal\u00f3n Verde de Casa de Gobierno, el Banco de Sangre Central de Corrientes &#8220;Dr. Luciano Pisarello&#8221; conmemor\u00f3 su 60\u00b0 Aniversario, destacando sus seis d\u00e9cadas de compromiso con la salud y el bienestar de la comunidad y la importancia de donar sangre. La oportunidad fue propicia para dar a conocer los principales logros alcanzados por dicha instituci\u00f3n que es orgullo para la provincia<\/p>\n\n\n\n<p>La historia de la instituci\u00f3n comienza a principios de la d\u00e9cada del 60, cuando un grupo de ciudadanos organizaron una Comisi\u00f3n Pro-Banco de Sangre, la que trabaj\u00f3 intensamente para canalizar la natural solidaridad de los correntinos, hasta que finalmente se inaugur\u00f3 el Banco de Sangre Central de Corrientes, el 18 de diciembre de 1965, en el mismo terreno que ocupa actualmente, consolid\u00e1ndose como una instituci\u00f3n clave para la salud provincial, impulsando la donaci\u00f3n voluntaria y la investigaci\u00f3n para mejorar la medicina y cumpliendo seis d\u00e9cadas salvando vidas.<\/p>\n\n\n\n<p>En el a\u00f1o 2002 se comenzaron a implementar las campa\u00f1as de colectas a lo largo de toda la provincia y actualmente cuenta con una gran cantidad de asociaciones de clubes de donantes tanto en Capital como en Interior.<\/p>\n\n\n\n<p>Otro dato importante se refiere al programa de donaci\u00f3n de M\u00e9dula \u00d3sea. En 14 a\u00f1os, Corrientes envi\u00f3 m\u00e1s de 700 muestras al INCUCAI y desde el 1 agosto de 2017, en coordinaci\u00f3n con el CUCAICOR, se enviaron m\u00e1s de 7.000 muestras de C\u00e9lulas Progenitoras Hematopoy\u00e9ticas (CPH) lo que redund\u00f3 en que 38 correntinos resultaron compatibles y salvaron vidas a ciudadanos del mundo, consolidando el esfuerzo solidario de la provincia.<\/p>\n\n\n\n<p>Por su parte, el Banco de Sangre Central de Corrientes participa activamente en el programa nacional de donaci\u00f3n de sangre de cord\u00f3n umbilical, recolectando muestras en maternidades para enviarlas al Banco P\u00fablico de Sangre de Cord\u00f3n del Hospital Garrahan en Buenos Aires, una iniciativa que ha sido muy exitosa salvando muchas vidas y requiere que la donante se atienda en una de estas maternidades adheridas para la correcta colecta en sala de partos.<\/p>\n\n\n\n<p>A su vez, se destaca la Fundaci\u00f3n Banco de Sangre de Corrientes (Bansacor), creada para impulsar la donaci\u00f3n voluntaria de sangre en la comunidad, obtener nuevas tecnolog\u00edas, fomentar la investigaci\u00f3n y buscar convenios nacionales e internacionales. Fue presentada formalmente en noviembre de 2016, buscando aumentar la participaci\u00f3n ciudadana y mejorar la infraestructura, difusi\u00f3n y servicios del Banco de Sangre Central de Corrientes.<\/p>\n\n\n\n<p><strong>Una voluntad inquebrantable de servir a la comunidad<\/strong><\/p>\n\n\n\n<p>El ministro de Salud P\u00fablica, Emilio Lanari, en primer lugar record\u00f3 la figura del doctor Luciano Pisarello fundador y director durante 50 a\u00f1os del Banco de Sangre Central de Corrientes, que dej\u00f3 un legado fundamental en la medicina de la provincia, promoviendo la donaci\u00f3n altruista y solidaria.<\/p>\n\n\n\n<p>Seguidamente, Lanari puso de relieve que el Banco de Sangre fue componente fundamental en la formaci\u00f3n de tantos m\u00e9dicos en Corrientes, conformado por un \u201cgrupo excepcional de personas, con una voluntad inquebrantable de servir a la comunidad\u201d.<\/p>\n\n\n\n<p>Tras remarcar el sostenido crecimiento del Banco de Sangre, el ministro valor\u00f3 la labor que cumpli\u00f3 durante la pandemia por Covid 19, teniendo en cuenta que en \u201cun momento tan dif\u00edcil, sali\u00f3 a buscar donantes y plasma, para salvar vidas\u201d.<\/p>\n\n\n\n<p>En tanto, Lanari ponder\u00f3 la misi\u00f3n de la Fundaci\u00f3n Bansacor, como pilar del desarrollo y expansi\u00f3n del Banco de Sangre y agradeci\u00f3 el trabajo y el compromiso de todo su personal.<\/p>\n\n\n\n<p>\u201cEl compromiso de esta gesti\u00f3n es seguir trabajando codo a codo para que el Banco de Sangre siga brindando un servicio de excelencia a toda la comunidad\u201d, dijo para finalizar Lanari.<\/p>\n\n\n\n<p><strong>&#8220;La sangre no se fabrica&#8221;<\/strong><\/p>\n\n\n\n<p>En el marco del 60 aniversario del Banco de Sangre Central de Corrientes, la directora de la instituci\u00f3n, Carolina Arom\u00ed, se refiri\u00f3 a la trayectoria del organismo fundado el 8 de diciembre de 1965. Durante su alocuci\u00f3n, la funcionaria reconoci\u00f3 la iniciativa de los fundadores &#8220;que entendieron la importancia de contar con una instituci\u00f3n que responda a la necesidad transversal de toda la provincia&#8221; bajo la premisa de que &#8220;la sangre no se fabrica&#8221;.<\/p>\n\n\n\n<p>Respecto a la importancia de la donaci\u00f3n, Arom\u00ed se\u00f1al\u00f3 que es la \u00fanica forma de obtener este recurso para los pacientes y realiz\u00f3 un reconocimiento a quienes &#8220;dejaron un legado muy grande&#8221; y que el personal actual &#8220;defiende con mucho cuidado&#8221;.<\/p>\n\n\n\n<p>En cuanto al funcionamiento del centro, precis\u00f3 que es el \u00fanico en el pa\u00eds que cuenta con un horario de atenci\u00f3n extendido de 7 a 22. Asimismo, indic\u00f3 que la provincia lidera las estad\u00edsticas nacionales en donaci\u00f3n de sangre, de m\u00e9dula \u00f3sea y de sangre de cord\u00f3n umbilical.<\/p>\n\n\n\n<p>Sobre los datos espec\u00edficos de m\u00e9dula \u00f3sea, la directora detall\u00f3 que en un periodo de 14 a\u00f1os Corrientes envi\u00f3 700 muestras. Adem\u00e1s, inform\u00f3 que desde el 1 de agosto de 2017, a trav\u00e9s del trabajo conjunto con Cucaicor, se alcanzaron m\u00e1s de 7.000 inscripciones. &#8220;Treinta y ocho correntinos ya donaron y le salvaron la vida a pacientes pedi\u00e1tricos de diferentes partes del mundo&#8221;, manifest\u00f3 y agreg\u00f3: &#8220;Nos gusta decir correntinos hasta la m\u00e9dula y correntinos para todo el mundo&#8221;.<\/p>\n\n\n\n<p>En relaci\u00f3n a la estructura de gesti\u00f3n, Arom\u00ed inform\u00f3 que el Banco de Sangre Central cuenta con un equipo de 86 trabajadores. Por otra parte, mencion\u00f3 que en este 2025 la Fundaci\u00f3n vinculada a la instituci\u00f3n cumpli\u00f3 9 a\u00f1os de actividad, describi\u00e9ndola como un proyecto que &#8220;arranc\u00f3 como un anhelo personal y que luego se convirti\u00f3 en uno de los primeros objetivos de mi direcci\u00f3n&#8221;.<\/p>\n\n\n\n<p>Finalmente, la funcionaria resalt\u00f3 la labor de los donantes de la capital y el interior, se\u00f1alando que la solidaridad sostenida durante seis d\u00e9cadas permite contar con un stock de sangre segura<\/p>\n\n\n\n<p><strong>Presencias<\/strong><\/p>\n\n\n\n<p>Acompa\u00f1aron el acto, el ministro de Ciencia y Tecnolog\u00eda, Luciano Cabrera, la presidenta del Banco de Corrientes, Laura Sprovieri, autoridades de la cartera de Salud P\u00fablica, funcionarios comunales, directores de hospitales, miembros de la Fundaci\u00f3n Bansacor, integrantes de la cooperadora del Banco de Sangre, representantes de la Cruz Roja, filial Corrientes, invitados especiales y p\u00fablico en general.<\/p>\n\n\n\n<figure class=\"wp-block-image size-large\"><img loading=\"lazy\" decoding=\"async\" width=\"1024\" height=\"682\" src=\"https:\/\/corrientesdetarde.com\/wp-content\/uploads\/2025\/12\/image-443-1024x682.png\" alt=\"\" class=\"wp-image-240169\" srcset=\"https:\/\/corrientesdetarde.com\/wp-content\/uploads\/2025\/12\/image-443-1024x682.png 1024w, https:\/\/corrientesdetarde.com\/wp-content\/uploads\/2025\/12\/image-443-300x200.png 300w, https:\/\/corrientesdetarde.com\/wp-content\/uploads\/2025\/12\/image-443-768x512.png 768w, https:\/\/corrientesdetarde.com\/wp-content\/uploads\/2025\/12\/image-443-1536x1023.png 1536w, https:\/\/corrientesdetarde.com\/wp-content\/uploads\/2025\/12\/image-443.png 1600w\" sizes=\"auto, (max-width: 1024px) 100vw, 1024px\" \/><\/figure>\n\n\n\n<figure class=\"wp-block-image size-large\"><img loading=\"lazy\" decoding=\"async\" width=\"1024\" height=\"682\" src=\"https:\/\/corrientesdetarde.com\/wp-content\/uploads\/2025\/12\/image-444-1024x682.png\" alt=\"\" class=\"wp-image-240170\" srcset=\"https:\/\/corrientesdetarde.com\/wp-content\/uploads\/2025\/12\/image-444-1024x682.png 1024w, https:\/\/corrientesdetarde.com\/wp-content\/uploads\/2025\/12\/image-444-300x200.png 300w, https:\/\/corrientesdetarde.com\/wp-content\/uploads\/2025\/12\/image-444-768x512.png 768w, https:\/\/corrientesdetarde.com\/wp-content\/uploads\/2025\/12\/image-444-1536x1023.png 1536w, https:\/\/corrientesdetarde.com\/wp-content\/uploads\/2025\/12\/image-444.png 1600w\" sizes=\"auto, (max-width: 1024px) 100vw, 1024px\" \/><\/figure>\n\n\n\n<figure class=\"wp-block-image size-large\"><img loading=\"lazy\" decoding=\"async\" width=\"1024\" height=\"682\" src=\"https:\/\/corrientesdetarde.com\/wp-content\/uploads\/2025\/12\/image-445-1024x682.png\" alt=\"\" class=\"wp-image-240171\" srcset=\"https:\/\/corrientesdetarde.com\/wp-content\/uploads\/2025\/12\/image-445-1024x682.png 1024w, https:\/\/corrientesdetarde.com\/wp-content\/uploads\/2025\/12\/image-445-300x200.png 300w, https:\/\/corrientesdetarde.com\/wp-content\/uploads\/2025\/12\/image-445-768x512.png 768w, https:\/\/corrientesdetarde.com\/wp-content\/uploads\/2025\/12\/image-445-1536x1023.png 1536w, https:\/\/corrientesdetarde.com\/wp-content\/uploads\/2025\/12\/image-445.png 1600w\" sizes=\"auto, (max-width: 1024px) 100vw, 1024px\" \/><\/figure>\n\n\n\n<figure class=\"wp-block-image size-large\"><img loading=\"lazy\" decoding=\"async\" width=\"1024\" height=\"682\" src=\"https:\/\/corrientesdetarde.com\/wp-content\/uploads\/2025\/12\/image-446-1024x682.png\" alt=\"\" class=\"wp-image-240172\" srcset=\"https:\/\/corrientesdetarde.com\/wp-content\/uploads\/2025\/12\/image-446-1024x682.png 1024w, https:\/\/corrientesdetarde.com\/wp-content\/uploads\/2025\/12\/image-446-300x200.png 300w, https:\/\/corrientesdetarde.com\/wp-content\/uploads\/2025\/12\/image-446-768x512.png 768w, https:\/\/corrientesdetarde.com\/wp-content\/uploads\/2025\/12\/image-446-1536x1023.png 1536w, https:\/\/corrientesdetarde.com\/wp-content\/uploads\/2025\/12\/image-446.png 1600w\" sizes=\"auto, (max-width: 1024px) 100vw, 1024px\" \/><\/figure>\n\n\n\n<figure class=\"wp-block-image size-large\"><img loading=\"lazy\" decoding=\"async\" width=\"1024\" height=\"682\" src=\"https:\/\/corrientesdetarde.com\/wp-content\/uploads\/2025\/12\/image-447-1024x682.png\" alt=\"\" class=\"wp-image-240173\" srcset=\"https:\/\/corrientesdetarde.com\/wp-content\/uploads\/2025\/12\/image-447-1024x682.png 1024w, https:\/\/corrientesdetarde.com\/wp-content\/uploads\/2025\/12\/image-447-300x200.png 300w, https:\/\/corrientesdetarde.com\/wp-content\/uploads\/2025\/12\/image-447-768x512.png 768w, https:\/\/corrientesdetarde.com\/wp-content\/uploads\/2025\/12\/image-447-1536x1023.png 1536w, https:\/\/corrientesdetarde.com\/wp-content\/uploads\/2025\/12\/image-447.png 1600w\" sizes=\"auto, (max-width: 1024px) 100vw, 1024px\" \/><\/figure>\n\n\n\n<figure class=\"wp-block-image size-large\"><img loading=\"lazy\" decoding=\"async\" width=\"1024\" height=\"682\" src=\"https:\/\/corrientesdetarde.com\/wp-content\/uploads\/2025\/12\/image-448-1024x682.png\" alt=\"\" class=\"wp-image-240174\" srcset=\"https:\/\/corrientesdetarde.com\/wp-content\/uploads\/2025\/12\/image-448-1024x682.png 1024w, https:\/\/corrientesdetarde.com\/wp-content\/uploads\/2025\/12\/image-448-300x200.png 300w, https:\/\/corrientesdetarde.com\/wp-content\/uploads\/2025\/12\/image-448-768x512.png 768w, https:\/\/corrientesdetarde.com\/wp-content\/uploads\/2025\/12\/image-448-1536x1023.png 1536w, https:\/\/corrientesdetarde.com\/wp-content\/uploads\/2025\/12\/image-448.png 1600w\" sizes=\"auto, (max-width: 1024px) 100vw, 1024px\" \/><\/figure>\n","protected":false},"excerpt":{"rendered":"<p>Con un emotivo acto desarrollado en el Sal\u00f3n Verde de Casa de Gobierno, el Banco de Sangre Central de Corrientes &#8220;Dr. Luciano Pisarello&#8221; conmemor\u00f3 su 60\u00b0 Aniversario, destacando sus seis&hellip; <\/p>\n","protected":false},"author":8,"featured_media":240173,"comment_status":"closed","ping_status":"open","sticky":false,"template":"","format":"standard","meta":{"footnotes":""},"categories":[17],"tags":[],"class_list":["post-240168","post","type-post","status-publish","format-standard","has-post-thumbnail","hentry","category-sociales"],"_links":{"self":[{"href":"https:\/\/corrientesdetarde.com\/index.php\/wp-json\/wp\/v2\/posts\/240168","targetHints":{"allow":["GET"]}}],"collection":[{"href":"https:\/\/corrientesdetarde.com\/index.php\/wp-json\/wp\/v2\/posts"}],"about":[{"href":"https:\/\/corrientesdetarde.com\/index.php\/wp-json\/wp\/v2\/types\/post"}],"author":[{"embeddable":true,"href":"https:\/\/corrientesdetarde.com\/index.php\/wp-json\/wp\/v2\/users\/8"}],"replies":[{"embeddable":true,"href":"https:\/\/corrientesdetarde.com\/index.php\/wp-json\/wp\/v2\/comments?post=240168"}],"version-history":[{"count":1,"href":"https:\/\/corrientesdetarde.com\/index.php\/wp-json\/wp\/v2\/posts\/240168\/revisions"}],"predecessor-version":[{"id":240175,"href":"https:\/\/corrientesdetarde.com\/index.php\/wp-json\/wp\/v2\/posts\/240168\/revisions\/240175"}],"wp:featuredmedia":[{"embeddable":true,"href":"https:\/\/corrientesdetarde.com\/index.php\/wp-json\/wp\/v2\/media\/240173"}],"wp:attachment":[{"href":"https:\/\/corrientesdetarde.com\/index.php\/wp-json\/wp\/v2\/media?parent=240168"}],"wp:term":[{"taxonomy":"category","embeddable":true,"href":"https:\/\/corrientesdetarde.com\/index.php\/wp-json\/wp\/v2\/categories?post=240168"},{"taxonomy":"post_tag","embeddable":true,"href":"https:\/\/corrientesdetarde.com\/index.php\/wp-json\/wp\/v2\/tags?post=240168"}],"curies":[{"name":"wp","href":"https:\/\/api.w.org\/{rel}","templated":true}]}}