{"id":240178,"date":"2025-12-18T13:49:32","date_gmt":"2025-12-18T16:49:32","guid":{"rendered":"https:\/\/corrientesdetarde.com\/?p=240178"},"modified":"2025-12-18T13:49:44","modified_gmt":"2025-12-18T16:49:44","slug":"la-justicia-congelo-todos-los-bienes-de-jose-luis-espert-en-la-causa-por-lavado-de-dinero","status":"publish","type":"post","link":"https:\/\/corrientesdetarde.com\/index.php\/politica\/la-justicia-congelo-todos-los-bienes-de-jose-luis-espert-en-la-causa-por-lavado-de-dinero\/","title":{"rendered":"La Justicia congel\u00f3 todos los bienes de Jos\u00e9 Luis Espert en la causa por lavado de dinero"},"content":{"rendered":"\n<p>El juez Lino Mirabelli orden\u00f3 la medida contra el exdiputado libertario. Regir\u00e1 por un lapso de tres meses.<\/p>\n\n\n\n<p>El juez federal\u00a0<strong>Lino Marabelli\u00a0<\/strong>orden\u00f3\u00a0<strong>congelar todos los bienes de\u00a0Jos\u00e9 Luis Espert<\/strong> por los pr\u00f3ximos 90 d\u00edas en el marco de la causa que lo investiga por\u00a0<strong>presunto lavado de dinero.<\/strong><\/p>\n\n\n\n<p>El magistrado tom\u00f3 la decisi\u00f3n tras un pedido realizado por la fiscal\u00eda en lo Criminal y Correccional Federal N\u00b02 de San Isidro que resalt\u00f3 que existe una serie de&nbsp;<strong>omisiones e irregularidades en sus declaraciones juradas.<\/strong><\/p>\n\n\n\n<p>Para el juez, es pertinente llevar adelante esta medida cautelar para&nbsp;<strong>\u201casegurar la continuidad de la investigaci\u00f3n\u201d.<\/strong>&nbsp;\u201cLa medida solicitada&nbsp;<strong>procura evitar cualquier modificaci\u00f3n en el estado registral de los bienes en cuesti\u00f3n<\/strong>, ya sea su desaparici\u00f3n f\u00edsica o su adquisici\u00f3n por parte de terceras personas que pudieran invocar derechos sobre dichos bienes y causar un irreparable perjuicio al proceso\u201d, se\u00f1al\u00f3.<\/p>\n\n\n\n<p>La pareja del ex candidato a diputado nacional, Mar\u00eda Mercedes Gonz\u00e1lez, tambi\u00e9n fue alcanzada por esta decisi\u00f3n, al igual que su sociedad,&nbsp;<em>Varianza S.A.<\/em><\/p>\n\n\n\n<figure class=\"wp-block-image\"><img decoding=\"async\" src=\"https:\/\/tn.com.ar\/resizer\/v2\/la-justicia-intenta-determinar-el-vinculo-entre-jose-luis-espert-y-fred-machado-foto-x-juangrabois-M5BWB6JJLZERTNODKCCK6GQUYU.jpg?auth=9e92e9d8cd148e3a5e192e0f5ef34d982cab50342a2b575af90f4e5908e839dd&amp;width=767\" alt=\"La Justicia intenta determinar el v\u00ednculo entre Jos\u00e9 Luis Espert y Fred Machado. (Foto: X \/ @JuanGrabois)\"\/><\/figure>\n\n\n\n<p>En la argumentaci\u00f3n, los fiscales detectaron que Espert&nbsp;<strong>omiti\u00f3 declarar su participaci\u00f3n en la sociedad.<\/strong>&nbsp;Adem\u00e1s, encontraron&nbsp;<strong>diferentes \u201carbitrariedades\u201d&nbsp;<\/strong>en su declaraci\u00f3n de la valuaci\u00f3n de algunos bienes.<\/p>\n\n\n\n<h2 class=\"wp-block-heading\">La causa por lavado de dinero<\/h2>\n\n\n\n<p>La Justicia avanza en la investigaci\u00f3n sobre los<strong>&nbsp;presuntos v\u00ednculos entre el exdiputado Jos\u00e9 Luis Espert y Fred Machado,&nbsp;<\/strong>un empresario que ser\u00e1 juzgado en Estados Unidos por narcotr\u00e1fico. Seg\u00fan una denuncia presentada por el legislador Juan Grabois, Espert habr\u00eda recibido al menos&nbsp;<strong>200 mil d\u00f3lares<\/strong>&nbsp;de parte de Machado.<\/p>\n\n\n\n<p>El caso sali\u00f3 a la luz en medio de la campa\u00f1a electoral bonaerense, cuando Espert encabezaba la lista de La Libertad Avanza. En ese contexto, y tras conocerse la relaci\u00f3n con Machado, que incluir\u00eda viajes en avi\u00f3n privado y supuestos aportes para la campa\u00f1a,&nbsp;<strong>el economista termin\u00f3 renunciando a su candidatura.<\/strong><\/p>\n\n\n\n<p>En el marco de la causa, los fiscales advirtieron que los ingresos declarados por Espert&nbsp;<strong>no eran suficientes para justificar ciertos movimientos de dinero bajo an\u00e1lisis.<\/strong>&nbsp;En ese sentido, mencionaron la \u201cexistencia de una cuenta no registrada en el exterior en la cual habr\u00eda recibido US$30.000 provenientes de<em>&nbsp;Wellington Capital Markets Ltd<\/em>\u201d.<\/p>\n\n\n\n<p>La investigaci\u00f3n tambi\u00e9n puso el foco en Manuel Iglesias,&nbsp;<strong>hijo de la pareja de Espert,<\/strong>&nbsp;a quien los expertos se\u00f1alaron como un posible&nbsp;<strong>testaferro<\/strong>. El joven de 23 a\u00f1os no registra ingresos declarados y figura como titular de un veh\u00edculo valuado en m\u00e1s de 70 millones de pesos. Al igual que Espert, fue alcanzado por una medida judicial que dispuso el&nbsp;<strong>congelamiento&nbsp;<\/strong>temporal de sus bienes.<\/p>\n\n\n\n<p>Por \u00faltimo, el juez interviniente indic\u00f3 que, si bien a\u00fan no se logr\u00f3 reconstruir completamente el recorrido del dinero que Machado habr\u00eda entregado, el v\u00ednculo entre ambos qued\u00f3 respaldado por documentaci\u00f3n que da cuenta de un supuesto contrato de servicios profesionales entre Espert y la empresa guatemalteca&nbsp;<em>Minas del Pueblo SA,&nbsp;<\/em>perteneciente a Machado. Al respecto, sostuvo: \u201cLos elementos reunidos sugieren que dicho contrato podr\u00eda constituir un instrumento h\u00e1bil para intentar justificar -por adelantado- entregas de dinero posiblemente canalizadas por distintos medios\u201d.<\/p>\n\n\n\n<p><\/p>\n","protected":false},"excerpt":{"rendered":"<p>El juez Lino Mirabelli orden\u00f3 la medida contra el exdiputado libertario. Regir\u00e1 por un lapso de tres meses. El juez federal\u00a0Lino Marabelli\u00a0orden\u00f3\u00a0congelar todos los bienes de\u00a0Jos\u00e9 Luis Espert por los&hellip; <\/p>\n","protected":false},"author":8,"featured_media":240179,"comment_status":"closed","ping_status":"open","sticky":false,"template":"","format":"standard","meta":{"footnotes":""},"categories":[3],"tags":[],"class_list":["post-240178","post","type-post","status-publish","format-standard","has-post-thumbnail","hentry","category-politica"],"_links":{"self":[{"href":"https:\/\/corrientesdetarde.com\/index.php\/wp-json\/wp\/v2\/posts\/240178","targetHints":{"allow":["GET"]}}],"collection":[{"href":"https:\/\/corrientesdetarde.com\/index.php\/wp-json\/wp\/v2\/posts"}],"about":[{"href":"https:\/\/corrientesdetarde.com\/index.php\/wp-json\/wp\/v2\/types\/post"}],"author":[{"embeddable":true,"href":"https:\/\/corrientesdetarde.com\/index.php\/wp-json\/wp\/v2\/users\/8"}],"replies":[{"embeddable":true,"href":"https:\/\/corrientesdetarde.com\/index.php\/wp-json\/wp\/v2\/comments?post=240178"}],"version-history":[{"count":1,"href":"https:\/\/corrientesdetarde.com\/index.php\/wp-json\/wp\/v2\/posts\/240178\/revisions"}],"predecessor-version":[{"id":240180,"href":"https:\/\/corrientesdetarde.com\/index.php\/wp-json\/wp\/v2\/posts\/240178\/revisions\/240180"}],"wp:featuredmedia":[{"embeddable":true,"href":"https:\/\/corrientesdetarde.com\/index.php\/wp-json\/wp\/v2\/media\/240179"}],"wp:attachment":[{"href":"https:\/\/corrientesdetarde.com\/index.php\/wp-json\/wp\/v2\/media?parent=240178"}],"wp:term":[{"taxonomy":"category","embeddable":true,"href":"https:\/\/corrientesdetarde.com\/index.php\/wp-json\/wp\/v2\/categories?post=240178"},{"taxonomy":"post_tag","embeddable":true,"href":"https:\/\/corrientesdetarde.com\/index.php\/wp-json\/wp\/v2\/tags?post=240178"}],"curies":[{"name":"wp","href":"https:\/\/api.w.org\/{rel}","templated":true}]}}