{"id":240184,"date":"2025-12-18T13:56:49","date_gmt":"2025-12-18T16:56:49","guid":{"rendered":"https:\/\/corrientesdetarde.com\/?p=240184"},"modified":"2025-12-18T13:56:57","modified_gmt":"2025-12-18T16:56:57","slug":"en-el-senado-echarri-critico-el-proyecto-de-reforma-laboral-eliminar-la-cultura-es-patearnos-en-contra","status":"publish","type":"post","link":"https:\/\/corrientesdetarde.com\/index.php\/actualidad\/en-el-senado-echarri-critico-el-proyecto-de-reforma-laboral-eliminar-la-cultura-es-patearnos-en-contra\/","title":{"rendered":"En el Senado, Echarri critic\u00f3 el proyecto de reforma laboral: \u201cEliminar la cultura es patearnos en contra\u201d"},"content":{"rendered":"\n<p>El titular del gremio de los actores cuestion\u00f3 la iniciativa oficial en el Congreso.<\/p>\n\n\n\n<p>Este jueves, la\u00a0<strong>Confederaci\u00f3n General del Trabajo (CGT)<\/strong>\u00a0encabeza una masiva movilizaci\u00f3n en rechazo al proyecto de\u00a0<strong>reforma laboral\u00a0impulsado por el Gobierno de Javier Milei<\/strong>.<\/p>\n\n\n\n<p>En ese contexto,<strong>&nbsp;Pablo Echarri<\/strong>&nbsp;particip\u00f3 del plenario de las comisiones de Trabajo y Presupuesto en el Senado. Lo hizo como autoridad de la Comisi\u00f3n Directiva del gremio de los actores,&nbsp;<strong>Sagai.<\/strong><\/p>\n\n\n\n<p>El actor hizo una cr\u00edtica categ\u00f3rica al proyecto que impulsa el Ejecutivo. &#8220;<strong>\u00bfPor qu\u00e9 vamos a matar la econom\u00eda del talento?&nbsp;<\/strong>Queremos sacar a la Argentina del pozo que est\u00e1 sumergida, estamos de acuerdo. Queremos generar mejores condiciones para los trabajadores y los que dan trabajo, estamos de acuerdo. Eliminar la cultura nacional y la comunicaci\u00f3n nacional es patearnos verdaderamente en contra&#8221;, consider\u00f3.<\/p>\n\n\n\n<figure class=\"wp-block-image\"><img decoding=\"async\" src=\"https:\/\/tn.com.ar\/resizer\/v2\/pablo-echarri-durante-el-martin-fierro-del-teatro-foto-movilpress-IVX7IKMHSBAEVOUQ5YWORYAY4Y.jpg?auth=33f2ea9801c41744207f474283fbba46aa4d9e2c00b0ae72cb1a9d3a84a7e4b2&amp;width=767\" alt=\"Pablo Echarri, durante el Mart\u00edn Fierro del Teatro. (Foto: Movilpress)\"\/><\/figure>\n\n\n\n<p>Echarri asegur\u00f3 que est\u00e1 en contra de \u201ctoda la reforma laboral\u201d a nivel personal, pero que si la discusi\u00f3n se sigue dando exigi\u00f3 que \u201cquiten de la estructura de la Ley de Modernizaci\u00f3n Laboral los art\u00edculos 193, 194, 195 y 196,<strong>&nbsp;que curiosamente est\u00e1n al final de la ley\u201d.<\/strong><\/p>\n\n\n\n<p>\u201cLo que trato de entender a lo largo de este tiempo y con el comienzo de este gobierno es&nbsp;<strong>por qu\u00e9 el ataque tan directo a la cultura<\/strong>, una herramienta que el mundo impulsa cada vez m\u00e1s, que no solo es difusora de identidad; es la que permite el acceso democr\u00e1tico a los distintos conocimientos, sino que tambi\u00e9n es una herramienta de expansi\u00f3n econ\u00f3mica. Lo han visto todos los pa\u00edses, lo vio Estados Unidos que ha creado un imperio a partir del apoyo a su industria audiovisual\u201d, enfatiz\u00f3.<\/p>\n\n\n\n<h2 class=\"wp-block-heading\">As\u00ed es la marcha de la CGT en contra de la reforma laboral<\/h2>\n\n\n\n<p>El acto central de la CGT en la marcha en contra de la reforma laboral est\u00e1 previsto para las&nbsp;<strong>15 en Plaza de Mayo<\/strong>, mientras que desde el mediod\u00eda se multiplicaron las&nbsp;<strong>concentraciones y cortes en distintos puntos del centro porte\u00f1o<\/strong>.<\/p>\n\n\n\n<figure class=\"wp-block-image\"><img decoding=\"async\" src=\"https:\/\/tn.com.ar\/resizer\/v2\/la-cgt-marcha-en-contra-de-la-reforma-laboral-foto-leandro-heredia-tn-XH6TJIAQPREQTBQU2WBK2QMYXA.jpg?auth=d672ef51d3904d3d6c2295c0d9f090dedf39d5efadb561022e468bdb90604ab5&amp;width=767\" alt=\"La CGT marcha en contra de la reforma laboral. (Foto: Leandro Heredia \/ TN)\"\/><\/figure>\n\n\n\n<p>Adem\u00e1s, la jornada estar\u00e1 atravesada por un\u00a0<strong>paro nacional de la Asociaci\u00f3n Trabajadores del Estado (ATE)<\/strong>, lo que impactar\u00e1 en la atenci\u00f3n de la administraci\u00f3n p\u00fablica en todo el pa\u00eds.<\/p>\n\n\n\n<p>La central gremial puso la lupa sobre varios de los puntos que contiene la iniciativa oficial. En un documento interno al que accedi\u00f3\u00a0, cuestion\u00f3 las disposiciones sobre el mecanismo para calcular las indemnizaciones, la actividad gremial y el Fondo de Asistencia Laboral, por mencionar algunos ejemplos.<\/p>\n","protected":false},"excerpt":{"rendered":"<p>El titular del gremio de los actores cuestion\u00f3 la iniciativa oficial en el Congreso. Este jueves, la\u00a0Confederaci\u00f3n General del Trabajo (CGT)\u00a0encabeza una masiva movilizaci\u00f3n en rechazo al proyecto de\u00a0reforma laboral\u00a0impulsado&hellip; <\/p>\n","protected":false},"author":8,"featured_media":240185,"comment_status":"closed","ping_status":"open","sticky":false,"template":"","format":"standard","meta":{"footnotes":""},"categories":[23],"tags":[],"class_list":["post-240184","post","type-post","status-publish","format-standard","has-post-thumbnail","hentry","category-actualidad"],"_links":{"self":[{"href":"https:\/\/corrientesdetarde.com\/index.php\/wp-json\/wp\/v2\/posts\/240184","targetHints":{"allow":["GET"]}}],"collection":[{"href":"https:\/\/corrientesdetarde.com\/index.php\/wp-json\/wp\/v2\/posts"}],"about":[{"href":"https:\/\/corrientesdetarde.com\/index.php\/wp-json\/wp\/v2\/types\/post"}],"author":[{"embeddable":true,"href":"https:\/\/corrientesdetarde.com\/index.php\/wp-json\/wp\/v2\/users\/8"}],"replies":[{"embeddable":true,"href":"https:\/\/corrientesdetarde.com\/index.php\/wp-json\/wp\/v2\/comments?post=240184"}],"version-history":[{"count":1,"href":"https:\/\/corrientesdetarde.com\/index.php\/wp-json\/wp\/v2\/posts\/240184\/revisions"}],"predecessor-version":[{"id":240186,"href":"https:\/\/corrientesdetarde.com\/index.php\/wp-json\/wp\/v2\/posts\/240184\/revisions\/240186"}],"wp:featuredmedia":[{"embeddable":true,"href":"https:\/\/corrientesdetarde.com\/index.php\/wp-json\/wp\/v2\/media\/240185"}],"wp:attachment":[{"href":"https:\/\/corrientesdetarde.com\/index.php\/wp-json\/wp\/v2\/media?parent=240184"}],"wp:term":[{"taxonomy":"category","embeddable":true,"href":"https:\/\/corrientesdetarde.com\/index.php\/wp-json\/wp\/v2\/categories?post=240184"},{"taxonomy":"post_tag","embeddable":true,"href":"https:\/\/corrientesdetarde.com\/index.php\/wp-json\/wp\/v2\/tags?post=240184"}],"curies":[{"name":"wp","href":"https:\/\/api.w.org\/{rel}","templated":true}]}}