{"id":240187,"date":"2025-12-18T14:32:43","date_gmt":"2025-12-18T17:32:43","guid":{"rendered":"https:\/\/corrientesdetarde.com\/?p=240187"},"modified":"2025-12-18T14:32:49","modified_gmt":"2025-12-18T17:32:49","slug":"el-gobierno-de-corrientes-dara-a-conocer-este-viernes-el-bono-navideno-y-la-canasta-navidena","status":"publish","type":"post","link":"https:\/\/corrientesdetarde.com\/index.php\/locales\/el-gobierno-de-corrientes-dara-a-conocer-este-viernes-el-bono-navideno-y-la-canasta-navidena\/","title":{"rendered":"El Gobierno de Corrientes dar\u00e1 a conocer este viernes el Bono Navide\u00f1o y la Canasta Navide\u00f1a"},"content":{"rendered":"\n<p>Este viernes 19 de diciembre,&nbsp;el Gobierno de Corrientes a trav\u00e9s de sus redes sociales oficiales a las 9 dar\u00e1 a conocer el&nbsp;bono navide\u00f1o para la Administraci\u00f3n P\u00fablica Provincial y a las 11, har\u00e1 lo propio con los correspondientes beneficios de&nbsp;la Canasta Navide\u00f1a.<\/p>\n\n\n\n<figure class=\"wp-block-image size-large\"><img loading=\"lazy\" decoding=\"async\" width=\"819\" height=\"1024\" src=\"https:\/\/corrientesdetarde.com\/wp-content\/uploads\/2025\/12\/image-452-819x1024.png\" alt=\"\" class=\"wp-image-240188\" srcset=\"https:\/\/corrientesdetarde.com\/wp-content\/uploads\/2025\/12\/image-452-819x1024.png 819w, https:\/\/corrientesdetarde.com\/wp-content\/uploads\/2025\/12\/image-452-240x300.png 240w, https:\/\/corrientesdetarde.com\/wp-content\/uploads\/2025\/12\/image-452-768x960.png 768w, https:\/\/corrientesdetarde.com\/wp-content\/uploads\/2025\/12\/image-452.png 1080w\" sizes=\"auto, (max-width: 819px) 100vw, 819px\" \/><\/figure>\n","protected":false},"excerpt":{"rendered":"<p>Este viernes 19 de diciembre,&nbsp;el Gobierno de Corrientes a trav\u00e9s de sus redes sociales oficiales a las 9 dar\u00e1 a conocer el&nbsp;bono navide\u00f1o para la Administraci\u00f3n P\u00fablica Provincial y a&hellip; <\/p>\n","protected":false},"author":8,"featured_media":240189,"comment_status":"closed","ping_status":"open","sticky":false,"template":"","format":"standard","meta":{"footnotes":""},"categories":[8],"tags":[],"class_list":["post-240187","post","type-post","status-publish","format-standard","has-post-thumbnail","hentry","category-locales"],"_links":{"self":[{"href":"https:\/\/corrientesdetarde.com\/index.php\/wp-json\/wp\/v2\/posts\/240187","targetHints":{"allow":["GET"]}}],"collection":[{"href":"https:\/\/corrientesdetarde.com\/index.php\/wp-json\/wp\/v2\/posts"}],"about":[{"href":"https:\/\/corrientesdetarde.com\/index.php\/wp-json\/wp\/v2\/types\/post"}],"author":[{"embeddable":true,"href":"https:\/\/corrientesdetarde.com\/index.php\/wp-json\/wp\/v2\/users\/8"}],"replies":[{"embeddable":true,"href":"https:\/\/corrientesdetarde.com\/index.php\/wp-json\/wp\/v2\/comments?post=240187"}],"version-history":[{"count":1,"href":"https:\/\/corrientesdetarde.com\/index.php\/wp-json\/wp\/v2\/posts\/240187\/revisions"}],"predecessor-version":[{"id":240190,"href":"https:\/\/corrientesdetarde.com\/index.php\/wp-json\/wp\/v2\/posts\/240187\/revisions\/240190"}],"wp:featuredmedia":[{"embeddable":true,"href":"https:\/\/corrientesdetarde.com\/index.php\/wp-json\/wp\/v2\/media\/240189"}],"wp:attachment":[{"href":"https:\/\/corrientesdetarde.com\/index.php\/wp-json\/wp\/v2\/media?parent=240187"}],"wp:term":[{"taxonomy":"category","embeddable":true,"href":"https:\/\/corrientesdetarde.com\/index.php\/wp-json\/wp\/v2\/categories?post=240187"},{"taxonomy":"post_tag","embeddable":true,"href":"https:\/\/corrientesdetarde.com\/index.php\/wp-json\/wp\/v2\/tags?post=240187"}],"curies":[{"name":"wp","href":"https:\/\/api.w.org\/{rel}","templated":true}]}}