{"id":240197,"date":"2025-12-18T14:51:52","date_gmt":"2025-12-18T17:51:52","guid":{"rendered":"https:\/\/corrientesdetarde.com\/?p=240197"},"modified":"2025-12-18T14:51:56","modified_gmt":"2025-12-18T17:51:56","slug":"lula-y-shinbaum-se-ofrecieron-para-mediar-entre-trump-y-maduro-e-intentar-destrabar-la-crisis-en-venezuela","status":"publish","type":"post","link":"https:\/\/corrientesdetarde.com\/index.php\/internacionales\/lula-y-shinbaum-se-ofrecieron-para-mediar-entre-trump-y-maduro-e-intentar-destrabar-la-crisis-en-venezuela\/","title":{"rendered":"Lula y Shinbaum se ofrecieron para mediar entre Trump y Maduro e intentar destrabar la crisis en Venezuela"},"content":{"rendered":"\n<p>El presidente brasile\u00f1o dijo que hablar\u00e1 con su par estadounidense en los pr\u00f3ximos d\u00edas. Mientras tanto, un vocero de la canciller\u00eda de Mosc\u00fa pidi\u00f3 a la Casa Blaca que \u201cno permita un error fatal y se abstenga de seguir avanzando\u201d.<\/p>\n\n\n\n<p>En medio de una creciente tensi\u00f3n en el Caribe, los presidentes de Brasil,&nbsp;<strong>Luiz Lula da Silva<\/strong>, y de M\u00e9xico,&nbsp;<strong>Claudia Sheinbaum<\/strong>, se ofrecieron este jueves a mediar entre&nbsp;<strong>Donald Trump<\/strong>&nbsp;y&nbsp;<strong>Nicol\u00e1s Maduro<\/strong>&nbsp;para alcanzar una salida pac\u00edfica a la crisis en Venezuela.<\/p>\n\n\n\n<p>Los buenos oficios diplom\u00e1ticos se conocieron en forma separada y coincidieron con una dura advertencia de Rusia, aliada del chavismo, a Washington.&nbsp;<strong>Lula dijo que hablar\u00e1 con Trump en los pr\u00f3ximos d\u00edas<\/strong>.<\/p>\n\n\n\n<p>Mientras tanto, un vocero de la Canciller\u00eda de Mosc\u00fa pidi\u00f3 a la Casa Blaca que \u201c<strong>no permita un error fatal<\/strong>&nbsp;y se abstenga de seguir avanzando a una situaci\u00f3n que amenaza a todo el hemisferio occidental con consecuencias impredecibles\u201d.<\/p>\n\n\n\n<p>La crisis en el Caribe se encuentra en un punto de elevada tensi\u00f3n tras el despliegue de una flota naval estadounidense frente a la costa venezolana, los ataques a lanchas supuestamente cargadas de drogas y\u00a0la incautaci\u00f3n de un buque petrolero venezolano.<\/p>\n\n\n\n<p>Adem\u00e1s,\u00a0Trump orden\u00f3 un bloqueo total\u00a0a la entrada y salida de petroleros venezolanos sancionados. Maduro respondi\u00f3 con la decisi\u00f3n de\u00a0escoltar con la Armada a los buques que transporten crudo.<\/p>\n\n\n\n<h2 class=\"wp-block-heading\">Qu\u00e9 dijeron Lula da Silva y Claudia Sheinbaum<\/h2>\n\n\n\n<p>Lula se mostr\u00f3 dispuesto a mediar por una \u201csoluci\u00f3n pac\u00edfica\u201d entre Estados Unidos y Venezuela con una posible conversaci\u00f3n con Trump en los pr\u00f3ximos d\u00edas.<\/p>\n\n\n\n<p>En medio de la escalada entre Washington y Caracas, Lula se dijo \u201ca disposici\u00f3n\u201d de ambos gobiernos y agreg\u00f3 que \u201cposiblemente\u201d hablar\u00e1 con Trump \u201cantes de Navidad\u201d para evitar una \u201c<strong>guerra fraticida<\/strong>\u201d.<\/p>\n\n\n\n<figure class=\"wp-block-image\"><img decoding=\"async\" src=\"https:\/\/tn.com.ar\/resizer\/v2\/luiz-inacio-lula-da-silva-quiere-hablar-con-donald-trump-sobre-venezuela-foto-reutersadriano-machado-46VVUNNYQLIQMWEUS7P4JRYV4Q.jpg?auth=3029e1915ac084ca41e8995c56d75316612632994253bba59c60d1cc128bee37&amp;width=767\" alt=\"Luiz Inacio Lula da Silva quiere hablar con Donald Trump sobre Venezuela (Foto: REUTERS\/Adriano Machado)\"\/><\/figure>\n\n\n\n<p>En tanto, Sheinbaum tambi\u00e9n se ofreci\u00f3 parea buscar una soluci\u00f3n pac\u00edfica a la crisis con la participaci\u00f3n de los pa\u00edses de Am\u00e9rica Latina y el mundo que deseen sumarse al esfuerzo diplom\u00e1tico.<\/p>\n\n\n\n<p>\u201cVamos a buscar con todos los pa\u00edses que as\u00ed lo deseen de Am\u00e9rica Latina o de otros continentes (&#8230;) una soluci\u00f3n pac\u00edfica y que no haya intervenci\u00f3n\u201d estadounidense en el pa\u00eds sudamericano, afirm\u00f3 la mandataria izquierdista durante su habitual rueda de prensa matutina.<\/p>\n\n\n\n<p>Seg\u00fan afirm\u00f3, la postura mexicana responde a \u201cuna convicci\u00f3n\u201d y a la Constituci\u00f3n, y plante\u00f3 que deber\u00eda ser compartida por los pa\u00edses suramericanos, aun cuando existan diferencias pol\u00edticas entre gobiernos&#8221;.<\/p>\n\n\n\n<p>\u201cNosotros no estamos de acuerdo con intervenciones y estamos a favor de la soluci\u00f3n pac\u00edfica de los conflictos\u201d, se\u00f1al\u00f3.<\/p>\n\n\n\n<p><\/p>\n","protected":false},"excerpt":{"rendered":"<p>El presidente brasile\u00f1o dijo que hablar\u00e1 con su par estadounidense en los pr\u00f3ximos d\u00edas. Mientras tanto, un vocero de la canciller\u00eda de Mosc\u00fa pidi\u00f3 a la Casa Blaca que \u201cno&hellip; <\/p>\n","protected":false},"author":8,"featured_media":240198,"comment_status":"closed","ping_status":"open","sticky":false,"template":"","format":"standard","meta":{"footnotes":""},"categories":[11],"tags":[],"class_list":["post-240197","post","type-post","status-publish","format-standard","has-post-thumbnail","hentry","category-internacionales"],"_links":{"self":[{"href":"https:\/\/corrientesdetarde.com\/index.php\/wp-json\/wp\/v2\/posts\/240197","targetHints":{"allow":["GET"]}}],"collection":[{"href":"https:\/\/corrientesdetarde.com\/index.php\/wp-json\/wp\/v2\/posts"}],"about":[{"href":"https:\/\/corrientesdetarde.com\/index.php\/wp-json\/wp\/v2\/types\/post"}],"author":[{"embeddable":true,"href":"https:\/\/corrientesdetarde.com\/index.php\/wp-json\/wp\/v2\/users\/8"}],"replies":[{"embeddable":true,"href":"https:\/\/corrientesdetarde.com\/index.php\/wp-json\/wp\/v2\/comments?post=240197"}],"version-history":[{"count":1,"href":"https:\/\/corrientesdetarde.com\/index.php\/wp-json\/wp\/v2\/posts\/240197\/revisions"}],"predecessor-version":[{"id":240199,"href":"https:\/\/corrientesdetarde.com\/index.php\/wp-json\/wp\/v2\/posts\/240197\/revisions\/240199"}],"wp:featuredmedia":[{"embeddable":true,"href":"https:\/\/corrientesdetarde.com\/index.php\/wp-json\/wp\/v2\/media\/240198"}],"wp:attachment":[{"href":"https:\/\/corrientesdetarde.com\/index.php\/wp-json\/wp\/v2\/media?parent=240197"}],"wp:term":[{"taxonomy":"category","embeddable":true,"href":"https:\/\/corrientesdetarde.com\/index.php\/wp-json\/wp\/v2\/categories?post=240197"},{"taxonomy":"post_tag","embeddable":true,"href":"https:\/\/corrientesdetarde.com\/index.php\/wp-json\/wp\/v2\/tags?post=240197"}],"curies":[{"name":"wp","href":"https:\/\/api.w.org\/{rel}","templated":true}]}}