{"id":240200,"date":"2025-12-18T14:54:23","date_gmt":"2025-12-18T17:54:23","guid":{"rendered":"https:\/\/corrientesdetarde.com\/?p=240200"},"modified":"2025-12-18T14:54:35","modified_gmt":"2025-12-18T17:54:35","slug":"la-casa-rosada-activa-reuniones-para-definir-la-estrategia-por-el-presupuesto-busca-dilatar-su-tratamiento","status":"publish","type":"post","link":"https:\/\/corrientesdetarde.com\/index.php\/politica\/la-casa-rosada-activa-reuniones-para-definir-la-estrategia-por-el-presupuesto-busca-dilatar-su-tratamiento\/","title":{"rendered":"La Casa Rosada activa reuniones para definir la estrategia por el Presupuesto: busca dilatar su tratamiento"},"content":{"rendered":"\n<p>En Balcarce 50 reconocen que el escenario en la C\u00e1mara Alta es complejo y que por el momento no tienen los votos para impulsar modificaciones sobre lo sancionado. Este jueves comenzaron los encuentros dentro del bloque libertario y con las bancadas dialoguistas. Se re\u00fane adem\u00e1s la mesa pol\u00edtica.<\/p>\n\n\n\n<p><a href=\"https:\/\/tn.com.ar\/autor\/Isalerno\/\"><\/a><\/p>\n\n\n\n<p><strong>La\u00a0Casa Rosada\u00a0activa reuniones en el Senado para definir la estrategia por el\u00a0Presupuesto 2026<\/strong>\u00a0tras el rev\u00e9s en la C\u00e1mara de Diputados. El oficialismo no logr\u00f3 aprobar el cap\u00edtulo que propone derogar las leyes de Emergencia en Discapacidad y de Financiamiento Universitario. \u201cAhora el proyecto no sirve\u201d, expresan en Naci\u00f3n.<\/p>\n\n\n\n<p>En Balcarce 50&nbsp;<strong>reconocen que el escenario en la C\u00e1mara Alta es \u201ccomplejo\u201d y que por el momento no tienen los votos<\/strong>&nbsp;para impulsar modificaciones sobre lo sancionado. Se da adem\u00e1s en el marco de las tensiones por el tratamiento de la reforma laboral, que el Gobierno apunta a sancionar antes de febrero.<\/p>\n\n\n\n<p>Seg\u00fan pudo saber\u00a0,\u00a0<strong>hoy comenzaron los contactos internos para definir un plan de acci\u00f3n que incluye reuniones de bloque<\/strong>\u00a0-que encabeza la presidenta de la bancada de La Libertad Avanza, Patricia Bullrich- y acercamientos con senadores dialoguistas. \u201cTenemos que definir c\u00f3mo avanzar. El escenario es dif\u00edcil\u201d, agregan.<\/p>\n\n\n\n<p>En el Ejecutivo&nbsp;<strong>aseguran adem\u00e1s que se reunir\u00e1n hoy algunos integrantes de la mesa pol\u00edtica<\/strong>. Javier Milei ya est\u00e1 en la Casa Rosada junto al jefe de gabinete, Manuel Adorni, el ministro del Interior, Diego Santilli, y el asesor Santiago Caputo.<\/p>\n\n\n\n<figure class=\"wp-block-image\"><img decoding=\"async\" src=\"https:\/\/tn.com.ar\/resizer\/v2\/el-gobierno-buscara-modificar-el-proyecto-durante-su-tratamiento-en-el-senado-aunque-en-algunos-sectores-de-nacion-le-bajan-el-tono-foto-na-comunicacion-senado-VZEUWWWJ4BCOLOGSCKEZNLWX4M.jpg?auth=8da75ed2ef38daf9fa003ddb8980790e0bec02a0ce8ebe42481c087f4d59b0d0&amp;width=767\" alt=\"El Gobierno buscar\u00e1 modificar el proyecto durante su tratamiento en el Senado, aunque en algunos sectores de Naci\u00f3n le bajan el tono (Foto: NA - Comunicaci\u00f3n Senado).\"\/><\/figure>\n\n\n\n<p><strong>El Gobierno buscar\u00e1 modificar el proyecto durante su tratamiento en el Senado, aunque en algunos sectores de Naci\u00f3n le bajan el tono<\/strong>. La alternativa de insistir con la versi\u00f3n original implica que -de prosperar- el Presupuesto vuelva a la C\u00e1mara de Diputados, una opci\u00f3n que integrantes de la mesa pol\u00edtica califican de \u201cengorroso\u201d por la falta de n\u00fameros y por los tiempos ajustados de las sesiones extraordinarias.<\/p>\n\n\n\n<p><strong>Otra de las opciones que se eval\u00faan en el Ejecutivo es demorar el tratamiento en la C\u00e1mara Alta<\/strong>&nbsp;o incluso avanzar con un eventual veto presidencial si el texto se sanciona sin los cambios que quieren impulsar. En el entorno de Milei remarcan que no est\u00e1n dispuestos a convalidar un Presupuesto que obligue a aplicar las asignaciones de Discapacidad y Universidades.<\/p>\n\n\n\n<p><strong>El foco de la tensi\u00f3n sigue puesto en un grupo de gobernadores<\/strong>&nbsp;cuyos legisladores no acompa\u00f1aron al oficialismo en la votaci\u00f3n en particular. En Naci\u00f3n apuntan especialmente a mandatarios que hab\u00edan mantenido un di\u00e1logo fluido con los interlocutores oficiales y que colaboraron para el rechazo del cap\u00edtulo once. Abarca a Osvaldo Jaldo, Gustavo Vald\u00e9s, Ra\u00fal Jalil, Gustavo S\u00e1enz y Rolando Figueroa.<\/p>\n\n\n\n<p>En la Casa Rosada<strong>&nbsp;admiten que una alternativa que gana peso es que el Presupuesto 2026 no se sancione<\/strong>. La mesa pol\u00edtica de Balcarce 50 mantiene la postura de que prefiere consevar un mayor margen de discrecionalidad en la administraci\u00f3n de los recursos y evitar que el Tesoro quede anclado a la ejecuci\u00f3n de gastos que no quiere aplicar.<\/p>\n","protected":false},"excerpt":{"rendered":"<p>En Balcarce 50 reconocen que el escenario en la C\u00e1mara Alta es complejo y que por el momento no tienen los votos para impulsar modificaciones sobre lo sancionado. Este jueves&hellip; <\/p>\n","protected":false},"author":8,"featured_media":240201,"comment_status":"closed","ping_status":"open","sticky":false,"template":"","format":"standard","meta":{"footnotes":""},"categories":[3],"tags":[],"class_list":["post-240200","post","type-post","status-publish","format-standard","has-post-thumbnail","hentry","category-politica"],"_links":{"self":[{"href":"https:\/\/corrientesdetarde.com\/index.php\/wp-json\/wp\/v2\/posts\/240200","targetHints":{"allow":["GET"]}}],"collection":[{"href":"https:\/\/corrientesdetarde.com\/index.php\/wp-json\/wp\/v2\/posts"}],"about":[{"href":"https:\/\/corrientesdetarde.com\/index.php\/wp-json\/wp\/v2\/types\/post"}],"author":[{"embeddable":true,"href":"https:\/\/corrientesdetarde.com\/index.php\/wp-json\/wp\/v2\/users\/8"}],"replies":[{"embeddable":true,"href":"https:\/\/corrientesdetarde.com\/index.php\/wp-json\/wp\/v2\/comments?post=240200"}],"version-history":[{"count":1,"href":"https:\/\/corrientesdetarde.com\/index.php\/wp-json\/wp\/v2\/posts\/240200\/revisions"}],"predecessor-version":[{"id":240202,"href":"https:\/\/corrientesdetarde.com\/index.php\/wp-json\/wp\/v2\/posts\/240200\/revisions\/240202"}],"wp:featuredmedia":[{"embeddable":true,"href":"https:\/\/corrientesdetarde.com\/index.php\/wp-json\/wp\/v2\/media\/240201"}],"wp:attachment":[{"href":"https:\/\/corrientesdetarde.com\/index.php\/wp-json\/wp\/v2\/media?parent=240200"}],"wp:term":[{"taxonomy":"category","embeddable":true,"href":"https:\/\/corrientesdetarde.com\/index.php\/wp-json\/wp\/v2\/categories?post=240200"},{"taxonomy":"post_tag","embeddable":true,"href":"https:\/\/corrientesdetarde.com\/index.php\/wp-json\/wp\/v2\/tags?post=240200"}],"curies":[{"name":"wp","href":"https:\/\/api.w.org\/{rel}","templated":true}]}}