{"id":240206,"date":"2025-12-18T16:03:23","date_gmt":"2025-12-18T19:03:23","guid":{"rendered":"https:\/\/corrientesdetarde.com\/?p=240206"},"modified":"2025-12-18T16:03:35","modified_gmt":"2025-12-18T19:03:35","slug":"la-corte-suprema-ratifico-que-cristina-kirchner-debera-seguir-usando-la-tobillera-electronica","status":"publish","type":"post","link":"https:\/\/corrientesdetarde.com\/index.php\/actualidad\/la-corte-suprema-ratifico-que-cristina-kirchner-debera-seguir-usando-la-tobillera-electronica\/","title":{"rendered":"La Corte Suprema ratific\u00f3 que Cristina Kirchner deber\u00e1 seguir usando la tobillera electr\u00f3nica"},"content":{"rendered":"\n<p>La resoluci\u00f3n se conoci\u00f3 despu\u00e9s de que se desestimara el pedido de la defensa de la expresidenta para apartar a los jueces Horacio Rosatti, Carlos Rosenkrantz y Ricardo Lorenzetti, quienes hab\u00edan ratificado su condena en junio del a\u00f1o pasado.<\/p>\n\n\n\n<p>La Corte Suprema de Justicia confirm\u00f3 que\u00a0<strong>Cristina Fern\u00e1ndez de Kirchner\u00a0deber\u00e1 seguir usando la tobillera electr\u00f3nica<\/strong>\u00a0mientras cumple su prisi\u00f3n domiciliaria en el departamento de San Jos\u00e9 1111, en la Ciudad de Buenos Aires.<\/p>\n\n\n\n<p>La resoluci\u00f3n se conoci\u00f3 despu\u00e9s de que&nbsp;<strong>se desestimara el pedido de la defensa de la expresidenta&nbsp;<\/strong>para apartar a los jueces Horacio Rosatti, Carlos Rosenkrantz y Ricardo Lorenzetti, quienes hab\u00edan ratificado su condena en junio del a\u00f1o pasado.<\/p>\n\n\n\n<p>La decisi\u00f3n lleg\u00f3 tras rechazar un recurso presentado por la expresidenta, quien&nbsp;<strong>buscaba dejar sin efecto la medida de control<\/strong>&nbsp;ordenada en el marco de la&nbsp;<strong>causa \u201cVialidad\u201d<\/strong>, donde fue condenada a seis a\u00f1os de prisi\u00f3n e inhabilitaci\u00f3n perpetua para ejercer cargos p\u00fablicos.<\/p>\n\n\n\n<p>En el fallo de hoy, la Corte Suprema sostuvo que<strong>&nbsp;la defensa no hab\u00eda atacado debidamente las razones&nbsp;<\/strong>que llevaron al Tribunal Oral Federal 2 y la C\u00e1mara Federal de Casaci\u00f3n a disponer el uso de la tobillera.<\/p>\n\n\n\n<p>Los jueces explicaron: \u201c<strong>El dispositivo de monitoreo electr\u00f3nico resulta, por regla, una exigencia normativa<\/strong>, cuya inconstitucionalidad no ha sido planteada y que, justamente, al decir del a quo (tribunal), tiende a coadyuvar al control judicial sobre la restricci\u00f3n ambulatoria que pesa sobre quienes cumplen una pena privativa de la libertad en la modalidad de prisi\u00f3n domiciliaria\u201d.<\/p>\n\n\n\n<h2 class=\"wp-block-heading\">El r\u00e9gimen de visitas y las salidas a la terraza<\/h2>\n\n\n\n<p>La defensa tambi\u00e9n puso el foco en el pedido de presentar una&nbsp;<strong>lista de personas ajenas a su c\u00edrculo \u00edntimo<\/strong>&nbsp;para poder visitarla en el departamento de Constituci\u00f3n.<\/p>\n\n\n\n<figure class=\"wp-block-image\"><img decoding=\"async\" src=\"https:\/\/tn.com.ar\/resizer\/v2\/el-juez-jorge-gorini-autorizo-a-la-expresidenta-a-acceder-a-la-terraza-del-edificio-por-un-maximo-de-dos-horas-diarias-foto-captura-tn-D2HQP5GS3ZE3BFCK2DYUWAZLUA.jpg?auth=c5a665d8e4b56ec68b1353b6cbcf6fad69740b7f0d0075856b1d990ebbbc862a&amp;width=767\" alt=\"El juez\u00a0Jorge Gorini\u00a0autoriz\u00f3 a la expresidenta a acceder a la terraza del edificio por un m\u00e1ximo de dos horas diarias (Foto: captura TN.)\"\/><\/figure>\n\n\n\n<p>En ese marco, el&nbsp;<strong>Tribunal Oral Federal N.\u00ba 2&nbsp;<\/strong>resolvi\u00f3 que&nbsp;<strong>Cristina Kirchner deber\u00e1 pedir una autorizaci\u00f3n con justificaci\u00f3n<\/strong>&nbsp;cada vez que quiera recibir a alguien que no sea familiar, m\u00e9dico o abogado, que ya est\u00e1n contemplados en la n\u00f3mina autorizada.<\/p>\n\n\n\n<p>La decisi\u00f3n se bas\u00f3 en la gran cantidad de personas que van a su casa donde cumple la prisi\u00f3n domiciliaria. Como el r\u00e9gimen de visitas fue cambiado el 19 de noviembre de 2025, la Corte entendi\u00f3 que ese reclamo era abstracto.<\/p>\n\n\n\n<p>Adem\u00e1s, el juez&nbsp;<strong>Jorge Gorini autoriz\u00f3 a la expresidenta a acceder a la terraza&nbsp;<\/strong>del edificio por un m\u00e1ximo de dos horas diarias. Asimismo, puede salir al balc\u00f3n de su departamento sin restricciones.<\/p>\n\n\n\n<p>La resoluci\u00f3n ratific\u00f3 que seguir\u00e1 con&nbsp;<strong>prisi\u00f3n domiciliaria,<\/strong>&nbsp;con la&nbsp;<strong>tobillera electr\u00f3nica&nbsp;<\/strong>puesta y bajo<strong>&nbsp;controles cada tres meses.<\/strong><\/p>\n","protected":false},"excerpt":{"rendered":"<p>La resoluci\u00f3n se conoci\u00f3 despu\u00e9s de que se desestimara el pedido de la defensa de la expresidenta para apartar a los jueces Horacio Rosatti, Carlos Rosenkrantz y Ricardo Lorenzetti, quienes&hellip; <\/p>\n","protected":false},"author":8,"featured_media":240207,"comment_status":"closed","ping_status":"open","sticky":false,"template":"","format":"standard","meta":{"footnotes":""},"categories":[23],"tags":[],"class_list":["post-240206","post","type-post","status-publish","format-standard","has-post-thumbnail","hentry","category-actualidad"],"_links":{"self":[{"href":"https:\/\/corrientesdetarde.com\/index.php\/wp-json\/wp\/v2\/posts\/240206","targetHints":{"allow":["GET"]}}],"collection":[{"href":"https:\/\/corrientesdetarde.com\/index.php\/wp-json\/wp\/v2\/posts"}],"about":[{"href":"https:\/\/corrientesdetarde.com\/index.php\/wp-json\/wp\/v2\/types\/post"}],"author":[{"embeddable":true,"href":"https:\/\/corrientesdetarde.com\/index.php\/wp-json\/wp\/v2\/users\/8"}],"replies":[{"embeddable":true,"href":"https:\/\/corrientesdetarde.com\/index.php\/wp-json\/wp\/v2\/comments?post=240206"}],"version-history":[{"count":1,"href":"https:\/\/corrientesdetarde.com\/index.php\/wp-json\/wp\/v2\/posts\/240206\/revisions"}],"predecessor-version":[{"id":240208,"href":"https:\/\/corrientesdetarde.com\/index.php\/wp-json\/wp\/v2\/posts\/240206\/revisions\/240208"}],"wp:featuredmedia":[{"embeddable":true,"href":"https:\/\/corrientesdetarde.com\/index.php\/wp-json\/wp\/v2\/media\/240207"}],"wp:attachment":[{"href":"https:\/\/corrientesdetarde.com\/index.php\/wp-json\/wp\/v2\/media?parent=240206"}],"wp:term":[{"taxonomy":"category","embeddable":true,"href":"https:\/\/corrientesdetarde.com\/index.php\/wp-json\/wp\/v2\/categories?post=240206"},{"taxonomy":"post_tag","embeddable":true,"href":"https:\/\/corrientesdetarde.com\/index.php\/wp-json\/wp\/v2\/tags?post=240206"}],"curies":[{"name":"wp","href":"https:\/\/api.w.org\/{rel}","templated":true}]}}