{"id":240212,"date":"2025-12-18T16:11:05","date_gmt":"2025-12-18T19:11:05","guid":{"rendered":"https:\/\/corrientesdetarde.com\/?p=240212"},"modified":"2025-12-18T16:11:37","modified_gmt":"2025-12-18T19:11:37","slug":"meloni-le-pidio-tiempo-a-lula-italia-presiono-para-postergar-la-firma-del-acuerdo-ue-mercosur","status":"publish","type":"post","link":"https:\/\/corrientesdetarde.com\/index.php\/internacionales\/meloni-le-pidio-tiempo-a-lula-italia-presiono-para-postergar-la-firma-del-acuerdo-ue-mercosur\/","title":{"rendered":"Meloni le pidi\u00f3 tiempo a Lula: Italia presion\u00f3 para postergar la firma del acuerdo UE-Mercosur"},"content":{"rendered":"\n<p>El presidente brasile\u00f1o se mostr\u00f3 conciliador y dijo que llevar\u00e1 el pedido a la cumbre del bloque este s\u00e1bado.<\/p>\n\n\n\n<p>En medio de\u00a0fuertes protestas de agricultores\u00a0en Bruselas, el presidente brasile\u00f1o,\u00a0<strong>Luiz In\u00e1cio Lula da Silva<\/strong>, dijo este jueves que llevar\u00e1 el s\u00e1bado a\u00a0la cumbre del Mercosur\u00a0un<strong>\u00a0pedido de la primera ministra italiana, Giorgia Meloni, para postergar la firma del acuerdo de libre comercio con la Uni\u00f3n Europea.<\/strong><\/p>\n\n\n\n<p>El bloque sudamericano celebrar\u00e1 su cumbre anual este s\u00e1bado en la ciudad brasile\u00f1a de Foz do Igua\u00e7u, fronteriza con la Argentina, con la expectativa de que se firme el<strong>&nbsp;tratado negociado desde hace a\u00f1os con Europa.<\/strong><\/p>\n\n\n\n<p>Pero el acuerdo enfrenta resistencias de pa\u00edses como Francia e Italia, preocupados por el posible impacto a sus sectores agr\u00edcolas.<\/p>\n\n\n\n<p><strong>\u201cMeloni me dijo que, si tenemos paciencia de una semana, diez d\u00edas, un mes, Italia estar\u00e1 con el acuerdo\u201d<\/strong>, dijo Lula en una rueda de prensa, tras confirmar un llamado telef\u00f3nico este jueves con la jefa del gobierno italiano.<\/p>\n\n\n\n<p>\u201cLe dije que voy a llevar lo que me dijo a la reuni\u00f3n del Mercosur y voy a proponer que se decida qu\u00e9 hacer\u201d, agreg\u00f3.<\/p>\n\n\n\n<h2 class=\"wp-block-heading\">Italia y Francia quieren postergar la firma del acuerdo con el Mercosur<\/h2>\n\n\n\n<p>Meloni hab\u00eda dicho el mi\u00e9rcoles que ser\u00eda \u201cprematuro\u201d firmar el acuerdo \u201cen los pr\u00f3ximos d\u00edas\u201d.<\/p>\n\n\n\n<p>El presidente franc\u00e9s,&nbsp;<strong>Emmanuel Macron, afirm\u00f3 este jueves que el tratado \u201cno puede firmarse\u201d en las condiciones actuales,&nbsp;<\/strong>en un d\u00eda de fuertes protestas de agricultores en Bruselas.<\/p>\n\n\n\n<figure class=\"wp-block-image\"><img decoding=\"async\" src=\"https:\/\/tn.com.ar\/resizer\/v2\/un-tractor-con-un-cartel-que-dice-nuestro-fin-tu-hambre-deten-el-mercosur-ursula-estamos-aqui-rip-agricultura-de-la-ue-se-exhibio-en-una-protesta-en-bruselas-belgica-este-18-de-diciembre-foto-reutersyves-herman-ZUIUPUOENGTYBPP7DVOJFNCKQA.jpg?auth=fe505f43093dac566df702546924288ac7b84d1d4cbe18d9b4b98db9d75cca47&amp;width=767\" alt=\"Un tractor con un cartel que dice: &quot;Nuestro fin = Tu hambre, Det\u00e9n el Mercosur, \u00darsula, estamos aqu\u00ed, RIP agricultura de la UE&quot; se exhibi\u00f3 en una protesta en Bruselas, B\u00e9lgica, este 18 de diciembre (Foto: REUTERS\/Yves Herman)\"\/><\/figure>\n\n\n\n<p>Lula hab\u00eda dicho el mi\u00e9rcoles que si el acuerdo no se aprobaba \u201cahora\u201d, no se har\u00eda \u201cmientras sea presidente\u201d.<\/p>\n\n\n\n<p>Tras conversar con Meloni, se mostr\u00f3 m\u00e1s conciliador:&nbsp;<strong>\u201cSi no va a ser posible firmar ahora, porque no va a estar listo, yo tampoco puedo hacer nada\u201d.<\/strong><\/p>\n\n\n\n<h2 class=\"wp-block-heading\">En qu\u00e9 consiste el acuerdo UE-Mercosur<\/h2>\n\n\n\n<p>El acuerdo comercial fue negociado durante m\u00e1s de dos d\u00e9cadas entre ambos bloques. La Comisi\u00f3n Europea aspira a obtener el visto bueno al pacto de los Estados miembros en una cumbre en Bruselas este jueves.<\/p>\n\n\n\n<p>Los socios plenos del bloque sudamericano -Argentina, Brasil, Paraguay y Uruguay- est\u00e1n, de su lado, listos para firmar.<\/p>\n\n\n\n<p>El contrato&nbsp;<strong>permitir\u00eda que la UE exporte m\u00e1s veh\u00edculos, maquinaria, vinos y licores a Sudam\u00e9rica.<\/strong>&nbsp;A cambio facilitar\u00eda la entrada de carne, az\u00facar, arroz, miel y soja sudamericanos a Europa.<\/p>\n\n\n\n<p>De aprobarse, el acuerdo UE-Mercosur crear\u00eda un mercado com\u00fan de 722 millones de habitantes.<\/p>\n\n\n\n<p><\/p>\n","protected":false},"excerpt":{"rendered":"<p>El presidente brasile\u00f1o se mostr\u00f3 conciliador y dijo que llevar\u00e1 el pedido a la cumbre del bloque este s\u00e1bado. En medio de\u00a0fuertes protestas de agricultores\u00a0en Bruselas, el presidente brasile\u00f1o,\u00a0Luiz In\u00e1cio&hellip; <\/p>\n","protected":false},"author":8,"featured_media":240213,"comment_status":"closed","ping_status":"open","sticky":false,"template":"","format":"standard","meta":{"footnotes":""},"categories":[11],"tags":[],"class_list":["post-240212","post","type-post","status-publish","format-standard","has-post-thumbnail","hentry","category-internacionales"],"_links":{"self":[{"href":"https:\/\/corrientesdetarde.com\/index.php\/wp-json\/wp\/v2\/posts\/240212","targetHints":{"allow":["GET"]}}],"collection":[{"href":"https:\/\/corrientesdetarde.com\/index.php\/wp-json\/wp\/v2\/posts"}],"about":[{"href":"https:\/\/corrientesdetarde.com\/index.php\/wp-json\/wp\/v2\/types\/post"}],"author":[{"embeddable":true,"href":"https:\/\/corrientesdetarde.com\/index.php\/wp-json\/wp\/v2\/users\/8"}],"replies":[{"embeddable":true,"href":"https:\/\/corrientesdetarde.com\/index.php\/wp-json\/wp\/v2\/comments?post=240212"}],"version-history":[{"count":1,"href":"https:\/\/corrientesdetarde.com\/index.php\/wp-json\/wp\/v2\/posts\/240212\/revisions"}],"predecessor-version":[{"id":240214,"href":"https:\/\/corrientesdetarde.com\/index.php\/wp-json\/wp\/v2\/posts\/240212\/revisions\/240214"}],"wp:featuredmedia":[{"embeddable":true,"href":"https:\/\/corrientesdetarde.com\/index.php\/wp-json\/wp\/v2\/media\/240213"}],"wp:attachment":[{"href":"https:\/\/corrientesdetarde.com\/index.php\/wp-json\/wp\/v2\/media?parent=240212"}],"wp:term":[{"taxonomy":"category","embeddable":true,"href":"https:\/\/corrientesdetarde.com\/index.php\/wp-json\/wp\/v2\/categories?post=240212"},{"taxonomy":"post_tag","embeddable":true,"href":"https:\/\/corrientesdetarde.com\/index.php\/wp-json\/wp\/v2\/tags?post=240212"}],"curies":[{"name":"wp","href":"https:\/\/api.w.org\/{rel}","templated":true}]}}