{"id":240291,"date":"2025-12-19T09:00:22","date_gmt":"2025-12-19T12:00:22","guid":{"rendered":"https:\/\/corrientesdetarde.com\/?p=240291"},"modified":"2025-12-19T09:00:24","modified_gmt":"2025-12-19T12:00:24","slug":"el-desempleo-crecio-aqui-un-3-interanual-en-el-tercer-trimestre","status":"publish","type":"post","link":"https:\/\/corrientesdetarde.com\/index.php\/informacion-general\/el-desempleo-crecio-aqui-un-3-interanual-en-el-tercer-trimestre\/","title":{"rendered":"El desempleo creci\u00f3 aqu\u00ed un 3% interanual en el tercer trimestre"},"content":{"rendered":"\n<p>A fines de septiembre, la tasa de desocupaci\u00f3n local era del 6,7%, seg\u00fan el reporte de Mercado de Trabajo difundido por el INDEC. A nivel regional, la cifra m\u00e1s alta la tuvo Resistencia con el 9,7% y la m\u00e1s baja Formosa con el 3,2%. El promedio del NEA lleg\u00f3 al 6,4%.<\/p>\n\n\n\n<p>El Instituto Nacional de Estad\u00edsticas y Censos (INDEC) public\u00f3 ayer el reporte &#8220;Mercado de trabajo. Tasas e indicadores socioecon\u00f3micos (EPH) del tercer trimestre de 2024&#8221;. De acuerdo a lo contenido en ese reporte, a fines de septiembre el desempleo se manten\u00eda en 6,7%, repitiendo el indicador con el que cerr\u00f3 el segundo trimestre del a\u00f1o.<\/p>\n\n\n\n<p>No obstante, si se lo mide con igual etapa del a\u00f1o pasado (en el tercer trimestre de 2024 la desocupaci\u00f3n aqu\u00ed llegaba solo al 3,7%), se puede apreciar un crecimiento del desempleo del 3% interanual.<\/p>\n\n\n\n<p>En tanto, en la regi\u00f3n ese indicador bajo tres d\u00e9cimas, ya que se posicion\u00f3 en 6,4% (en el segundo trimestre fue del 6,7%) . Puertas adentro del NEA, la mayor desocupaci\u00f3n la sigue teniendo Resistencia (Chaco) con el 9,7%. La cifra menor la ostenta Formosa con el 3,2% y completa el esquema Posadas con el 4,4%.<\/p>\n\n\n\n<p>Al avanzar con el desagregado de los datos de esta regi\u00f3n, con respecto al nivel de empleo &#8211; mide la proporci\u00f3n de personas ocupadas con relaci\u00f3n a la poblaci\u00f3n total-, que en el NEA fue del 40,8% promedio, a fines de septiembre el mejor guarismo lo tuvo Posadas (44,3%). En segundo lugar qued\u00f3 Resistencia con el 41,7%, tercero Corrientes con el 38,1% y el \u00faltimo puesto fue para Formosa con el 37,9%.<\/p>\n\n\n\n<p>Finalmente al analizar la tasa de actividad &#8211; que mide la poblaci\u00f3n econ\u00f3micamente activa sobre el total de la poblaci\u00f3n-, la mejor performance la tuvo Posadas con el 46,4%, seguido por Resistencia (46,2%), Corrientes (40,9%) y \u00faltimo Formosa (39,1%). En este segmento, el promedio del Nordeste en cuanto a actividad fue del 43,6%, la m\u00e1s baja entre las regiones del pa\u00eds.<\/p>\n\n\n\n<h2 class=\"wp-block-heading\">En todo el pa\u00eds<\/h2>\n\n\n\n<p>El panorama laboral argentino mostr\u00f3 una tendencia positiva durante el tercer trimestre del a\u00f1o. A nivel federal, la tasa de desempleo experiment\u00f3 una peque\u00f1a contracci\u00f3n, ubic\u00e1ndose en 6,6%, una mejora respecto al 6,9% registrado en el mismo per\u00edodo del a\u00f1o anterior, 2024. A pesar de esta reducci\u00f3n interanual, la cifra subraya que a\u00fan 1,4 millones de personas se encuentran en situaci\u00f3n de desocupaci\u00f3n, buscando activamente un empleo sin \u00e9xito.<\/p>\n\n\n\n<p>El informe estad\u00edstico detalla que esta mejora en la desocupaci\u00f3n se acompa\u00f1a de un fortalecimiento en otros indicadores clave. La tasa de empleo creci\u00f3 un 0,47%, pasando del 45% en el tercer trimestre de 2024 al 45,4% en los mismos meses de 2025. Paralelamente, la tasa de actividad registr\u00f3 un repunte de 0,3 puntos porcentuales, elev\u00e1ndose de 48,3% a 48,6%.<\/p>\n\n\n\n<p>En t\u00e9rminos absolutos, la Poblaci\u00f3n Econ\u00f3micamente Activa (PEA) del pa\u00eds alcanz\u00f3 los 22,6 millones de personas al cierre de septiembre. De este universo, 21,3 millones se encontraban ocupadas, mientras que los cerca de 1,4 millones mencionados previamente se manten\u00edan desocupados.<\/p>\n\n\n\n<p>El an\u00e1lisis intertrimestral (comparando el tercer trimestre de 2025 con el segundo trimestre de 2025) ratifica la tendencia positiva, con incrementos en la actividad y el empleo, y una baja en la desocupaci\u00f3n que el propio instituto calific\u00f3 como &#8220;estad\u00edsticamente significativa&#8221;.<\/p>\n\n\n\n<figure class=\"wp-block-image\"><img decoding=\"async\" src=\"https:\/\/www.diarioepoca.com\/content\/bucket\/0\/1467280w380h259c.jpg.webp\" alt=\"\"\/><\/figure>\n\n\n\n<h2 class=\"wp-block-heading\">Precarizados<\/h2>\n\n\n\n<p>El documento emite una advertencia crucial sobre la calidad del empleo existente. Una porci\u00f3n considerable de la poblaci\u00f3n ocupada experimenta distintos niveles de precariedad laboral. La tasa de subocupaci\u00f3n se situ\u00f3 en 10,9% de la PEA, lo que se traduce en 2,46 millones de personas que trabajan menos de 35 horas semanales y manifiestan su disposici\u00f3n a trabajar m\u00e1s horas. A esto se suma el grupo de los ocupados demandantes de empleo, que representaron el 16,1% de la PEA.<\/p>\n\n\n\n<p>Al considerar en conjunto a los desocupados, subocupados, ocupados demandantes y ocupados no demandantes disponibles, la presi\u00f3n total sobre el mercado laboral alcanz\u00f3 el 28,7% de la poblaci\u00f3n econ\u00f3micamente activa.<\/p>\n\n\n\n<figure class=\"wp-block-image\"><img decoding=\"async\" src=\"https:\/\/www.diarioepoca.com\/content\/bucket\/9\/1467279w380h216c.jpg.webp\" alt=\"\"\/><figcaption class=\"wp-element-caption\">A NIVEL NACIONAL RECONOCEN QUE SE REACTIV\u00d3 LA B\u00daSQUEDA DE EMPLEO.<\/figcaption><\/figure>\n\n\n\n<p>Por \u00faltimo, el INDEC se\u00f1ala que este indicador de presi\u00f3n general tambi\u00e9n mostr\u00f3 una reducci\u00f3n tanto en la comparaci\u00f3n interanual como frente al trimestre inmediatamente anterior.<\/p>\n\n\n\n<p>La evoluci\u00f3n del tercer trimestre confirma una reactivaci\u00f3n en la b\u00fasqueda y captura de puestos de trabajo, pero tambi\u00e9n resalta la necesidad de pol\u00edticas enfocadas en la generaci\u00f3n de empleo de tiempo completo y mejor remunerado<\/p>\n","protected":false},"excerpt":{"rendered":"<p>A fines de septiembre, la tasa de desocupaci\u00f3n local era del 6,7%, seg\u00fan el reporte de Mercado de Trabajo difundido por el INDEC. A nivel regional, la cifra m\u00e1s alta&hellip; <\/p>\n","protected":false},"author":3,"featured_media":240299,"comment_status":"closed","ping_status":"open","sticky":false,"template":"","format":"standard","meta":{"footnotes":""},"categories":[1],"tags":[],"class_list":["post-240291","post","type-post","status-publish","format-standard","has-post-thumbnail","hentry","category-informacion-general"],"_links":{"self":[{"href":"https:\/\/corrientesdetarde.com\/index.php\/wp-json\/wp\/v2\/posts\/240291","targetHints":{"allow":["GET"]}}],"collection":[{"href":"https:\/\/corrientesdetarde.com\/index.php\/wp-json\/wp\/v2\/posts"}],"about":[{"href":"https:\/\/corrientesdetarde.com\/index.php\/wp-json\/wp\/v2\/types\/post"}],"author":[{"embeddable":true,"href":"https:\/\/corrientesdetarde.com\/index.php\/wp-json\/wp\/v2\/users\/3"}],"replies":[{"embeddable":true,"href":"https:\/\/corrientesdetarde.com\/index.php\/wp-json\/wp\/v2\/comments?post=240291"}],"version-history":[{"count":1,"href":"https:\/\/corrientesdetarde.com\/index.php\/wp-json\/wp\/v2\/posts\/240291\/revisions"}],"predecessor-version":[{"id":240319,"href":"https:\/\/corrientesdetarde.com\/index.php\/wp-json\/wp\/v2\/posts\/240291\/revisions\/240319"}],"wp:featuredmedia":[{"embeddable":true,"href":"https:\/\/corrientesdetarde.com\/index.php\/wp-json\/wp\/v2\/media\/240299"}],"wp:attachment":[{"href":"https:\/\/corrientesdetarde.com\/index.php\/wp-json\/wp\/v2\/media?parent=240291"}],"wp:term":[{"taxonomy":"category","embeddable":true,"href":"https:\/\/corrientesdetarde.com\/index.php\/wp-json\/wp\/v2\/categories?post=240291"},{"taxonomy":"post_tag","embeddable":true,"href":"https:\/\/corrientesdetarde.com\/index.php\/wp-json\/wp\/v2\/tags?post=240291"}],"curies":[{"name":"wp","href":"https:\/\/api.w.org\/{rel}","templated":true}]}}