{"id":240292,"date":"2025-12-19T09:00:16","date_gmt":"2025-12-19T12:00:16","guid":{"rendered":"https:\/\/corrientesdetarde.com\/?p=240292"},"modified":"2025-12-19T09:00:20","modified_gmt":"2025-12-19T12:00:20","slug":"el-carnaval-llora-la-partida-de-mario-rey-fundador-de-arandu-beleza","status":"publish","type":"post","link":"https:\/\/corrientesdetarde.com\/index.php\/cultura\/el-carnaval-llora-la-partida-de-mario-rey-fundador-de-arandu-beleza\/","title":{"rendered":"El carnaval llora la partida de Mario Rey, fundador de Arand\u00fa Beleza"},"content":{"rendered":"\n<p>El dirigente falleci\u00f3 ayer a los 65 a\u00f1os. Dej\u00f3 una huella imborrable en la comunidad carnestolenda capitalina.<\/p>\n\n\n\n<p>El carnaval correntino est\u00e1 de luto por la muerte de Mario Rey (65), dirigente fundador de Arand\u00fa Beleza, comparsa que este a\u00f1o celebr\u00f3 dos d\u00e9cadas de trayectoria en la fiesta de Momo, \u00e1mbito en el que logr\u00f3 consolidarse como una de las protagonistas de los corsos del Tarag\u00fc\u00ed.<\/p>\n\n\n\n<p>La noticia de su partida gener\u00f3 un profundo pesar en el ambiente cultural capitalino y desde la comunidad carnestolenda valoraron su compromiso, su visi\u00f3n y su constante trabajo por jerarquizar al carnaval local.<\/p>\n\n\n\n<p>No obstante, la visi\u00f3n y capacidad de gesti\u00f3n que caracterizaron a Mario Rey se forjaron mucho antes de la fundaci\u00f3n de Arand\u00fa Beleza. Rey fue parte activa de comparsas hist\u00f3ricas y fundamentales en la evoluci\u00f3n del carnaval correntino, ya que form\u00f3 parte de las filas de Copacabana y Sapucay.<\/p>\n\n\n\n<p>Estas experiencias previas fueron cruciales para moldear su perfil como dirigente permiti\u00e9ndole acumular un conocimiento profundo de la estructura y las necesidades del espect\u00e1culo. Por esta raz\u00f3n, durante las \u00faltimas d\u00e9cadas fue considerado una voz sumamente respetada admirado tanto por su capacidad organizativa como por su b\u00fasqueda permanente de evoluci\u00f3n y modernizaci\u00f3n del carnaval.<\/p>\n\n\n\n<p>M\u00e1s all\u00e1 de su pasi\u00f3n innegable por el carnaval, Mario Rey tambi\u00e9n dej\u00f3 una huella significativa en el deporte de la provincia, espec\u00edficamente en el b\u00e1squet correntino. Su trayectoria deportiva fue destacada: defendi\u00f3 los colores del Club C\u00f3rdoba en la Liga Nacional B siendo parte fundamental del recordado equipo que se alz\u00f3 con el campeonato de la Asociaci\u00f3n de B\u00e1squet en el a\u00f1o 1986.<\/p>\n\n\n\n<p>Su compromiso con el deporte continu\u00f3 cosechando \u00e9xitos. Posteriormente, en 1989, integr\u00f3 el plantel del Club Ping\u00fcinos que consigui\u00f3 el \u00faltimo campeonato de la instituci\u00f3n, una temporada que qued\u00f3 grabada en la historia del b\u00e1squet local.<\/p>\n\n\n\n<h2 class=\"wp-block-heading\">Presentaci\u00f3n de la edici\u00f3n 2026<\/h2>\n\n\n\n<p>En las flamantes instalaciones de La Unidad (3 de Abril 57) est\u00e1 previsto que se haga hoy, a las 20:30, la presentaci\u00f3n oficial de los Carnavales Correntinos 2026 cuyas actividades tendr\u00e1n lugar del 31 de enero al 28 de febrero.<\/p>\n\n\n\n<p>El Momo correntino ofrecer\u00e1 diez noches de desfile convirtiendo al cors\u00f3dromo Nolo Al\u00edas en el gran escenario del ritmo y el color. A esto se suman tres fechas de shows de comparsas y el tradicional Duelo de Bater\u00edas, configurando una agenda que se proyecta como uno de los platos fuertes del calendario tur\u00edstico de la provincia.<\/p>\n\n\n\n<p>Las comparsas ser\u00e1n nuevamente las grandes protagonistas con puestas en escena que condensan meses de trabajo art\u00edstico, creatividad y compromiso comunitario. Cada desfile se presenta como una vidriera de la identidad correntina, donde se combinan m\u00fasica, danza, dise\u00f1o y narrativa visual.<\/p>\n","protected":false},"excerpt":{"rendered":"<p>El dirigente falleci\u00f3 ayer a los 65 a\u00f1os. Dej\u00f3 una huella imborrable en la comunidad carnestolenda capitalina. El carnaval correntino est\u00e1 de luto por la muerte de Mario Rey (65),&hellip; <\/p>\n","protected":false},"author":3,"featured_media":240298,"comment_status":"closed","ping_status":"open","sticky":false,"template":"","format":"standard","meta":{"footnotes":""},"categories":[15],"tags":[],"class_list":["post-240292","post","type-post","status-publish","format-standard","has-post-thumbnail","hentry","category-cultura"],"_links":{"self":[{"href":"https:\/\/corrientesdetarde.com\/index.php\/wp-json\/wp\/v2\/posts\/240292","targetHints":{"allow":["GET"]}}],"collection":[{"href":"https:\/\/corrientesdetarde.com\/index.php\/wp-json\/wp\/v2\/posts"}],"about":[{"href":"https:\/\/corrientesdetarde.com\/index.php\/wp-json\/wp\/v2\/types\/post"}],"author":[{"embeddable":true,"href":"https:\/\/corrientesdetarde.com\/index.php\/wp-json\/wp\/v2\/users\/3"}],"replies":[{"embeddable":true,"href":"https:\/\/corrientesdetarde.com\/index.php\/wp-json\/wp\/v2\/comments?post=240292"}],"version-history":[{"count":2,"href":"https:\/\/corrientesdetarde.com\/index.php\/wp-json\/wp\/v2\/posts\/240292\/revisions"}],"predecessor-version":[{"id":240318,"href":"https:\/\/corrientesdetarde.com\/index.php\/wp-json\/wp\/v2\/posts\/240292\/revisions\/240318"}],"wp:featuredmedia":[{"embeddable":true,"href":"https:\/\/corrientesdetarde.com\/index.php\/wp-json\/wp\/v2\/media\/240298"}],"wp:attachment":[{"href":"https:\/\/corrientesdetarde.com\/index.php\/wp-json\/wp\/v2\/media?parent=240292"}],"wp:term":[{"taxonomy":"category","embeddable":true,"href":"https:\/\/corrientesdetarde.com\/index.php\/wp-json\/wp\/v2\/categories?post=240292"},{"taxonomy":"post_tag","embeddable":true,"href":"https:\/\/corrientesdetarde.com\/index.php\/wp-json\/wp\/v2\/tags?post=240292"}],"curies":[{"name":"wp","href":"https:\/\/api.w.org\/{rel}","templated":true}]}}