{"id":240356,"date":"2025-12-20T01:03:44","date_gmt":"2025-12-20T04:03:44","guid":{"rendered":"https:\/\/corrientesdetarde.com\/?p=240356"},"modified":"2025-12-20T15:47:00","modified_gmt":"2025-12-20T18:47:00","slug":"el-gobernador-juan-pablo-valdes-desigo-a-ingrid-jetter-como-subsecretaria-de-seguridad","status":"publish","type":"post","link":"https:\/\/corrientesdetarde.com\/index.php\/actualidad\/el-gobernador-juan-pablo-valdes-desigo-a-ingrid-jetter-como-subsecretaria-de-seguridad\/","title":{"rendered":"El gobernador Juan Pablo Vald\u00e9s design\u00f3 a Ingrid Jetter como subsecretaria de Seguridad"},"content":{"rendered":"\n<p>El gobernador Juan Pablo Vald\u00e9s design\u00f3 a Ingrid Jetter como subsecretaria de Seguridad, quien&nbsp;fue puesta en funciones este viernes por el ministro de Seguridad, Ad\u00e1n Gaya. La asunci\u00f3n se concret\u00f3 mediante la entrega de la disposici\u00f3n respectiva y el decreto N\u00b058 de designaci\u00f3n.&nbsp;<\/p>\n\n\n\n<p>As\u00ed fue que el titular de la cartera le dio la bienvenida a la nueva funcionaria, se\u00f1alando que &#8220;Ingrid Jetter me acompa\u00f1ar\u00e1 en el Ministerio como subsecretaria de Seguridad de la provincia\u201d, donde \u201ctrabajar\u00e1 con las distintas \u00e1reas para profundizar los ejes trazados por el Gobernador y seguir los lineamientos de la nueva gesti\u00f3n\u201d.<\/p>\n\n\n\n<p>Asimismo, Gaya augur\u00f3 &#8220;aportar juntos con el pedido del Gobernador por la seguridad de los correntinos\u201d, y a su vez, remarc\u00f3 que \u201ctenemos un gran trabajo que realizar junto al servicio de la Polic\u00eda de Corrientes y el Servicio Penitenciario\u201d.<\/p>\n","protected":false},"excerpt":{"rendered":"<p>El gobernador Juan Pablo Vald\u00e9s design\u00f3 a Ingrid Jetter como subsecretaria de Seguridad, quien&nbsp;fue puesta en funciones este viernes por el ministro de Seguridad, Ad\u00e1n Gaya. La asunci\u00f3n se concret\u00f3&hellip; <\/p>\n","protected":false},"author":4,"featured_media":240365,"comment_status":"closed","ping_status":"open","sticky":false,"template":"","format":"standard","meta":{"footnotes":""},"categories":[23],"tags":[],"class_list":["post-240356","post","type-post","status-publish","format-standard","has-post-thumbnail","hentry","category-actualidad"],"_links":{"self":[{"href":"https:\/\/corrientesdetarde.com\/index.php\/wp-json\/wp\/v2\/posts\/240356","targetHints":{"allow":["GET"]}}],"collection":[{"href":"https:\/\/corrientesdetarde.com\/index.php\/wp-json\/wp\/v2\/posts"}],"about":[{"href":"https:\/\/corrientesdetarde.com\/index.php\/wp-json\/wp\/v2\/types\/post"}],"author":[{"embeddable":true,"href":"https:\/\/corrientesdetarde.com\/index.php\/wp-json\/wp\/v2\/users\/4"}],"replies":[{"embeddable":true,"href":"https:\/\/corrientesdetarde.com\/index.php\/wp-json\/wp\/v2\/comments?post=240356"}],"version-history":[{"count":2,"href":"https:\/\/corrientesdetarde.com\/index.php\/wp-json\/wp\/v2\/posts\/240356\/revisions"}],"predecessor-version":[{"id":240475,"href":"https:\/\/corrientesdetarde.com\/index.php\/wp-json\/wp\/v2\/posts\/240356\/revisions\/240475"}],"wp:featuredmedia":[{"embeddable":true,"href":"https:\/\/corrientesdetarde.com\/index.php\/wp-json\/wp\/v2\/media\/240365"}],"wp:attachment":[{"href":"https:\/\/corrientesdetarde.com\/index.php\/wp-json\/wp\/v2\/media?parent=240356"}],"wp:term":[{"taxonomy":"category","embeddable":true,"href":"https:\/\/corrientesdetarde.com\/index.php\/wp-json\/wp\/v2\/categories?post=240356"},{"taxonomy":"post_tag","embeddable":true,"href":"https:\/\/corrientesdetarde.com\/index.php\/wp-json\/wp\/v2\/tags?post=240356"}],"curies":[{"name":"wp","href":"https:\/\/api.w.org\/{rel}","templated":true}]}}