{"id":240367,"date":"2025-12-20T01:41:10","date_gmt":"2025-12-20T04:41:10","guid":{"rendered":"https:\/\/corrientesdetarde.com\/?p=240367"},"modified":"2025-12-20T01:41:22","modified_gmt":"2025-12-20T04:41:22","slug":"alistan-la-presentacion-oficial-de-una-nueva-edicion-del-festival-nacional-del-autentico-chamame-tradicional-mburucuya","status":"publish","type":"post","link":"https:\/\/corrientesdetarde.com\/index.php\/cultura\/alistan-la-presentacion-oficial-de-una-nueva-edicion-del-festival-nacional-del-autentico-chamame-tradicional-mburucuya\/","title":{"rendered":"Alistan la presentaci\u00f3n oficial de una nueva edici\u00f3n del festival nacional del autentico Chamam\u00e9 tradicional Mburucuy\u00e1"},"content":{"rendered":"\n<p>Este lunes 22 de diciembre a las 19 en el predio de La Unidad en las inmediaciones de 3 de abril 57 se presentar\u00e1 la 57\u00b0 edici\u00f3n provincial y 21\u00b0 nacional del Festival Autentico del Chamam\u00e9 Muburucuy\u00e1. La celebraci\u00f3n se realizar\u00e1 del 6 al 8 de febrero de 2026.<\/p>\n\n\n\n<figure class=\"wp-block-image size-full\"><img loading=\"lazy\" decoding=\"async\" width=\"635\" height=\"895\" src=\"https:\/\/corrientesdetarde.com\/wp-content\/uploads\/2025\/12\/image-466.png\" alt=\"\" class=\"wp-image-240368\" srcset=\"https:\/\/corrientesdetarde.com\/wp-content\/uploads\/2025\/12\/image-466.png 635w, https:\/\/corrientesdetarde.com\/wp-content\/uploads\/2025\/12\/image-466-213x300.png 213w\" sizes=\"auto, (max-width: 635px) 100vw, 635px\" \/><\/figure>\n","protected":false},"excerpt":{"rendered":"<p>Este lunes 22 de diciembre a las 19 en el predio de La Unidad en las inmediaciones de 3 de abril 57 se presentar\u00e1 la 57\u00b0 edici\u00f3n provincial y 21\u00b0&hellip; <\/p>\n","protected":false},"author":4,"featured_media":240369,"comment_status":"closed","ping_status":"open","sticky":false,"template":"","format":"standard","meta":{"footnotes":""},"categories":[15],"tags":[],"class_list":["post-240367","post","type-post","status-publish","format-standard","has-post-thumbnail","hentry","category-cultura"],"_links":{"self":[{"href":"https:\/\/corrientesdetarde.com\/index.php\/wp-json\/wp\/v2\/posts\/240367","targetHints":{"allow":["GET"]}}],"collection":[{"href":"https:\/\/corrientesdetarde.com\/index.php\/wp-json\/wp\/v2\/posts"}],"about":[{"href":"https:\/\/corrientesdetarde.com\/index.php\/wp-json\/wp\/v2\/types\/post"}],"author":[{"embeddable":true,"href":"https:\/\/corrientesdetarde.com\/index.php\/wp-json\/wp\/v2\/users\/4"}],"replies":[{"embeddable":true,"href":"https:\/\/corrientesdetarde.com\/index.php\/wp-json\/wp\/v2\/comments?post=240367"}],"version-history":[{"count":1,"href":"https:\/\/corrientesdetarde.com\/index.php\/wp-json\/wp\/v2\/posts\/240367\/revisions"}],"predecessor-version":[{"id":240370,"href":"https:\/\/corrientesdetarde.com\/index.php\/wp-json\/wp\/v2\/posts\/240367\/revisions\/240370"}],"wp:featuredmedia":[{"embeddable":true,"href":"https:\/\/corrientesdetarde.com\/index.php\/wp-json\/wp\/v2\/media\/240369"}],"wp:attachment":[{"href":"https:\/\/corrientesdetarde.com\/index.php\/wp-json\/wp\/v2\/media?parent=240367"}],"wp:term":[{"taxonomy":"category","embeddable":true,"href":"https:\/\/corrientesdetarde.com\/index.php\/wp-json\/wp\/v2\/categories?post=240367"},{"taxonomy":"post_tag","embeddable":true,"href":"https:\/\/corrientesdetarde.com\/index.php\/wp-json\/wp\/v2\/tags?post=240367"}],"curies":[{"name":"wp","href":"https:\/\/api.w.org\/{rel}","templated":true}]}}