{"id":240371,"date":"2025-12-20T01:51:10","date_gmt":"2025-12-20T04:51:10","guid":{"rendered":"https:\/\/corrientesdetarde.com\/?p=240371"},"modified":"2025-12-20T01:51:16","modified_gmt":"2025-12-20T04:51:16","slug":"la-navidad-llego-al-ministerio-de-obras-publicas","status":"publish","type":"post","link":"https:\/\/corrientesdetarde.com\/index.php\/destacados\/la-navidad-llego-al-ministerio-de-obras-publicas\/","title":{"rendered":"La Navidad lleg\u00f3 al Ministerio de Obras P\u00fablicas"},"content":{"rendered":"\n<p>Con los acordes de tradicionales villancicos navide\u00f1os, interpretados por el conjunto del Seminario Arquidiocesano Redemptoris Mater de Corrientes, que dirige el padre Eli Alfano, se vivi\u00f3 esta ma\u00f1ana un emotivo momento en el Ministerio de Obras y Servicios P\u00fablicos (MOSP), en el marco de la bendici\u00f3n del Pesebre de Navidad y ante la proximidad del nacimiento del Ni\u00f1o Jes\u00fas.<\/p>\n\n\n\n<p>El significativo acto tuvo lugar en el hall central del MOSP y cont\u00f3 con la participaci\u00f3n del personal del organismo. La ceremonia fue presidida por el ministro de Obras y Servicios P\u00fablicos, Jorge Meza, acompa\u00f1ado por el subsecretario de Obras P\u00fablicas, Antonio Portel, y el subsecretario de Coordinaci\u00f3n, Miguel Arismendi.<\/p>\n","protected":false},"excerpt":{"rendered":"<p>Con los acordes de tradicionales villancicos navide\u00f1os, interpretados por el conjunto del Seminario Arquidiocesano Redemptoris Mater de Corrientes, que dirige el padre Eli Alfano, se vivi\u00f3 esta ma\u00f1ana un emotivo&hellip; <\/p>\n","protected":false},"author":4,"featured_media":240372,"comment_status":"closed","ping_status":"open","sticky":false,"template":"","format":"standard","meta":{"footnotes":""},"categories":[26],"tags":[],"class_list":["post-240371","post","type-post","status-publish","format-standard","has-post-thumbnail","hentry","category-destacados"],"_links":{"self":[{"href":"https:\/\/corrientesdetarde.com\/index.php\/wp-json\/wp\/v2\/posts\/240371","targetHints":{"allow":["GET"]}}],"collection":[{"href":"https:\/\/corrientesdetarde.com\/index.php\/wp-json\/wp\/v2\/posts"}],"about":[{"href":"https:\/\/corrientesdetarde.com\/index.php\/wp-json\/wp\/v2\/types\/post"}],"author":[{"embeddable":true,"href":"https:\/\/corrientesdetarde.com\/index.php\/wp-json\/wp\/v2\/users\/4"}],"replies":[{"embeddable":true,"href":"https:\/\/corrientesdetarde.com\/index.php\/wp-json\/wp\/v2\/comments?post=240371"}],"version-history":[{"count":1,"href":"https:\/\/corrientesdetarde.com\/index.php\/wp-json\/wp\/v2\/posts\/240371\/revisions"}],"predecessor-version":[{"id":240373,"href":"https:\/\/corrientesdetarde.com\/index.php\/wp-json\/wp\/v2\/posts\/240371\/revisions\/240373"}],"wp:featuredmedia":[{"embeddable":true,"href":"https:\/\/corrientesdetarde.com\/index.php\/wp-json\/wp\/v2\/media\/240372"}],"wp:attachment":[{"href":"https:\/\/corrientesdetarde.com\/index.php\/wp-json\/wp\/v2\/media?parent=240371"}],"wp:term":[{"taxonomy":"category","embeddable":true,"href":"https:\/\/corrientesdetarde.com\/index.php\/wp-json\/wp\/v2\/categories?post=240371"},{"taxonomy":"post_tag","embeddable":true,"href":"https:\/\/corrientesdetarde.com\/index.php\/wp-json\/wp\/v2\/tags?post=240371"}],"curies":[{"name":"wp","href":"https:\/\/api.w.org\/{rel}","templated":true}]}}