{"id":240409,"date":"2025-12-20T09:46:00","date_gmt":"2025-12-20T12:46:00","guid":{"rendered":"https:\/\/corrientesdetarde.com\/?p=240409"},"modified":"2025-12-20T09:56:45","modified_gmt":"2025-12-20T12:56:45","slug":"buscan-al-menor-que-fue-linchado-y-encerrado-en-el-baul-de-un-auto","status":"publish","type":"post","link":"https:\/\/corrientesdetarde.com\/index.php\/policiales\/buscan-al-menor-que-fue-linchado-y-encerrado-en-el-baul-de-un-auto\/","title":{"rendered":"Buscan al menor que fue linchado y encerrado en el ba\u00fal de un auto."},"content":{"rendered":"\n<h2 class=\"wp-block-heading\">Este mi\u00e9rcoles por la noche se registr\u00f3 un episodio de extrema violencia en la ciudad de Corrientes, cuando un joven fue golpeado salvajemente por varias personas y luego encerrado en el ba\u00fal de un autom\u00f3vil, que se dio a la fuga del lugar.<\/h2>\n\n\n\n<p>El hecho ocurri\u00f3 en el barrio La Olla, sobre la avenida Arturo Frondizi, y fue presenciado por varios transe\u00fantes. De acuerdo a informaci\u00f3n preliminar, el ataque habr\u00eda estado motivado por un presunto robo atribuido a la v\u00edctima.<\/p>\n\n\n\n<p>No obstante, las autoridades confirmaron que hasta el momento no se present\u00f3 ninguna denuncia formal vinculada al episodio. Ante esta situaci\u00f3n y por la gravedad del hecho, se dispuso el inicio de una investigaci\u00f3n de oficio.<\/p>\n\n\n\n<p>La pesquisa busca determinar el paradero e identificar tanto al joven agredido como a las personas que participaron de la golpiza y del posterior traslado en el ba\u00fal del veh\u00edculo. En ese marco, se analizan las im\u00e1genes que se difundieron en redes sociales y se recaban testimonios para avanzar en el esclarecimiento del violento episodio.<\/p>\n","protected":false},"excerpt":{"rendered":"<p>Este mi\u00e9rcoles por la noche se registr\u00f3 un episodio de extrema violencia en la ciudad de Corrientes, cuando un joven fue golpeado salvajemente por varias personas y luego encerrado en&hellip; <\/p>\n","protected":false},"author":6,"featured_media":240411,"comment_status":"closed","ping_status":"open","sticky":false,"template":"","format":"standard","meta":{"footnotes":""},"categories":[33],"tags":[],"class_list":["post-240409","post","type-post","status-publish","format-standard","has-post-thumbnail","hentry","category-policiales"],"_links":{"self":[{"href":"https:\/\/corrientesdetarde.com\/index.php\/wp-json\/wp\/v2\/posts\/240409","targetHints":{"allow":["GET"]}}],"collection":[{"href":"https:\/\/corrientesdetarde.com\/index.php\/wp-json\/wp\/v2\/posts"}],"about":[{"href":"https:\/\/corrientesdetarde.com\/index.php\/wp-json\/wp\/v2\/types\/post"}],"author":[{"embeddable":true,"href":"https:\/\/corrientesdetarde.com\/index.php\/wp-json\/wp\/v2\/users\/6"}],"replies":[{"embeddable":true,"href":"https:\/\/corrientesdetarde.com\/index.php\/wp-json\/wp\/v2\/comments?post=240409"}],"version-history":[{"count":1,"href":"https:\/\/corrientesdetarde.com\/index.php\/wp-json\/wp\/v2\/posts\/240409\/revisions"}],"predecessor-version":[{"id":240412,"href":"https:\/\/corrientesdetarde.com\/index.php\/wp-json\/wp\/v2\/posts\/240409\/revisions\/240412"}],"wp:featuredmedia":[{"embeddable":true,"href":"https:\/\/corrientesdetarde.com\/index.php\/wp-json\/wp\/v2\/media\/240411"}],"wp:attachment":[{"href":"https:\/\/corrientesdetarde.com\/index.php\/wp-json\/wp\/v2\/media?parent=240409"}],"wp:term":[{"taxonomy":"category","embeddable":true,"href":"https:\/\/corrientesdetarde.com\/index.php\/wp-json\/wp\/v2\/categories?post=240409"},{"taxonomy":"post_tag","embeddable":true,"href":"https:\/\/corrientesdetarde.com\/index.php\/wp-json\/wp\/v2\/tags?post=240409"}],"curies":[{"name":"wp","href":"https:\/\/api.w.org\/{rel}","templated":true}]}}