{"id":240410,"date":"2025-12-20T09:56:00","date_gmt":"2025-12-20T12:56:00","guid":{"rendered":"https:\/\/corrientesdetarde.com\/?p=240410"},"modified":"2025-12-20T10:01:31","modified_gmt":"2025-12-20T13:01:31","slug":"el-gobierno-de-corrientes-presento-la-canasta-navidena","status":"publish","type":"post","link":"https:\/\/corrientesdetarde.com\/index.php\/locales\/el-gobierno-de-corrientes-presento-la-canasta-navidena\/","title":{"rendered":"El Gobierno de Corrientes present\u00f3 la Canasta Navide\u00f1a."},"content":{"rendered":"\n<h2 class=\"wp-block-heading\">Seg\u00fan anunciaron a trav\u00e9s de las redes oficiales, la Canasta tendr\u00e1 productos de primeras marcas y costar\u00e1 $11.990.<\/h2>\n\n\n\n<p>El Gobierno de Corrientes present\u00f3 este viernes la Canasta Navide\u00f1a a trav\u00e9s de sus redes sociales. Se inform\u00f3 que tendr\u00e1 un valor de $11.990 y siete productos t\u00edpicos del consumo familiar en las fiestas de fin de a\u00f1o, la canasta esta vez representa en su valor un 30% menos que el valor de los productos en g\u00f3ndola. Incluye 1 sidra etiqueta blanca, 1 anan\u00e1 fizz, 1 pan dulce, 1 bud\u00edn, 1 turr\u00f3n y 1 garrapi\u00f1ada.<\/p>\n\n\n\n<p>El acuerdo, que incluye al Banco de Corrientes, el gobierno de Corrientes, y la C\u00e1mara Correntina de Supermercados y Autoservicios, regir\u00e1 desde el 22 de diciembres hasta el 31 de enero de este a\u00f1o.<\/p>\n\n\n\n<p>Desde el Banco de Corrientes sumar\u00e1n las habituales promociones para los clientes de la entidad financiera. La promo navidad, que regir\u00e1 los d\u00edas 22, 23, 29 &nbsp;y 30, para realizar las compras en un pago con tarjeta de d\u00e9bito y cr\u00e9dito Visa y Mastercard, tendr\u00e1n un descuento adicional del 40%, con lo cual la canasta costar\u00e1 con esa modalidad $7.194. Se trata de un ahorro respecto del precio promedio del mercado de un 58%.<ins><\/ins><\/p>\n\n\n\n<p>&#8220;Costar\u00e1 $7.194 y, para facilitar el acceso a la misma, el Banco dispondr\u00e1 de promociones que incluyen hasta un 40% de descuento en un solo pago. Otra de las promociones es el Especial Fiestas, habilitada para los d\u00edas 19, 20 y 21 de diciembre; y 3 y 4 de enero. Pagando con MODO habr\u00e1 hasta un 40% de descuento en diferentes comercios&#8221;, especificaron, en tanto los locales y condiciones de compra se pueden conocer de manera detallada en el sitio www.bancodecorrientes.com.ar<\/p>\n\n\n\n<blockquote class=\"twitter-tweet\"><p lang=\"es\" dir=\"ltr\">Asimismo, la Canasta Navide\u00f1a tendr\u00e1 productos de primeras marcas disponibles en comercios adheridos de toda la provincia.<br><br>Costar\u00e1 $7.194 y, para facilitar el acceso a la misma, el <a href=\"https:\/\/twitter.com\/BancodeCtes?ref_src=twsrc%5Etfw\">@BancodeCtes<\/a> dispondr\u00e1 de promociones que incluyen hasta un 40% de descuento en un solo pago. <a href=\"https:\/\/t.co\/NcXlWqfIow\">https:\/\/t.co\/NcXlWqfIow<\/a> <a href=\"https:\/\/t.co\/bXqXuU2m6X\">pic.twitter.com\/bXqXuU2m6X<\/a><\/p>&mdash; Gobierno de Corrientes (@CorrientesGob) <a href=\"https:\/\/twitter.com\/CorrientesGob\/status\/2001986996005376036?ref_src=twsrc%5Etfw\">December 19, 2025<\/a><\/blockquote> <script async src=\"https:\/\/platform.twitter.com\/widgets.js\" charset=\"utf-8\"><\/script>\n\n\n\n<blockquote class=\"twitter-tweet\"><p lang=\"es\" dir=\"ltr\">Otra de las promociones del <a href=\"https:\/\/twitter.com\/BancodeCtes?ref_src=twsrc%5Etfw\">@BancodeCtes<\/a> es el Especial Fiestas, habilitada para los d\u00edas 19, 20 y 21 de diciembre; y 3 y 4 de enero. Exclusivo con tarjetas de cr\u00e9dito del BanCo a trav\u00e9s de M\u00e1sBanco Modo.<br><br>Locales y condiciones de compra en <a href=\"https:\/\/t.co\/Ke4RYZuQDJ\">https:\/\/t.co\/Ke4RYZuQDJ<\/a> <a href=\"https:\/\/t.co\/tXz591hxUi\">https:\/\/t.co\/tXz591hxUi<\/a> <a href=\"https:\/\/t.co\/qtGnQ2QAZy\">pic.twitter.com\/qtGnQ2QAZy<\/a><\/p>&mdash; Gobierno de Corrientes (@CorrientesGob) <a href=\"https:\/\/twitter.com\/CorrientesGob\/status\/2001987304983023930?ref_src=twsrc%5Etfw\">December 19, 2025<\/a><\/blockquote> <script async src=\"https:\/\/platform.twitter.com\/widgets.js\" charset=\"utf-8\"><\/script>\n","protected":false},"excerpt":{"rendered":"<p>Seg\u00fan anunciaron a trav\u00e9s de las redes oficiales, la Canasta tendr\u00e1 productos de primeras marcas y costar\u00e1 $11.990. El Gobierno de Corrientes present\u00f3 este viernes la Canasta Navide\u00f1a a trav\u00e9s&hellip; <\/p>\n","protected":false},"author":6,"featured_media":240413,"comment_status":"closed","ping_status":"open","sticky":false,"template":"","format":"standard","meta":{"footnotes":""},"categories":[26,8],"tags":[],"class_list":["post-240410","post","type-post","status-publish","format-standard","has-post-thumbnail","hentry","category-destacados","category-locales"],"_links":{"self":[{"href":"https:\/\/corrientesdetarde.com\/index.php\/wp-json\/wp\/v2\/posts\/240410","targetHints":{"allow":["GET"]}}],"collection":[{"href":"https:\/\/corrientesdetarde.com\/index.php\/wp-json\/wp\/v2\/posts"}],"about":[{"href":"https:\/\/corrientesdetarde.com\/index.php\/wp-json\/wp\/v2\/types\/post"}],"author":[{"embeddable":true,"href":"https:\/\/corrientesdetarde.com\/index.php\/wp-json\/wp\/v2\/users\/6"}],"replies":[{"embeddable":true,"href":"https:\/\/corrientesdetarde.com\/index.php\/wp-json\/wp\/v2\/comments?post=240410"}],"version-history":[{"count":1,"href":"https:\/\/corrientesdetarde.com\/index.php\/wp-json\/wp\/v2\/posts\/240410\/revisions"}],"predecessor-version":[{"id":240414,"href":"https:\/\/corrientesdetarde.com\/index.php\/wp-json\/wp\/v2\/posts\/240410\/revisions\/240414"}],"wp:featuredmedia":[{"embeddable":true,"href":"https:\/\/corrientesdetarde.com\/index.php\/wp-json\/wp\/v2\/media\/240413"}],"wp:attachment":[{"href":"https:\/\/corrientesdetarde.com\/index.php\/wp-json\/wp\/v2\/media?parent=240410"}],"wp:term":[{"taxonomy":"category","embeddable":true,"href":"https:\/\/corrientesdetarde.com\/index.php\/wp-json\/wp\/v2\/categories?post=240410"},{"taxonomy":"post_tag","embeddable":true,"href":"https:\/\/corrientesdetarde.com\/index.php\/wp-json\/wp\/v2\/tags?post=240410"}],"curies":[{"name":"wp","href":"https:\/\/api.w.org\/{rel}","templated":true}]}}