{"id":240415,"date":"2025-12-20T09:59:00","date_gmt":"2025-12-20T12:59:00","guid":{"rendered":"https:\/\/corrientesdetarde.com\/?p=240415"},"modified":"2025-12-20T10:05:35","modified_gmt":"2025-12-20T13:05:35","slug":"los-nietos-de-monzon-y-bonavena-se-enfrentan-en-una-pelea-que-revive-una-rivalidad-del-boxeo-argentino","status":"publish","type":"post","link":"https:\/\/corrientesdetarde.com\/index.php\/deportes\/los-nietos-de-monzon-y-bonavena-se-enfrentan-en-una-pelea-que-revive-una-rivalidad-del-boxeo-argentino\/","title":{"rendered":"Los nietos de Monz\u00f3n y Bonavena se enfrentan en una pelea que revive una rivalidad del boxeo argentino."},"content":{"rendered":"\n<h2 class=\"wp-block-heading\">Agust\u00edn Monz\u00f3n y Franco Bonavena animar\u00e1n un combate de fuerte carga simb\u00f3lica en el festival P\u00e1rense de Manos III en el estadio de Hurac\u00e1n.<\/h2>\n\n\n\n<p>El boxeo argentino vivir\u00e1 este s\u00e1bado un hecho de fuerte contenido simb\u00f3lico:&nbsp;<strong>Agust\u00edn Monz\u00f3n<\/strong>, nieto de&nbsp;<strong>Carlos Monz\u00f3n<\/strong>, y&nbsp;<strong>Franco Bonavena<\/strong>, nieto de&nbsp;<strong>Oscar \u201cRingo\u201d Bonavena<\/strong>, se enfrentar\u00e1n en una pelea de cuatro rounds que revive una rivalidad ilustre.<\/p>\n\n\n\n<p>El combate se concretar\u00e1 a las 18:00 en el\u00a0<strong>Palacio Tom\u00e1s Adolfo Duc\u00f3<\/strong>, en el marco del festival\u00a0<strong>P\u00e1rense de Manos III<\/strong>, un evento que re\u00fane a boxeadores amateurs, streamers y figuras del espect\u00e1culo.<\/p>\n\n\n\n<p>La expectativa generada es enorme. No solo por el choque de apellidos ilustres, sino porque este enfrentamiento le dar\u00e1 a los fan\u00e1ticos el duelo que sus abuelos, dos de los m\u00e1s grandes \u00edconos del boxeo nacional, nunca concretaron arriba del ring.<\/p>\n\n\n\n<h2 class=\"wp-block-heading\"><strong>Una rivalidad que naci\u00f3 fuera del ring y se traslada a una nueva generaci\u00f3n<\/strong><\/h2>\n\n\n\n<figure class=\"wp-block-image\"><img decoding=\"async\" src=\"https:\/\/tn.com.ar\/resizer\/v2\/monzon-y-bonavena-dos-leyendas-del-boxeo-foto-efe-YESILSXFUFGKJL67ST3KUU7V4I.jpg?auth=d0ce2936abfb17972cfb036d740ae573767b05977f8a89fc6af72c12d1044f44&amp;width=767\" alt=\"Monz\u00f3n y Bonavena, dos leyendas del boxeo (Foto: EFE).\"\/><figcaption class=\"wp-element-caption\">Monz\u00f3n y Bonavena, dos leyendas del boxeo (Foto: EFE).<\/figcaption><\/figure>\n\n\n\n<p><strong>Carlos Monz\u00f3n<\/strong>&nbsp;y&nbsp;<strong>Ringo Bonavena<\/strong>&nbsp;fueron contempor\u00e1neos, pero jam\u00e1s se cruzaron en una pelea oficial. Sin embargo, la rivalidad existi\u00f3 y estuvo marcada por personalidades fuertes y egos gigantes. El quiebre definitivo entre ambos ocurri\u00f3 la noche del&nbsp;<strong>12 de diciembre de 1974<\/strong>&nbsp;en el Gran Hotel Ciudad de M\u00e9xico, cuando Ringo lanz\u00f3 bromas pesadas sobre Monz\u00f3n, quien no se lo tom\u00f3 nada bien. El ambiente se puso tenso y tuvieron que intervenir terceros para evitar que la situaci\u00f3n pasara a mayores.<\/p>\n\n\n\n<p>Monz\u00f3n, considerado uno de los mejores boxeadores de todos los tiempos, fue campe\u00f3n mundial mediano durante m\u00e1s de siete a\u00f1os (1970-1977) y defendi\u00f3 su t\u00edtulo de la&nbsp;<strong>AMB<\/strong>&nbsp;en 14 oportunidades. Imbatible en el ring y pol\u00e9mico fuera de \u00e9l, su figura sigue siendo leyenda.<\/p>\n\n\n\n<p>Por su parte,&nbsp;<strong>Oscar \u201cRingo\u201d Bonavena<\/strong>&nbsp;se gan\u00f3 el coraz\u00f3n del pueblo con su carisma, potencia y desparpajo. Su pelea contra&nbsp;<strong>Muhammad Ali<\/strong>&nbsp;en 1970, donde aguant\u00f3 hasta el 15\u00b0 round, qued\u00f3 en la historia. Aunque nunca fue campe\u00f3n mundial, se convirti\u00f3 en un \u00eddolo popular y su tr\u00e1gico final en 1976 lo volvi\u00f3 una figura de culto.<\/p>\n\n\n\n<h2 class=\"wp-block-heading\"><strong>Los herederos: qui\u00e9nes son Agust\u00edn Monz\u00f3n y Franco Bonavena<\/strong><\/h2>\n\n\n\n<figure class=\"wp-block-image\"><img decoding=\"async\" src=\"https:\/\/tn.com.ar\/resizer\/v2\/foto-igparensedemanosok-RQN6PUGM35HHBHBRRN4UWWE2OE.PNG?auth=3aad649d7459a30471f41b989e1d70bd36effe8ae9f679df2f1547b3f6ff1983&amp;width=767\" alt=\"(Foto: IG@parensedemanosok)\"\/><figcaption class=\"wp-element-caption\">(Foto: IG@parensedemanosok)<\/figcaption><\/figure>\n\n\n\n<p>En el ring de Hurac\u00e1n, los nietos de estas leyendas buscar\u00e1n saldar una cuenta pendiente.&nbsp;<strong>Franco Bonavena<\/strong>, hijo de Natalio y nieto de Ringo, tiene 29 a\u00f1os y es estudiante de dise\u00f1o. Antes de calzarse los guantes, jug\u00f3 al rugby, pero una lesi\u00f3n lo alej\u00f3. Reci\u00e9n a los 27 a\u00f1os empez\u00f3 a boxear y ahora tendr\u00e1 la oportunidad de mostrarse ante miles de fan\u00e1ticos y figuras del streaming.<\/p>\n\n\n\n<p>En la otra esquina estar\u00e1&nbsp;<strong>Agust\u00edn Monz\u00f3n<\/strong>, hijo de Silvia y nieto del legendario campe\u00f3n. \u201cDe chiquito, recuerdo muy fuerte dos cosas. Una, de mi abuelo, ver la estatua en Santa Fe. Y otra, ver una pel\u00edcula y quedar fascinado\u201d, cont\u00f3 en su canal de YouTube. A los 17 a\u00f1os se mud\u00f3 a Buenos Aires, trabaj\u00f3 de bachero, en un hotel y hasta de churrero, pero su gran sue\u00f1o era la actuaci\u00f3n. Lo cumpli\u00f3: interpret\u00f3 a un boxeador en la obra \u201cF\u00e1jense\u201d y particip\u00f3 en series como \u201cEl Eternauta\u201d, \u201cCoppola\u201d y \u201cMonz\u00f3n\u201d, la biograf\u00eda de su abuelo. Adem\u00e1s, compiti\u00f3 en el reality \u201cSurvivor\u201d.<\/p>\n\n\n\n<h2 class=\"wp-block-heading\"><strong>El evento que promete ser \u201cel combate de todos los tiempos\u201d<\/strong><\/h2>\n\n\n\n<p><strong>P\u00e1rense de Manos III<\/strong>&nbsp;reunir\u00e1 a 22 peleadores en 11 combates, con la pelea entre Monz\u00f3n y Bonavena como plato fuerte. El evento, organizado por el programa \u201cParen la Mano\u201d, se realizar\u00e1 en el estadio de Hurac\u00e1n, donde Ringo Bonavena tiene su propia estatua por su fuerte v\u00ednculo con el club de Parque de los Patricios.<\/p>\n\n\n\n<p>La velada ser\u00e1 transmitida en vivo por el canal de Kick de&nbsp;<strong>@luquitarodrigue<\/strong>&nbsp;y por&nbsp;<strong>Telefe<\/strong>.<\/p>\n","protected":false},"excerpt":{"rendered":"<p>Agust\u00edn Monz\u00f3n y Franco Bonavena animar\u00e1n un combate de fuerte carga simb\u00f3lica en el festival P\u00e1rense de Manos III en el estadio de Hurac\u00e1n. El boxeo argentino vivir\u00e1 este s\u00e1bado&hellip; <\/p>\n","protected":false},"author":6,"featured_media":240418,"comment_status":"closed","ping_status":"open","sticky":false,"template":"","format":"standard","meta":{"footnotes":""},"categories":[4],"tags":[],"class_list":["post-240415","post","type-post","status-publish","format-standard","has-post-thumbnail","hentry","category-deportes"],"_links":{"self":[{"href":"https:\/\/corrientesdetarde.com\/index.php\/wp-json\/wp\/v2\/posts\/240415","targetHints":{"allow":["GET"]}}],"collection":[{"href":"https:\/\/corrientesdetarde.com\/index.php\/wp-json\/wp\/v2\/posts"}],"about":[{"href":"https:\/\/corrientesdetarde.com\/index.php\/wp-json\/wp\/v2\/types\/post"}],"author":[{"embeddable":true,"href":"https:\/\/corrientesdetarde.com\/index.php\/wp-json\/wp\/v2\/users\/6"}],"replies":[{"embeddable":true,"href":"https:\/\/corrientesdetarde.com\/index.php\/wp-json\/wp\/v2\/comments?post=240415"}],"version-history":[{"count":1,"href":"https:\/\/corrientesdetarde.com\/index.php\/wp-json\/wp\/v2\/posts\/240415\/revisions"}],"predecessor-version":[{"id":240419,"href":"https:\/\/corrientesdetarde.com\/index.php\/wp-json\/wp\/v2\/posts\/240415\/revisions\/240419"}],"wp:featuredmedia":[{"embeddable":true,"href":"https:\/\/corrientesdetarde.com\/index.php\/wp-json\/wp\/v2\/media\/240418"}],"wp:attachment":[{"href":"https:\/\/corrientesdetarde.com\/index.php\/wp-json\/wp\/v2\/media?parent=240415"}],"wp:term":[{"taxonomy":"category","embeddable":true,"href":"https:\/\/corrientesdetarde.com\/index.php\/wp-json\/wp\/v2\/categories?post=240415"},{"taxonomy":"post_tag","embeddable":true,"href":"https:\/\/corrientesdetarde.com\/index.php\/wp-json\/wp\/v2\/tags?post=240415"}],"curies":[{"name":"wp","href":"https:\/\/api.w.org\/{rel}","templated":true}]}}