{"id":240417,"date":"2025-12-20T10:02:00","date_gmt":"2025-12-20T13:02:00","guid":{"rendered":"https:\/\/corrientesdetarde.com\/?p=240417"},"modified":"2025-12-20T10:13:09","modified_gmt":"2025-12-20T13:13:09","slug":"publicaron-3965-archivos-del-caso-epstein","status":"publish","type":"post","link":"https:\/\/corrientesdetarde.com\/index.php\/internacionales\/publicaron-3965-archivos-del-caso-epstein\/","title":{"rendered":"Publicaron 3965 archivos del caso Epstein."},"content":{"rendered":"\n<h2 class=\"wp-block-heading\">Las fotos y documentos divulgados por la Justicia revelan fiestas con celebridades. Las cr\u00edticas por las p\u00e1ginas censuradas.<\/h2>\n\n\n\n<p>El\u00a0<strong>Departamento de Justicia de Estados Unidos<\/strong>\u00a0comenz\u00f3 este viernes a publicar los esperados archivos de la investigaci\u00f3n sobre\u00a0<strong>Jeffrey Epstein<\/strong>, el financista\u00a0<strong>condenado por delitos sexuales<\/strong>\u00a0que\u00a0muri\u00f3 en prisi\u00f3n en 2019.<\/p>\n\n\n\n<p>Sin embargo, la publicaci\u00f3n de los documentos, en su mayor\u00eda con grandes secciones censuradas, volvi\u00f3 a encender la pol\u00e9mica y las sospechas de encubrimiento al m\u00e1s alto nivel.<\/p>\n\n\n\n<p>Entre el material difundido aparecen&nbsp;<strong>fotos in\u00e9ditas del expresidente Bill Clinton<\/strong>&nbsp;y otras celebridades como&nbsp;<strong>Diana Ross<\/strong>,&nbsp;<strong>Mick Jagger<\/strong>&nbsp;y&nbsp;<strong>Michael Jackson<\/strong>&nbsp;junto a Epstein. Pero la mayor\u00eda de los documentos muestran&nbsp;<strong>amplios recuadros negros<\/strong>, lo que alimenta las dudas sobre si la publicaci\u00f3n realmente aportar\u00e1 claridad o solo profundizar\u00e1 las teor\u00edas conspirativas que rodean el caso.<\/p>\n\n\n\n<figure class=\"wp-block-image\"><img decoding=\"async\" src=\"https:\/\/tn.com.ar\/resizer\/v2\/el-lider-de-los-rolling-stones-mick-jagger-junto-al-expridente-bill-clinton-en-una-foto-del-expediente-epstein-foto-departamento-de-justicia-de-estados-unidos-A346FSD3IDP2FZHNMMSIJJZIBY.jpg?auth=fc5cc70353947a10b8828d7d1c8df9a19f059c3f4dd3d886f661366ef038227a&amp;width=767\" alt=\"El l\u00edder de los Rolling Stones, Mick Jagger, junto al expridente Bill Clinton en una foto del expediente Epstein. (Foto: Departamento de Justicia de Estados Unidos).\"\/><figcaption class=\"wp-element-caption\">El l\u00edder de los Rolling Stones, Mick Jagger, junto al expridente Bill Clinton en una foto del expediente Epstein. (Foto: Departamento de Justicia de Estados Unidos).<\/figcaption><\/figure>\n\n\n\n<h2 class=\"wp-block-heading\">Im\u00e1genes in\u00e9ditas y nombres ocultos: lo que revelan (y lo que ocultan) los archivos<\/h2>\n\n\n\n<p>Las nuevas fotos incluyen una imagen de&nbsp;<strong>Clinton recostado en un jacuzzi<\/strong>, con los brazos detr\u00e1s de la cabeza y acompa\u00f1ado por otra persona cuyo rostro fue censurado, y otra donde nada junto a una mujer de cabello oscuro que ser\u00eda&nbsp;<strong>Ghislaine Maxwell<\/strong>, la c\u00f3mplice de Epstein.<\/p>\n\n\n\n<figure class=\"wp-block-image\"><img decoding=\"async\" src=\"https:\/\/tn.com.ar\/resizer\/v2\/una-foto-de-bill-clinton-en-un-jacuzzi-junto-a-otra-persona-en-los-archivos-desclasificados-del-expediente-epstein-foto-departamento-de-justicia-de-estados-unidos-S2RN4D24XBAKDJZRRWLGYIXZ2A.jpg?auth=c701eab25af8ec88628380b8c61ca25515e71725ae382b6ee08f7b05b592b831&amp;width=767\" alt=\"Una foto de Bill Clinton en un jacuzzi junto a otra persona en los archivos desclasificados del expediente Epstein. (Foto: Departamento de Justicia de Estados Unidos).\"\/><figcaption class=\"wp-element-caption\">Una foto de Bill Clinton en un jacuzzi junto a otra persona en los archivos desclasificados del expediente Epstein. (Foto: Departamento de Justicia de Estados Unidos).<\/figcaption><\/figure>\n\n\n\n<p>Tambi\u00e9n se ve a Maxwell con el expr\u00edncipe brit\u00e1nico&nbsp;<strong>Andr\u00e9s<\/strong>, acostado sobre las piernas de cinco personas.<\/p>\n\n\n\n<figure class=\"wp-block-image\"><img decoding=\"async\" src=\"https:\/\/tn.com.ar\/resizer\/v2\/el-expresidente-estadounidense-bill-clinton-nada-en-una-piscina-en-esta-imagen-publicada-por-el-departamento-de-justicia-foto-departamento-de-justicia-de-estados-unidos-VO3KD2HZL6JQ7SLFVXQPP5STSU.jpg?auth=234f20c90181e895d0aa172e41158a2992428f5e2ff085f31bf85d19ca6c5fee&amp;width=767\" alt=\"El expresidente estadounidense Bill Clinton nada en una piscina en esta imagen publicada por el Departamento de Justicia. (Foto: Departamento de Justicia de Estados Unidos).\"\/><figcaption class=\"wp-element-caption\">El expresidente estadounidense Bill Clinton nada en una piscina en esta imagen publicada por el Departamento de Justicia. (Foto: Departamento de Justicia de Estados Unidos).<\/figcaption><\/figure>\n\n\n\n<p>En los documentos aparecen siete p\u00e1ginas con una&nbsp;<strong>lista de 254 masajistas<\/strong>, todos los nombres completamente tachados \u201cpara proteger informaci\u00f3n de potenciales v\u00edctimas\u201d, seg\u00fan la explicaci\u00f3n oficial.<\/p>\n\n\n\n<figure class=\"wp-block-image\"><img decoding=\"async\" src=\"https:\/\/tn.com.ar\/resizer\/v2\/this-photo-illustration-taken-in-washington-dc-on-december-19-2025-shows-redacted-documents-after-the-us-justice-department-began-releasing-the-long-awaited-records-from-the-investigation-into-the-politically-explosive-case-of-convicted-sex-offender-jeffrey-epstein-photo-by-mandel-ngan-afp-3HHPRHJJRFCKPGRH2OPWWWQWQU.jpg?auth=333b83eece141b6f0c4c10808676132b463700bd5b0dc41d5737c0cca2f46d92&amp;width=767\" alt=\"This photo illustration taken in Washington, DC, on December 19, 2025 shows redacted documents after the US Justice Department began releasing the long-awaited records from the investigation into the politically explosive case of convicted sex offender Jeffrey Epstein. (Photo by Mandel NGAN \/ AFP)\"\/><figcaption class=\"wp-element-caption\">This photo illustration taken in Washington, DC, on December 19, 2025 shows redacted documents after the US Justice Department began releasing the long-awaited records from the investigation into the politically explosive case of convicted sex offender Jeffrey Epstein. (Photo by Mandel NGAN \/ AFP)<\/figcaption><\/figure>\n\n\n\n<p>Otras im\u00e1genes muestran a Epstein y acompa\u00f1antes con los rostros difuminados y armas de fuego, mientras que decenas de fotos de figuras desnudas o con poca ropa tambi\u00e9n fueron censuradas.<\/p>\n\n\n\n<figure class=\"wp-block-image\"><img decoding=\"async\" src=\"https:\/\/tn.com.ar\/resizer\/v2\/ghislaine-maxwell-junto-al-mago-david-copperfield-foto-departamento-de-justicia-de-estados-unidos-S4XFSORKHKEM3VC2CMVHM6K5U4.jpg?auth=56fc7ea9476887a8c43060ff99bfd6149e7e32e93be7145334e2a288d544d6f1&amp;width=767\" alt=\"Ghislaine Maxwell junto al mago David Copperfield.  (Foto: Departamento de Justicia de Estados Unidos).\n\"\/><\/figure>\n\n\n\n<p>Ghislaine Maxwell junto al mago David Copperfield. (Foto: Departamento de Justicia de Estados Unidos).<\/p>\n\n\n\n<h2 class=\"wp-block-heading\">Reacciones pol\u00edticas y acusaciones cruzadas por la censura<\/h2>\n\n\n\n<p>La publicaci\u00f3n de los archivos gener\u00f3 una ola de reacciones en la pol\u00edtica estadounidense. Desde el oficialismo, el director de comunicaciones de la Casa Blanca,&nbsp;<strong>Steven Cheung<\/strong>, ironiz\u00f3 en redes sociales sobre las im\u00e1genes de Clinton: \u201c@BillClinton simplemente relaj\u00e1ndose, sin una preocupaci\u00f3n en el mundo. Poco sab\u00eda \u00e9l\u2026\u201d. La secretaria de prensa&nbsp;<strong>Karoline Leavitt<\/strong>&nbsp;sum\u00f3: \u201c\u00a1Ay, Dios!\u201d.<\/p>\n\n\n\n<figure class=\"wp-block-image\"><img decoding=\"async\" src=\"https:\/\/tn.com.ar\/resizer\/v2\/jeffrey-epstein-junto-a-michael-jackson-foto-departamento-de-justicia-de-estados-unidos-LFEJIR4T5UZLARIREHPWMZ4SXQ.jpg?auth=c1ce1a08d69a748cf77de95b0b5fcdd16c41708a326bae926481c5ac87628d65&amp;width=767\" alt=\"Jeffrey Epstein junto a Michael Jackson (Foto: Departamento de Justicia de Estados Unidos).\n\"\/><figcaption class=\"wp-element-caption\">Jeffrey Epstein junto a Michael Jackson (Foto: Departamento de Justicia de Estados Unidos).<\/figcaption><\/figure>\n\n\n\n<p>Pero los&nbsp;<strong>dem\u00f3cratas<\/strong>&nbsp;no tardaron en expresar su enojo por la falta de transparencia. El l\u00edder de la minor\u00eda dem\u00f3crata en el Senado,&nbsp;<strong>Chuck Schumer<\/strong>, sostuvo: \u201cEste conjunto de documentos fuertemente censurados que public\u00f3 hoy el Departamento de Justicia es solo una fracci\u00f3n de todo el conjunto de pruebas\u201d. Y agreg\u00f3: \u201cPor ejemplo, las 119 p\u00e1ginas de un documento estaban completamente tachadas\u201d.<\/p>\n\n\n\n<figure class=\"wp-block-image\"><img decoding=\"async\" src=\"https:\/\/tn.com.ar\/resizer\/v2\/el-expresidente-bill-clinton-junto-a-una-mujer-foto-departamento-de-justicia-de-estados-unidos-J5MCTWFREYIOOY35B6NTE4LJK4.jpg?auth=0cff1e1527bd4e82fcd96f068adccdf868db0ed9db96257887d30593272b0f21&amp;width=767\" alt=\"El expresidente Bill Clinton junto a una mujer.  (Foto: Departamento de Justicia de Estados Unidos).\n\"\/><figcaption class=\"wp-element-caption\">El expresidente Bill Clinton junto a una mujer. (Foto: Departamento de Justicia de Estados Unidos).<\/figcaption><\/figure>\n\n\n\n<p>Minutos despu\u00e9s de la publicaci\u00f3n, el vocero de&nbsp;<strong>Bill Clinton&nbsp;<\/strong>(presidente entre 1993 y 2001),&nbsp;<strong>\u00c1ngel Ure\u00f1a<\/strong>, sali\u00f3 a defenderlo y marc\u00f3 diferencias entre quienes cortaron la relaci\u00f3n con Epstein al conocer sus cr\u00edmenes y quienes la mantuvieron. \u201cClinton pertenece al primer grupo\u201d, asegur\u00f3.<\/p>\n\n\n\n<figure class=\"wp-block-image\"><img decoding=\"async\" src=\"https:\/\/tn.com.ar\/resizer\/v2\/un-cuadro-de-bill-clinton-enun-vestido-azul-en-la-casa-de-epstein-en-manhattan-foto-departamento-de-justicia-de-estados-unidos-O6OGFHGO5IIGCWYH7567FFRFVI.jpg?auth=379aeddbed87fe121239ad36754b30680e34ee0fcf958ce9b2d1bcd3143cfed0&amp;width=767\" alt=\"Un cuadro de Bill Clinton enun vestido azul, en la casa de Epstein en Manhattan.  (Foto: Departamento de Justicia de Estados Unidos).\n\"\/><figcaption class=\"wp-element-caption\">Un cuadro de Bill Clinton enun vestido azul, en la casa de Epstein en Manhattan. (Foto: Departamento de Justicia de Estados Unidos).<\/figcaption><\/figure>\n\n\n\n<p>Adem\u00e1s, Ure\u00f1a cuestion\u00f3 la estrategia de la administraci\u00f3n Trump y sugiri\u00f3 que la exposici\u00f3n de las im\u00e1genes responde a una maniobra pol\u00edtica: \u201cLa Casa Blanca est\u00e1 usando a Bill Clinton como distracci\u00f3n para ocultar una verdad que no quiere que salga a la luz\u201d, escribi\u00f3 en X<\/p>\n\n\n\n<figure class=\"wp-block-image\"><img decoding=\"async\" src=\"https:\/\/tn.com.ar\/resizer\/v2\/esta-foto-sin-fecha-y-censurada-publicada-por-el-departamento-de-justicia-de-estados-unidos-muestra-a-mick-jagger-izquierda-y-al-expresidente-bill-clinton-derecha-con-una-persona-desconocida-departamento-de-justicia-via-ap-RM26RV3VARP7IOJNWOLQBV4NQI.jpg?auth=20b70c4a1c2594d7a47f15babf6d0c0bafef8752e26789b5cacfc8e895ff8b3d&amp;width=767\" alt=\"Esta foto sin fecha y censurada, publicada por el Departamento de Justicia de Estados Unidos, muestra a Mick Jagger (izquierda) y al expresidente Bill Clinton (derecha) con una persona desconocida. (Departamento de Justicia v\u00eda AP)\"\/><figcaption class=\"wp-element-caption\">Esta foto sin fecha y censurada, publicada por el Departamento de Justicia de Estados Unidos, muestra a Mick Jagger (izquierda) y al expresidente Bill Clinton (derecha) con una persona desconocida. (Departamento de Justicia v\u00eda AP)<\/figcaption><\/figure>\n\n\n\n<h2 class=\"wp-block-heading\">El trasfondo: teor\u00edas de conspiraci\u00f3n, presiones y una ley de transparencia<\/h2>\n\n\n\n<p>La muerte de Epstein en 2019, encontrado&nbsp;<strong>ahorcado en su celda<\/strong>&nbsp;antes de enfrentar un nuevo juicio, desat\u00f3 una ola de teor\u00edas de conspiraci\u00f3n sobre un supuesto asesinato para proteger a figuras poderosas.<\/p>\n\n\n\n<figure class=\"wp-block-image\"><img decoding=\"async\" src=\"https:\/\/tn.com.ar\/resizer\/v2\/jeffrey-epstein-cuando-fue-detenido-foto-new-york-state-division-of-criminal-justice-servicesreuters-B4NOPI34ZRTFG6DX3GMNT4IYCM.jpg?auth=8c7b2e656378dece9fd62e16accfb1111758d8428b8d616dfb2db80488cbd37d&amp;width=767\" alt=\"Jeffrey Epstein, cuando fue detenido. (Foto: New York State Division of Criminal Justice Services\/Reuters).\"\/><figcaption class=\"wp-element-caption\">Jeffrey Epstein, cuando fue detenido. (Foto: New York State Division of Criminal Justice Services\/Reuters).<\/figcaption><\/figure>\n\n\n\n<p>La existencia de v\u00ednculos entre Epstein y personalidades como&nbsp;<strong>Clinton, Donald Trump, Bill Gates, Richard Branson y Woody Allen<\/strong>&nbsp;era conocida, pero hasta ahora las fotos difundidas no muestran conductas delictivas.<\/p>\n\n\n\n<p>El fiscal federal adjunto&nbsp;<strong>Todd Blanche<\/strong>&nbsp;advirti\u00f3 antes de la publicaci\u00f3n que los documentos estar\u00edan parcialmente censurados para proteger a las v\u00edctimas y que no se esperan nuevas acusaciones en el caso. \u201cPor el momento no hay cargos nuevos, pero estamos investigando\u201d, declar\u00f3 Blanche en una entrevista televisiva.<\/p>\n\n\n\n<figure class=\"wp-block-image\"><img decoding=\"async\" src=\"https:\/\/tn.com.ar\/resizer\/v2\/el-exfinancista-jeffrey-epstein-foto-departamento-de-justicia-de-estados-unidos-F3BUWGAGYNZ3LFRPCJAPXZSY5Y.jpg?auth=ca4d296a627ee7d372f53916961181305f355d871360fa67ae2afcde158f5a60&amp;width=767\" alt=\"El exfinancista Jeffrey Epstein  (Foto: Departamento de Justicia de Estados Unidos).\n\"\/><figcaption class=\"wp-element-caption\">El exfinancista Jeffrey Epstein (Foto: Departamento de Justicia de Estados Unidos).<\/figcaption><\/figure>\n\n\n\n<p>El propio&nbsp;<strong>Trump<\/strong>, que en el pasado fue amigo de Epstein y comparti\u00f3 eventos con \u00e9l en los a\u00f1os 90, intent\u00f3 durante meses frenar la publicaci\u00f3n de los archivos. Sin embargo, bajo presi\u00f3n del Congreso y de su propio partido, promulg\u00f3 en noviembre la&nbsp;<strong>Ley de Transparencia de los Archivos de Epstein<\/strong>, que obliga a difundir todos los documentos no clasificados en un plazo de 30 d\u00edas.<\/p>\n\n\n\n<figure class=\"wp-block-image\"><img decoding=\"async\" src=\"https:\/\/tn.com.ar\/resizer\/v2\/un-tigre-embalsamado-en-la-casa-de-epstein-foto-departamento-de-justicia-de-estados-unidos-FBMPFXGZOKVO3HHYTGYG3JZLXM.jpg?auth=d8c463b14856612efbc19e09d3321c1d1753f0dcf57918848b8efdb6b0299afa&amp;width=767\" alt=\"Un tigre embalsamado en la casa de Epstein. (Foto: Departamento de Justicia de Estados Unidos).\n\"\/><figcaption class=\"wp-element-caption\">Un tigre embalsamado en la casa de Epstein. (Foto: Departamento de Justicia de Estados Unidos).<\/figcaption><\/figure>\n\n\n\n<h2 class=\"wp-block-heading\"><\/h2>\n\n\n\n<h2 class=\"wp-block-heading\">Qu\u00e9 se espera para las pr\u00f3ximas semanas<\/h2>\n\n\n\n<p>El fiscal general adjunto&nbsp;<strong>Todd Blanche&nbsp;<\/strong>advirti\u00f3 que no ser\u00e1 posible publicar todos los documentos exigidos por ley de manera inmediata, debido al volumen del material. El Departamento de Justicia anticip\u00f3 que&nbsp;<strong>prev\u00e9 liberar \u201cvarios cientos de miles m\u00e1s\u201d de archivos<\/strong>&nbsp;en las pr\u00f3ximas semanas.<\/p>\n\n\n\n<figure class=\"wp-block-image\"><img decoding=\"async\" src=\"https:\/\/tn.com.ar\/resizer\/v2\/varias-personas-con-la-cara-tapada-en-una-foto-de-los-archivos-de-jeffrey-epstein-foto-reutersjonathan-ernst-I6P4EZ6WCBZ4PE7WFL4D3CGCMM.jpg?auth=779fae5fb7808df37ad3d44f1e7aede4ffed78f0a16cd094915a17ea36b38aaa&amp;width=767\" alt=\"Varias personas con la cara tapada en una foto de los archivos de Jeffrey Epstein. (Foto: REUTERS\/Jonathan Ernst).\"\/><figcaption class=\"wp-element-caption\">Varias personas con la cara tapada en una foto de los archivos de Jeffrey Epstein. (Foto: REUTERS\/Jonathan Ernst).<\/figcaption><\/figure>\n\n\n\n<p>Pero la frustraci\u00f3n crece entre quienes reclaman transparencia total. \u201cSimplemente&nbsp;<strong>publicar una monta\u00f1a de p\u00e1ginas tachadas viola el esp\u00edritu de transparencia<\/strong>&nbsp;y la letra de la ley\u201d, remarc\u00f3 Schumer.<\/p>\n\n\n\n<figure class=\"wp-block-image\"><img decoding=\"async\" src=\"https:\/\/tn.com.ar\/resizer\/v2\/jeffrey-epstein-tocando-el-piano-en-su-casa-foto-departamento-de-justicia-de-estados-unidos-6RAFAIIHFKXSZWD4JNVWI2FDQQ.jpg?auth=086b9185ba1eb509fdd34fd0c9e02d4eb6637cc4bda9a76659e693e121592ab2&amp;width=767\" alt=\"Jeffrey Epstein tocando el piano en su casa.  (Foto: Departamento de Justicia de Estados Unidos).\n\"\/><figcaption class=\"wp-element-caption\">Jeffrey Epstein tocando el piano en su casa. (Foto: Departamento de Justicia de Estados Unidos).<\/figcaption><\/figure>\n\n\n\n<p>La ley exige que se publiquen todos los archivos vinculados a Epstein, su c\u00f3mplice&nbsp;<strong>Ghislaine Maxwell<\/strong>&nbsp;(condenada a 20 a\u00f1os de prisi\u00f3n por reclutar menores) y todas las personas implicadas en los procedimientos judiciales. Por ahora, la mayor\u00eda de los nombres y detalles siguen ocultos, y el esc\u00e1ndalo sigue sacudiendo a Estados Unidos.<\/p>\n\n\n\n<h2 class=\"wp-block-heading\">M\u00e1s fotos de los archivos de Jeffrey Epstein<\/h2>\n\n\n\n<figure class=\"wp-block-image\"><img decoding=\"async\" src=\"https:\/\/tn.com.ar\/resizer\/v2\/ghislaine-maxwell-y-jeffrey-epstein-en-un-jet-privado-aparecen-en-esta-imagen-publicada-por-el-departamento-de-justicia-foto-departamento-de-justicia-de-estados-unidos-HUIVFA2HMQAMRUSA2RTMH24BOA.jpg?auth=738e5b6d124f5efdd9310e7b5bf8968050dc51c25468b51b3f9181cf5516f6c8&amp;width=767\" alt=\"Ghislaine Maxwell y Jeffrey Epstein en un jet privado aparecen en esta imagen publicada por el Departamento de Justicia.  (Foto: Departamento de Justicia de Estados Unidos).\n\"\/><figcaption class=\"wp-element-caption\">Ghislaine Maxwell y Jeffrey Epstein en un jet privado aparecen en esta imagen publicada por el Departamento de Justicia. (Foto: Departamento de Justicia de Estados Unidos).<\/figcaption><\/figure>\n\n\n\n<figure class=\"wp-block-image\"><img decoding=\"async\" src=\"https:\/\/tn.com.ar\/resizer\/v2\/ghislaine-maxwell-y-jeffrey-epstein-aparecen-en-esta-imagen-publicada-por-el-departamento-de-justicia-foto-departamento-de-justicia-de-estados-unidos-ZYDOHG2N3BLCUKRXPJCOE4JBDA.jpg?auth=04c037e967711c838e48b1f9474b6312a8a2c28abbf248b284da539a20f77c45&amp;width=767\" alt=\"Ghislaine Maxwell y Jeffrey Epstein aparecen en esta imagen publicada por el Departamento de Justicia.  (Foto: Departamento de Justicia de Estados Unidos).\n\"\/><figcaption class=\"wp-element-caption\">Ghislaine Maxwell y Jeffrey Epstein aparecen en esta imagen publicada por el Departamento de Justicia. (Foto: Departamento de Justicia de Estados Unidos).<\/figcaption><\/figure>\n\n\n\n<figure class=\"wp-block-image\"><img decoding=\"async\" src=\"https:\/\/tn.com.ar\/resizer\/v2\/ghislaine-maxwell-junto-al-mago-david-copperfield-foto-departamento-de-justicia-de-estados-unidos-LRXLQFSKKQXTMMFH23HAD5IHZQ.jpg?auth=f71fb282ccf11ac69667a65dfc741874fb1e82f1839192c96bfd0854b02cc53b&amp;width=767\" alt=\"Ghislaine Maxwell junto al mago David Copperfield.  (Foto: Departamento de Justicia de Estados Unidos).\n\"\/><figcaption class=\"wp-element-caption\">Ghislaine Maxwell junto al mago David Copperfield. (Foto: Departamento de Justicia de Estados Unidos).<\/figcaption><\/figure>\n\n\n\n<figure class=\"wp-block-image\"><img decoding=\"async\" src=\"https:\/\/tn.com.ar\/resizer\/v2\/cajones-y-fotos-enmarcadas-junto-al-papa-donald-trump-y-otras-personas-que-se-exhiben-en-la-casa-de-jeffrey-epstein-en-manhattan-foto-departamento-de-justicia-de-estados-unidos-5IJL6TCMRGXIKSFRYWDX2TPN5Q.jpg?auth=1aeb6d331182d1a1b14e02392bac1451a234766d5651d37c5098d80452e49e8f&amp;width=767\" alt=\"Cajones y fotos enmarcadas junto al papa, Donald Trump y otras personas que se exhiben en la casa de Jeffrey Epstein en Manhattan.  (Foto: Departamento de Justicia de Estados Unidos).\n \"\/><figcaption class=\"wp-element-caption\">Cajones y fotos enmarcadas junto al papa, Donald Trump y otras personas que se exhiben en la casa de Jeffrey Epstein en Manhattan. (Foto: Departamento de Justicia de Estados Unidos).<\/figcaption><\/figure>\n\n\n\n<figure class=\"wp-block-image\"><img decoding=\"async\" src=\"https:\/\/tn.com.ar\/resizer\/v2\/una-estatua-en-la-casa-de-jeffrey-epstein-en-manhattam-foto-departamento-de-justicia-de-estados-unidos-BWBI26XD4JWQRLRUTG4F33FFHQ.jpg?auth=4b0e45dae21500407f493bf56d5506b1b0f5bcae47fcdc3fec6650433bc4cd85&amp;width=767\" alt=\"Una estatua en la casa de Jeffrey Epstein en Manhattam.  (Foto: Departamento de Justicia de Estados Unidos).\"\/><figcaption class=\"wp-element-caption\">Una estatua en la casa de Jeffrey Epstein en Manhattam. (Foto: Departamento de Justicia de Estados Unidos).<\/figcaption><\/figure>\n\n\n\n<figure class=\"wp-block-image\"><img decoding=\"async\" src=\"https:\/\/tn.com.ar\/resizer\/v2\/el-interior-de-la-casa-de-jeffrey-epstein-el-exfinancista-y-delincuente-sexual-condenado-y-muerto-en-2019-foto-departamento-de-justicia-de-estados-unidos-665HSKT73M3GJTHBQOGGYV2NZ4.jpg?auth=56953b2a756dbaf23b9dddb212e82a8edc4bda3030139b52de0236b66d5c55ab&amp;width=767\" alt=\"El interior de la casa de Jeffrey Epstein, el exfinancista y delincuente sexual condenado y muerto en 2019.  (Foto: Departamento de Justicia de Estados Unidos).\"\/><figcaption class=\"wp-element-caption\">El interior de la casa de Jeffrey Epstein, el exfinancista y delincuente sexual condenado y muerto en 2019. (Foto: Departamento de Justicia de Estados Unidos).<\/figcaption><\/figure>\n\n\n\n<figure class=\"wp-block-image\"><img decoding=\"async\" src=\"https:\/\/tn.com.ar\/resizer\/v2\/jeffrey-epstein-con-una-mascara-facial-foto-departamento-de-justicia-de-estados-unidos-S52RQLIOMELD3E37PR4CMMI5NY.jpg?auth=acd12cda109f85ef0a0d491127663e96ac7538ed1da330d4260cbf0993f3e149&amp;width=767\" alt=\"Jeffrey Epstein con una m\u00e1scara facial.  (Foto: Departamento de Justicia de Estados Unidos).\n\"\/><figcaption class=\"wp-element-caption\">Jeffrey Epstein con una m\u00e1scara facial. (Foto: Departamento de Justicia de Estados Unidos).<\/figcaption><\/figure>\n\n\n\n<figure class=\"wp-block-image\"><img decoding=\"async\" src=\"https:\/\/tn.com.ar\/resizer\/v2\/una-escultura-en-la-casa-de-jeffrey-epstein-foto-departamento-de-justicia-de-estados-unidos-WX4MBLR73AC7AHUBIXMAVEX4II.jpg?auth=b7344ae878aa0823ca6fd24ec8f7bcbc8a801031f247c581d2a9093100d1c096&amp;width=767\" alt=\"Una escultura en la casa de Jeffrey Epstein.  (Foto: Departamento de Justicia de Estados Unidos).\n\"\/><figcaption class=\"wp-element-caption\">Una escultura en la casa de Jeffrey Epstein. (Foto: Departamento de Justicia de Estados Unidos).<\/figcaption><\/figure>\n\n\n\n<figure class=\"wp-block-image\"><img decoding=\"async\" src=\"https:\/\/tn.com.ar\/resizer\/v2\/jeffrey-epstein-foto-departamento-de-justicia-de-estados-unidos-BSLPXDU5AO4364DFVFWMYTRQUI.jpg?auth=c29688f18a319e3370f5776a42db7c28ad75813d00f5f23f730e9c61326c1f35&amp;width=767\" alt=\"Jeffrey Epstein.  (Foto: Departamento de Justicia de Estados Unidos).\n\"\/><figcaption class=\"wp-element-caption\">Jeffrey Epstein. (Foto: Departamento de Justicia de Estados Unidos).<\/figcaption><\/figure>\n\n\n\n<figure class=\"wp-block-image\"><img decoding=\"async\" src=\"https:\/\/tn.com.ar\/resizer\/v2\/un-papel-que-dice-para-pasar-un-buen-momento-llame-a-nombre-tachado-foto-departamento-de-justicia-de-estados-unidos-IOGMPRI7UMYKV7K3ZIALF7BKLM.jpg?auth=82c2b0790222dbbc61ec2c09e3ca7b3c622cd4779c614e50e9f83e27124077ab&amp;width=767\" alt=\"Un papel que dice &quot;para pasar un buen momento llame a -nombre tachado-).  (Foto: Departamento de Justicia de Estados Unidos).\n\"\/><figcaption class=\"wp-element-caption\">Un papel que dice &#8220;para pasar un buen momento llame a -nombre tachado-). (Foto: Departamento de Justicia de Estados Unidos).<\/figcaption><\/figure>\n\n\n\n<figure class=\"wp-block-image\"><img decoding=\"async\" src=\"https:\/\/tn.com.ar\/resizer\/v2\/paginas-censuradas-relacionadas-con-jeffrey-epstein-foto-departamento-de-justicia-de-estados-unidos-62Z67O74QLJ5WIFACUY4YANLKI.jpg?auth=55dee27bd7ba2d52dcb61569e09233d4b287fa07b96e79a8689d71c2dfa89fae&amp;width=767\" alt=\"P\u00e1ginas censuradas relacionadas con Jeffrey Epstein.  (Foto: Departamento de Justicia de Estados Unidos).\"\/><figcaption class=\"wp-element-caption\">P\u00e1ginas censuradas relacionadas con Jeffrey Epstein. (Foto: Departamento de Justicia de Estados Unidos).<\/figcaption><\/figure>\n\n\n\n<figure class=\"wp-block-image\"><img decoding=\"async\" src=\"https:\/\/tn.com.ar\/resizer\/v2\/jeffrey-epstein-y-ghislaine-maxwell-en-un-viaje-foto-departamento-de-justicia-de-estados-unidos-K2ADQDP5RIDEBCUS4KDCIPZZDE.jpg?auth=0cddf9497ce82d4580ec684998313914597abd254ce1dbd5e5e468e7743c0684&amp;width=767\" alt=\"Jeffrey Epstein y Ghislaine Maxwell en un viaje.  (Foto: Departamento de Justicia de Estados Unidos).\n\"\/><figcaption class=\"wp-element-caption\">Jeffrey Epstein y Ghislaine Maxwell en un viaje. (Foto: Departamento de Justicia de Estados Unidos).<\/figcaption><\/figure>\n\n\n\n<figure class=\"wp-block-image\"><img decoding=\"async\" src=\"https:\/\/tn.com.ar\/resizer\/v2\/el-expresidente-bill-clinton-junto-a-jeffrey-epstein-foto-departamento-de-justicia-de-estados-unidos-XS53SWZFMRT3BZ2ESB2SQZLZII.jpg?auth=ecba8bbf0a6e1571dcb1615426edcfb38be8ff38c7371602d94ed5ba4ce8f1ec&amp;width=767\" alt=\"El expresidente Bill Clinton junto a Jeffrey Epstein.  (Foto: Departamento de Justicia de Estados Unidos).\n\"\/><figcaption class=\"wp-element-caption\">El expresidente Bill Clinton junto a Jeffrey Epstein. (Foto: Departamento de Justicia de Estados Unidos).<\/figcaption><\/figure>\n\n\n\n<figure class=\"wp-block-image\"><img decoding=\"async\" src=\"https:\/\/tn.com.ar\/resizer\/v2\/esta-foto-censurada-sin-fecha-publicada-por-legisladores-democratas-de-la-comision-de-supervision-de-la-camara-de-representantes-el-jueves-18-de-diciembre-de-2025-muestra-a-jeffrey-epstein-junto-a-varias-mujeres-comision-de-supervision-de-la-camara-de-representantes-a-traves-de-ap-3ZN5PRR4452VZZGWEVFWPAZ5WI.jpg?auth=cd41a3bf634993d4e7709d7a95c396cbdb6d92e2d5f3237e219387bc8ce0d6a2&amp;width=767\" alt=\"Esta foto censurada sin fecha, publicada por legisladores dem\u00f3cratas de la Comisi\u00f3n de Supervisi\u00f3n de la C\u00e1mara de Representantes el jueves 18 de diciembre de 2025, muestra a Jeffrey Epstein junto a varias mujeres. (Comisi\u00f3n de Supervisi\u00f3n de la C\u00e1mara de Representantes a trav\u00e9s de AP)\"\/><figcaption class=\"wp-element-caption\">Esta foto censurada sin fecha, publicada por legisladores dem\u00f3cratas de la Comisi\u00f3n de Supervisi\u00f3n de la C\u00e1mara de Representantes el jueves 18 de diciembre de 2025, muestra a Jeffrey Epstein junto a varias mujeres. (Comisi\u00f3n de Supervisi\u00f3n de la C\u00e1mara de Representantes a trav\u00e9s de AP)<\/figcaption><\/figure>\n\n\n\n<figure class=\"wp-block-image\"><img decoding=\"async\" src=\"https:\/\/tn.com.ar\/resizer\/v2\/jeffrey-epstein-aparece-con-una-mujer-cuya-identidad-se-ha-ocultado-en-esta-imagen-de-la-finca-de-epstein-publicada-por-los-democratas-del-comite-de-supervision-de-la-camara-de-representantes-en-washington-d-c-DVBQWFO4OIFDA5752QJIRFMLMQ.jpg?auth=a0b4acf8ee5c3cc94c540a4212e39466b3349cede4fb92f415204eded7b983d4&amp;width=767\" alt=\"Jeffrey Epstein aparece con una mujer, cuya identidad se ha ocultado, en esta imagen de la finca de Epstein publicada por los dem\u00f3cratas del Comit\u00e9 de Supervisi\u00f3n de la C\u00e1mara de Representantes en Washington D. C. \"\/><figcaption class=\"wp-element-caption\">Jeffrey Epstein aparece con una mujer, cuya identidad se ha ocultado, en esta imagen de la finca de Epstein publicada por los dem\u00f3cratas del Comit\u00e9 de Supervisi\u00f3n de la C\u00e1mara de Representantes en Washington D. C.<\/figcaption><\/figure>\n\n\n\n<figure class=\"wp-block-image\"><img decoding=\"async\" src=\"https:\/\/tn.com.ar\/resizer\/v2\/jeffrey-epstein-y-el-activista-de-extrema-derecha-steve-bannon-aparecen-en-esta-imagen-facilitada-por-la-sucesion-de-epstein-y-publicada-por-los-democratas-del-comite-de-supervision-de-la-camara-de-representantes-L6ZI26MBSCJOAHP5TCABYIISO4.jpg?auth=1dd896644ec17ad2c0572c47e5cbfe67c36b27615c80a995d8a2fa8c2a5d3631&amp;width=767\" alt=\"Jeffrey Epstein y el activista de extrema derecha Steve Bannon aparecen en esta imagen facilitada por la sucesi\u00f3n de Epstein y publicada por los dem\u00f3cratas del Comit\u00e9 de Supervisi\u00f3n de la C\u00e1mara de Representantes.\"\/><figcaption class=\"wp-element-caption\">Jeffrey Epstein y el activista de extrema derecha Steve Bannon aparecen en esta imagen facilitada por la sucesi\u00f3n de Epstein y publicada por los dem\u00f3cratas del Comit\u00e9 de Supervisi\u00f3n de la C\u00e1mara de Representantes.<\/figcaption><\/figure>\n\n\n\n<figure class=\"wp-block-image\"><img decoding=\"async\" src=\"https:\/\/tn.com.ar\/resizer\/v2\/bill-gates-aparece-con-una-mujer-cuya-identidad-se-ha-ocultado-en-esta-imagen-de-la-finca-de-epstein-publicada-por-los-democratas-del-comite-de-supervision-de-la-camara-de-representantes-en-washington-d-c-4LBC6HFPI3WMJGMBSKNOGICP7U.jpg?auth=c9a090a23d2cfcdc1f24d9ae54539de0585bb63d92893a1701a7ba358eec112b&amp;width=767\" alt=\"Bill Gates aparece con una mujer, cuya identidad se ha ocultado, en esta imagen de la finca de Epstein publicada por los dem\u00f3cratas del Comit\u00e9 de Supervisi\u00f3n de la C\u00e1mara de Representantes en Washington D. C. \"\/><figcaption class=\"wp-element-caption\">Bill Gates aparece con una mujer, cuya identidad se ha ocultado, en esta imagen de la finca de Epstein publicada por los dem\u00f3cratas del Comit\u00e9 de Supervisi\u00f3n de la C\u00e1mara de Representantes en Washington D. C.<\/figcaption><\/figure>\n\n\n\n<figure class=\"wp-block-image\"><img decoding=\"async\" src=\"https:\/\/tn.com.ar\/resizer\/v2\/citas-de-lolita-escrita-en-el-pecho-de-una-mujer-foto-comite-de-supervision-de-la-camara-de-representantes-2KUJ56CJCYBICQYZ7JS5CX4NSA.jpg?auth=71400cf77a23fce06575352d3b4893b497a413294c2aaee0a3fc230251e22fdc&amp;width=767\" alt=\"Citas de Lolita escrita en el pecho de una mujer. (Foto: Comit\u00e9 de Supervisi\u00f3n de la C\u00e1mara de Representantes).\"\/><figcaption class=\"wp-element-caption\">Citas de Lolita escrita en el pecho de una mujer. (Foto: Comit\u00e9 de Supervisi\u00f3n de la C\u00e1mara de Representantes).<\/figcaption><\/figure>\n\n\n\n<figure class=\"wp-block-image\"><img decoding=\"async\" src=\"https:\/\/tn.com.ar\/resizer\/v2\/una-cita-de-lolita-en-el-pie-de-una-mujer-foto-democratas-del-comite-de-supervision-de-la-camara-de-representantes-QVRDQDAWPCLHZ4LXZKL3SQ2N4M.jpg?auth=79885923e7e0064346b5b15d92b8764ae55422f5f482e200552ce4b52207f011&amp;width=767\" alt=\"Una cita de Lolita en el pie de una mujer. (Foto: Dem\u00f3cratas del Comit\u00e9 de Supervisi\u00f3n de la C\u00e1mara de Representantes)\"\/><figcaption class=\"wp-element-caption\">Una cita de Lolita en el pie de una mujer. (Foto: Dem\u00f3cratas del Comit\u00e9 de Supervisi\u00f3n de la C\u00e1mara de Representantes)<\/figcaption><\/figure>\n\n\n\n<figure class=\"wp-block-image\"><img decoding=\"async\" src=\"https:\/\/tn.com.ar\/resizer\/v2\/jeffrey-epstein-en-una-banera-foto-democratas-del-comite-de-supervision-de-la-camara-de-representantes-VKUFR2L2KJYIPZVDPDM63UVSBA.jpg?auth=2a99f6a83efe6bddca5fc0587c5a81acd9115cee4eb3ae41c84a756b91c0406e&amp;width=767\" alt=\"Jeffrey Epstein en una ba\u00f1era. (Foto: Dem\u00f3cratas del Comit\u00e9 de Supervisi\u00f3n de la C\u00e1mara de Representantes)\"\/><figcaption class=\"wp-element-caption\">Jeffrey Epstein en una ba\u00f1era. (Foto: Dem\u00f3cratas del Comit\u00e9 de Supervisi\u00f3n de la C\u00e1mara de Representantes)<\/figcaption><\/figure>\n\n\n\n<figure class=\"wp-block-image\"><img decoding=\"async\" src=\"https:\/\/tn.com.ar\/resizer\/v2\/donald-trump-junto-a-una-mujer-en-las-fotos-de-los-expedientes-de-epstein-foto-democratas-del-comite-de-supervision-de-la-camara-de-representantes-VBDG3Q7V2R6T5IATGQYLW3FINY.jpg?auth=9827137b31e29f2c31c8d5460cbc1405e3b9b08b54bebf4e859d4f98d9c0f27c&amp;width=767\" alt=\"Donald Trump junto a una mujer en las fotos de los expedientes de Epstein. (Foto: Dem\u00f3cratas del Comit\u00e9 de Supervisi\u00f3n de la C\u00e1mara de Representantes)\"\/><figcaption class=\"wp-element-caption\">Donald Trump junto a una mujer en las fotos de los expedientes de Epstein. (Foto: Dem\u00f3cratas del Comit\u00e9 de Supervisi\u00f3n de la C\u00e1mara de Representantes)<\/figcaption><\/figure>\n\n\n\n<figure class=\"wp-block-image\"><img decoding=\"async\" src=\"https:\/\/tn.com.ar\/resizer\/v2\/epstein-junto-a-woody-allen-foto-democratas-del-comite-de-supervision-de-la-camara-de-representantes-4ZHD6AMZV3H45D4KMM2S4PBACI.jpg?auth=bf5058098be4662f214f7faf420a72492d3d453748bf174433a2ac2fbebdd1e8&amp;width=767\" alt=\"Epstein junto a Woody Allen (Foto: Dem\u00f3cratas del Comit\u00e9 de Supervisi\u00f3n de la C\u00e1mara de Representantes)\"\/><figcaption class=\"wp-element-caption\">Epstein junto a Woody Allen (Foto: Dem\u00f3cratas del Comit\u00e9 de Supervisi\u00f3n de la C\u00e1mara de Representantes)<\/figcaption><\/figure>\n\n\n\n<figure class=\"wp-block-image\"><img decoding=\"async\" src=\"https:\/\/tn.com.ar\/resizer\/v2\/donald-trump-junto-a-jeffrey-epstein-foto-democratas-del-comite-de-supervision-de-la-camara-de-representantes-6PZZXEPKCZPEILCIQECILYCR5A.jpg?auth=8eec17e5a54b31151f3627f78184906633b791e7dbcc0e8cdf2c272e42467615&amp;width=767\" alt=\"Donald Trump junto a Jeffrey Epstein (Foto: Dem\u00f3cratas del Comit\u00e9 de Supervisi\u00f3n de la C\u00e1mara de Representantes)\"\/><figcaption class=\"wp-element-caption\">Donald Trump junto a Jeffrey Epstein (Foto: Dem\u00f3cratas del Comit\u00e9 de Supervisi\u00f3n de la C\u00e1mara de Representantes)<\/figcaption><\/figure>\n\n\n\n<p><\/p>\n","protected":false},"excerpt":{"rendered":"<p>Las fotos y documentos divulgados por la Justicia revelan fiestas con celebridades. Las cr\u00edticas por las p\u00e1ginas censuradas. El\u00a0Departamento de Justicia de Estados Unidos\u00a0comenz\u00f3 este viernes a publicar los esperados&hellip; <\/p>\n","protected":false},"author":6,"featured_media":240420,"comment_status":"closed","ping_status":"open","sticky":false,"template":"","format":"standard","meta":{"footnotes":""},"categories":[11],"tags":[],"class_list":["post-240417","post","type-post","status-publish","format-standard","has-post-thumbnail","hentry","category-internacionales"],"_links":{"self":[{"href":"https:\/\/corrientesdetarde.com\/index.php\/wp-json\/wp\/v2\/posts\/240417","targetHints":{"allow":["GET"]}}],"collection":[{"href":"https:\/\/corrientesdetarde.com\/index.php\/wp-json\/wp\/v2\/posts"}],"about":[{"href":"https:\/\/corrientesdetarde.com\/index.php\/wp-json\/wp\/v2\/types\/post"}],"author":[{"embeddable":true,"href":"https:\/\/corrientesdetarde.com\/index.php\/wp-json\/wp\/v2\/users\/6"}],"replies":[{"embeddable":true,"href":"https:\/\/corrientesdetarde.com\/index.php\/wp-json\/wp\/v2\/comments?post=240417"}],"version-history":[{"count":1,"href":"https:\/\/corrientesdetarde.com\/index.php\/wp-json\/wp\/v2\/posts\/240417\/revisions"}],"predecessor-version":[{"id":240422,"href":"https:\/\/corrientesdetarde.com\/index.php\/wp-json\/wp\/v2\/posts\/240417\/revisions\/240422"}],"wp:featuredmedia":[{"embeddable":true,"href":"https:\/\/corrientesdetarde.com\/index.php\/wp-json\/wp\/v2\/media\/240420"}],"wp:attachment":[{"href":"https:\/\/corrientesdetarde.com\/index.php\/wp-json\/wp\/v2\/media?parent=240417"}],"wp:term":[{"taxonomy":"category","embeddable":true,"href":"https:\/\/corrientesdetarde.com\/index.php\/wp-json\/wp\/v2\/categories?post=240417"},{"taxonomy":"post_tag","embeddable":true,"href":"https:\/\/corrientesdetarde.com\/index.php\/wp-json\/wp\/v2\/tags?post=240417"}],"curies":[{"name":"wp","href":"https:\/\/api.w.org\/{rel}","templated":true}]}}