{"id":240421,"date":"2025-12-20T10:16:56","date_gmt":"2025-12-20T13:16:56","guid":{"rendered":"https:\/\/corrientesdetarde.com\/?p=240421"},"modified":"2025-12-20T10:17:27","modified_gmt":"2025-12-20T13:17:27","slug":"nacho-fernandez-ya-tiene-nuevo-club-en-el-futbol-argentino","status":"publish","type":"post","link":"https:\/\/corrientesdetarde.com\/index.php\/deportes\/nacho-fernandez-ya-tiene-nuevo-club-en-el-futbol-argentino\/","title":{"rendered":"Nacho Fern\u00e1ndez ya tiene nuevo club en el f\u00fatbol argentino."},"content":{"rendered":"\n<h2 class=\"wp-block-heading\">El mediocampista termin\u00f3 contrato en el Millonario y acord\u00f3 de palabra su regreso a Gimnasia y Esgrima La Plata.<\/h2>\n\n\n\n<p>Una de las bajas confirmadas de\u00a0<strong>River<\/strong>\u00a0para el\u00a0<strong>2026 fue Nacho Fern\u00e1ndez<\/strong>. Tras despedirse del Millonario, el futbolista de 35 a\u00f1os acord\u00f3 su regreso al club en el que comenz\u00f3 su carrera.<\/p>\n\n\n\n<p>El mediocampista volver\u00e1 a&nbsp;<strong>Gimnasia de La Plata<\/strong>, donde&nbsp;<strong>debut\u00f3&nbsp;<\/strong>profesionalmente en el a\u00f1o&nbsp;<strong>2010&nbsp;<\/strong>ante&nbsp;<strong>Argentinos Juniors<\/strong>. Las partes ya cruzaron contratos, el jugador acept\u00f3 la \u00faltima oferta y restan las firmas oficiales para que vuelva al&nbsp;<em>Bosque<\/em>.<\/p>\n\n\n\n<p>Pese a los rumores que lo vinculaban a&nbsp;<strong>Argentinos Juniors<\/strong>,&nbsp;<strong>Nacho decidi\u00f3 volver a su casa&nbsp;<\/strong>y firmar\u00e1 por un a\u00f1o con opci\u00f3n de extenderlo por uno m\u00e1s.&nbsp;<strong>Usar\u00e1 la n\u00famero 8<\/strong>&nbsp;en honor a su primer paso por la insituci\u00f3n.<\/p>\n\n\n\n<p>Con esto, uno de los jugadores con los que&nbsp;<strong>Marcelo Gallardo<\/strong>&nbsp;no iba a contar para el pr\u00f3ximo a\u00f1o,&nbsp;<strong>ya conoce su club<\/strong>. Ahora,&nbsp;<em>El Lobo&nbsp;<\/em>ir\u00e1 por otro ex Millonario:&nbsp;<strong>Milton Casco<\/strong>, quien tambi\u00e9n debut\u00f3en el conjunto platense y est\u00e1 en negociaciones.<\/p>\n\n\n\n<h2 class=\"wp-block-heading\"><strong>Los n\u00fameros de Nacho Fern\u00e1ndez en Gimnasia de La Plata<\/strong><\/h2>\n\n\n\n<p>Jug\u00f3 93 partidos en donde convirti\u00f3 15 goles y reparti\u00f3 9 asistencias en 6.190 minutos disputados. Adem\u00e1s, consigui\u00f3 el ascenso a Primera en el a\u00f1o 2012.<\/p>\n\n\n\n<h2 class=\"wp-block-heading\"><strong>Zaniratto ser\u00e1 el t\u00e9cnico de Gimnasia en 2026<\/strong><\/h2>\n\n\n\n<p>El t\u00e9cnico que fue interino en el Torneo Clausura y lleg\u00f3 a la semifinal ante Estudiantes de La Plata qued\u00f3 ratificado para la pr\u00f3xima temporada. Firm\u00f3 por un a\u00f1o m\u00e1s e intentar\u00e1 seguir promoviendo juveniles y rearmar el plantel.<\/p>\n\n\n\n<figure class=\"wp-block-image\"><img decoding=\"async\" src=\"https:\/\/tn.com.ar\/resizer\/v2\/zaniratto-confirmado-para-dirigir-gimnasia-en-2026-foto-captura-x-gimnasiaoficial-DD7ON6VIJNDK7HHQTCJYXYNNA4.PNG?auth=f38ea4f797b3017dbc3cbdaed4d8bf1615591cce6980063d26c0cc5d05825942&amp;width=767\" alt=\"Zaniratto confirmado para dirigir Gimnasia en 2026 (Foto: Captura X @gimnasiaoficial)\"\/><figcaption class=\"wp-element-caption\">Zaniratto confirmado para dirigir Gimnasia en 2026 (Foto: Captura X @gimnasiaoficial)<\/figcaption><\/figure>\n","protected":false},"excerpt":{"rendered":"<p>El mediocampista termin\u00f3 contrato en el Millonario y acord\u00f3 de palabra su regreso a Gimnasia y Esgrima La Plata. Una de las bajas confirmadas de\u00a0River\u00a0para el\u00a02026 fue Nacho Fern\u00e1ndez. Tras&hellip; <\/p>\n","protected":false},"author":6,"featured_media":240423,"comment_status":"closed","ping_status":"open","sticky":false,"template":"","format":"standard","meta":{"footnotes":""},"categories":[4],"tags":[],"class_list":["post-240421","post","type-post","status-publish","format-standard","has-post-thumbnail","hentry","category-deportes"],"_links":{"self":[{"href":"https:\/\/corrientesdetarde.com\/index.php\/wp-json\/wp\/v2\/posts\/240421","targetHints":{"allow":["GET"]}}],"collection":[{"href":"https:\/\/corrientesdetarde.com\/index.php\/wp-json\/wp\/v2\/posts"}],"about":[{"href":"https:\/\/corrientesdetarde.com\/index.php\/wp-json\/wp\/v2\/types\/post"}],"author":[{"embeddable":true,"href":"https:\/\/corrientesdetarde.com\/index.php\/wp-json\/wp\/v2\/users\/6"}],"replies":[{"embeddable":true,"href":"https:\/\/corrientesdetarde.com\/index.php\/wp-json\/wp\/v2\/comments?post=240421"}],"version-history":[{"count":1,"href":"https:\/\/corrientesdetarde.com\/index.php\/wp-json\/wp\/v2\/posts\/240421\/revisions"}],"predecessor-version":[{"id":240426,"href":"https:\/\/corrientesdetarde.com\/index.php\/wp-json\/wp\/v2\/posts\/240421\/revisions\/240426"}],"wp:featuredmedia":[{"embeddable":true,"href":"https:\/\/corrientesdetarde.com\/index.php\/wp-json\/wp\/v2\/media\/240423"}],"wp:attachment":[{"href":"https:\/\/corrientesdetarde.com\/index.php\/wp-json\/wp\/v2\/media?parent=240421"}],"wp:term":[{"taxonomy":"category","embeddable":true,"href":"https:\/\/corrientesdetarde.com\/index.php\/wp-json\/wp\/v2\/categories?post=240421"},{"taxonomy":"post_tag","embeddable":true,"href":"https:\/\/corrientesdetarde.com\/index.php\/wp-json\/wp\/v2\/tags?post=240421"}],"curies":[{"name":"wp","href":"https:\/\/api.w.org\/{rel}","templated":true}]}}