{"id":240425,"date":"2025-12-20T10:21:01","date_gmt":"2025-12-20T13:21:01","guid":{"rendered":"https:\/\/corrientesdetarde.com\/?p=240425"},"modified":"2025-12-20T10:21:32","modified_gmt":"2025-12-20T13:21:32","slug":"nicole-neumann-decidio-ignorar-un-acuerdo-con-cubero","status":"publish","type":"post","link":"https:\/\/corrientesdetarde.com\/index.php\/espectaculos\/nicole-neumann-decidio-ignorar-un-acuerdo-con-cubero\/","title":{"rendered":"Nicole Neumann decidi\u00f3 ignorar un acuerdo con Cubero."},"content":{"rendered":"\n<h2 class=\"wp-block-heading\">La modelo busca la paz familiar, pero no la encuentra y el esc\u00e1ndalo sigue en aumento.<\/h2>\n\n\n\n<p><strong>Nicole Neumann<\/strong>\u00a0se cans\u00f3 de no poder llegar a un acuerdo con\u00a0<strong>Fabi\u00e1n Cubero<\/strong>, el padre de sus hijas. Este 6 de enero una de ellas cumplir\u00e1 15 a\u00f1os y -al igual que su hermana Indiana- ya pact\u00f3 c\u00f3mo quiere celebrarlo. La gran fiesta estar\u00e1 a cargo de su padre, mientras que con la mam\u00e1 har\u00e1 un fant\u00e1stico viaje del cual a\u00fan no se conoci\u00f3 el destino.<\/p>\n\n\n\n<p>Despu\u00e9s de tantos a\u00f1os de conflicto, la modelo desliz\u00f3 que le gustar\u00eda poder ser parte del evento, pero el exjugador se neg\u00f3 rotundamente y pidi\u00f3 que se respete el acuerdo. \u201cY bueno,&nbsp;<strong>a veces se puede y a veces no. No entiendo por qu\u00e9 quiere participar de algo que no se arregl\u00f3<\/strong>\u201d, se le escuch\u00f3 decir en&nbsp;<em>A la tarde (Am\u00e9rica).<\/em><\/p>\n\n\n\n<p>Cansada del pleito, en las \u00faltimas horas la modelo tom\u00f3 una decisi\u00f3n que podr\u00eda desatar un esc\u00e1ndalo familiar: asegur\u00f3 que&nbsp;<strong>tambi\u00e9n le har\u00e1 una fiesta a Allegra Cubero.&nbsp;<\/strong>\u201c<strong>Estamos armando una fiesta relinda.&nbsp;<\/strong>Estamos con el vestido, con Laurencio Adot, as\u00ed que ahora tenemos la prueba del look y todas las sorpresas\u201d, revel\u00f3 en&nbsp;<em>Rumis.<\/em><\/p>\n\n\n\n<figure class=\"wp-block-image\"><img decoding=\"async\" src=\"https:\/\/tn.com.ar\/resizer\/v2\/nicole-neumann-junto-a-su-hija-allegra-cubero-foto-photojohnnyok-6XKADI4B4BBMFBUITP4XKD4SPY.png?auth=3499c20525235bd42a0f9cfbac09ed6f51318fbef9a27b9f21e1fb4ef574c422&amp;width=767\" alt=\"Nicole Neumann junto a su hija, Allegra Cubero. (Foto: @photojohnnyok)\"\/><figcaption class=\"wp-element-caption\">Nicole Neumann junto a su hija, Allegra Cubero. (Foto: @photojohnnyok)<\/figcaption><\/figure>\n\n\n\n<h2 class=\"wp-block-heading\">Los detalles de la separaci\u00f3n de Nicole Neumann y Fabi\u00e1n Cubero<\/h2>\n\n\n\n<p>En mayo de 2017, los rumores sobre la ruptura los oblig\u00f3 a salir a hablar. \u00c9l se\u00f1al\u00f3 que era cierto, pero que a\u00fan no lo hab\u00edan conversado con sus hijas. Para evitar conflictos, prefiri\u00f3 abandonar la cama matrimonial e irse a dormir al sof\u00e1 hasta poder alquilarse un departamento.&nbsp;<strong>Fue reci\u00e9n en 2018 cuando firmaron el divorcio<\/strong>.<\/p>\n\n\n\n<p>\u201c<strong>Yo no festejo.<\/strong>&nbsp;Para m\u00ed, m\u00e1s all\u00e1 del amor o no amor, fue una frustraci\u00f3n. Como dice todo el mundo, uno se casa pensando que es para toda la vida. M\u00e1s cuando ten\u00e9s hijos de por medio. Me hubiera encantado que fuera as\u00ed\u201d, revel\u00f3 Nicole en aquel entonces.<\/p>\n\n\n\n<figure class=\"wp-block-image\"><img decoding=\"async\" src=\"https:\/\/tn.com.ar\/resizer\/v2\/nicole-neumann-y-fabian-cubero-tuvieron-tres-hijas-foto-instagram-nikitaneumann-fabiancubero-42RF7OA3R5HVTGEQRCRHDEOVFU.jpg?auth=0a9aa0047df42adfdcbb687d81d9d4502ec0b6f58c97d9d687e8c84ab78f8270&amp;width=767\" alt=\"Nicole Neumann y Fabi\u00e1n Cubero tuvieron tres hijas. (Foto: Instagram \/ nikitaneumann - fabiancubero)\"\/><figcaption class=\"wp-element-caption\">Nicole Neumann y Fabi\u00e1n Cubero tuvieron tres hijas. (Foto: Instagram \/ nikitaneumann &#8211; fabiancubero)<\/figcaption><\/figure>\n\n\n\n<p>Yanina Latorre la expuso p\u00fablicamente contando parte de una charla privada que tuvieron, donde dej\u00f3 en evidencia c\u00f3mo reaccion\u00f3 la modelo cuando se dio cuenta de que ya no estaba m\u00e1s enamorada.<\/p>\n\n\n\n<p>\u201cMe dijo que \u00e9l es un buen tipo, que nunca se pelearon como matrimonio. Ella asume la culpa, me dijo que&nbsp;<strong>la separaci\u00f3n no ten\u00eda retorno, que se lo trat\u00f3 de explicar pero a \u00e9l le cost\u00f3 mucho asumirlo<\/strong>. Trat\u00f3 de remarla pero me dijo que&nbsp;<strong>le dej\u00f3 de atraer como hombre.&nbsp;<\/strong>\u00c9l s\u00ed estaba enamorado, pensaba que era una crisis y nada m\u00e1s\u201d, coment\u00f3 la panelista de&nbsp;<em>Los \u00e1ngeles de la ma\u00f1ana.<\/em><\/p>\n","protected":false},"excerpt":{"rendered":"<p>La modelo busca la paz familiar, pero no la encuentra y el esc\u00e1ndalo sigue en aumento. Nicole Neumann\u00a0se cans\u00f3 de no poder llegar a un acuerdo con\u00a0Fabi\u00e1n Cubero, el padre&hellip; <\/p>\n","protected":false},"author":6,"featured_media":240427,"comment_status":"closed","ping_status":"open","sticky":false,"template":"","format":"standard","meta":{"footnotes":""},"categories":[19],"tags":[],"class_list":["post-240425","post","type-post","status-publish","format-standard","has-post-thumbnail","hentry","category-espectaculos"],"_links":{"self":[{"href":"https:\/\/corrientesdetarde.com\/index.php\/wp-json\/wp\/v2\/posts\/240425","targetHints":{"allow":["GET"]}}],"collection":[{"href":"https:\/\/corrientesdetarde.com\/index.php\/wp-json\/wp\/v2\/posts"}],"about":[{"href":"https:\/\/corrientesdetarde.com\/index.php\/wp-json\/wp\/v2\/types\/post"}],"author":[{"embeddable":true,"href":"https:\/\/corrientesdetarde.com\/index.php\/wp-json\/wp\/v2\/users\/6"}],"replies":[{"embeddable":true,"href":"https:\/\/corrientesdetarde.com\/index.php\/wp-json\/wp\/v2\/comments?post=240425"}],"version-history":[{"count":1,"href":"https:\/\/corrientesdetarde.com\/index.php\/wp-json\/wp\/v2\/posts\/240425\/revisions"}],"predecessor-version":[{"id":240429,"href":"https:\/\/corrientesdetarde.com\/index.php\/wp-json\/wp\/v2\/posts\/240425\/revisions\/240429"}],"wp:featuredmedia":[{"embeddable":true,"href":"https:\/\/corrientesdetarde.com\/index.php\/wp-json\/wp\/v2\/media\/240427"}],"wp:attachment":[{"href":"https:\/\/corrientesdetarde.com\/index.php\/wp-json\/wp\/v2\/media?parent=240425"}],"wp:term":[{"taxonomy":"category","embeddable":true,"href":"https:\/\/corrientesdetarde.com\/index.php\/wp-json\/wp\/v2\/categories?post=240425"},{"taxonomy":"post_tag","embeddable":true,"href":"https:\/\/corrientesdetarde.com\/index.php\/wp-json\/wp\/v2\/tags?post=240425"}],"curies":[{"name":"wp","href":"https:\/\/api.w.org\/{rel}","templated":true}]}}