{"id":240428,"date":"2025-12-20T10:32:00","date_gmt":"2025-12-20T13:32:00","guid":{"rendered":"https:\/\/corrientesdetarde.com\/?p=240428"},"modified":"2025-12-20T10:45:50","modified_gmt":"2025-12-20T13:45:50","slug":"el-piloto-juan-cruz-yacopini-sufrio-un-grave-accidente-en-mendoza-y-quedo-internado-en-terapia-intensiva","status":"publish","type":"post","link":"https:\/\/corrientesdetarde.com\/index.php\/deportes\/el-piloto-juan-cruz-yacopini-sufrio-un-grave-accidente-en-mendoza-y-quedo-internado-en-terapia-intensiva\/","title":{"rendered":"El piloto Juan Cruz Yacopini sufri\u00f3 un grave accidente en Mendoza y qued\u00f3 internado en terapia intensiva."},"content":{"rendered":"\n<h2 class=\"wp-block-heading\">El corredor de Toyota Gazoo Racing se golpe\u00f3 fuertemente la cabeza en una actividad reacreativa durante las vacaciones en su provincia natal.<\/h2>\n\n\n\n<p>El mendocino\u00a0<strong>Juan Cruz Yacopini<\/strong>, joven piloto que se preparaba para el\u00a0<strong>Rally Dakar 2026,\u00a0<\/strong>sufri\u00f3 un accidente grave en el dique\u00a0<strong>El Carrizal\u00a0<\/strong>de su provincia natal y qued\u00f3 internado en terapia intensiva con pron\u00f3stico reservado.<\/p>\n\n\n\n<p>Yacopini, de 26 a\u00f1os, disfrutaba de una jornada recreativa junto a amigos en el camping El Bigu\u00e1. Seg\u00fan relataron testigos, decidi\u00f3 arrojarse al agua desde una lancha en una zona de escasa profundidad, sin advertir el peligro. Al zambullirse, impact\u00f3 violentamente su cabeza contra el fondo y qued\u00f3 inconsciente, flotando en el lago.<\/p>\n\n\n\n<h2 class=\"wp-block-heading\"><strong>El dram\u00e1tico rescate y la internaci\u00f3n de urgencia<\/strong><\/h2>\n\n\n\n<p>Sus acompa\u00f1antes reaccionaron de inmediato: lo retiraron del agua y constataron que presentaba un severo traumatismo de cr\u00e1neo. Ante la gravedad del cuadro, lo cargaron en un auto y emprendieron el traslado de emergencia, mientras daban aviso al 911.<\/p>\n\n\n\n<p>En el trayecto, se encontraron con una ambulancia sobre la Ruta 62. All\u00ed, el personal m\u00e9dico detect\u00f3 que&nbsp;<strong>Yacopini<\/strong>&nbsp;hab\u00eda sufrido un paro cardiorrespiratorio y le practic\u00f3 maniobras de reanimaci\u00f3n cardiopulmonar, inform\u00f3 la prensa local.<\/p>\n\n\n\n<p>El piloto fue ingresado de urgencia al&nbsp;<strong>Hospital Perrupato<\/strong>, donde los m\u00e9dicos le diagnosticaron&nbsp;<strong>politraumatismo grave y shock medular<\/strong>, con compromiso neurol\u00f3gico. Ante la complejidad del cuadro, fue derivado a la&nbsp;<strong>Cl\u00ednica de Cuyo<\/strong>&nbsp;en la ciudad de Mendoza, donde permanece internado en terapia intensiva bajo estricta observaci\u00f3n.<\/p>\n\n\n\n<p>El accidente se produjo en un momento exitoso de su carrera:&nbsp;<strong>Yacopini<\/strong>&nbsp;hab\u00eda sido confirmado como piloto de&nbsp;<strong>Toyota Gazoo Racing South Africa<\/strong>&nbsp;para el pr\u00f3ximo Rally Dakar, tras una temporada destacada a nivel internacional y un t\u00edtulo en la Copa Mundial de Bajas de la FIA.<\/p>\n\n\n\n<h2 class=\"wp-block-heading\"><strong>Qui\u00e9n es Juan Cruz Yacopini<\/strong><\/h2>\n\n\n\n<figure class=\"wp-block-image\"><img decoding=\"async\" src=\"https:\/\/tn.com.ar\/resizer\/v2\/yacopini-se-accidente-durante-sus-vacaciones-en-mendoza-igjuanxyacopini-RXA27W32BVADXEBWXTGAEMDQBE.jpg?auth=d8b48ea178638ead9eab3248c214639e98f90d3f786a0d06a9f377b0dc7b3144&amp;width=767\" alt=\"Yacopini se accidente durante sus vacaciones en Mendoza (IG@juanxyacopini).\"\/><figcaption class=\"wp-element-caption\">Yacopini se accidente durante sus vacaciones en Mendoza (IG@juanxyacopini).<\/figcaption><\/figure>\n\n\n\n<p>Nacido en Mendoza,&nbsp;<strong>Yacopini<\/strong>&nbsp;es uno de los referentes j\u00f3venes del automovilismo argentino. Empresario y deportista, integra el equipo de&nbsp;<strong>Toyota Gazoo Racing<\/strong>&nbsp;y compite en el&nbsp;<strong>Rally Dakar<\/strong>, la carrera m\u00e1s exigente del mundo. Su proyecci\u00f3n internacional lo llev\u00f3 a ser campe\u00f3n de la Copa Mundial de Bajas de la FIA y a consolidarse como una de las promesas del rally nacional.<\/p>\n","protected":false},"excerpt":{"rendered":"<p>El corredor de Toyota Gazoo Racing se golpe\u00f3 fuertemente la cabeza en una actividad reacreativa durante las vacaciones en su provincia natal. El mendocino\u00a0Juan Cruz Yacopini, joven piloto que se&hellip; <\/p>\n","protected":false},"author":6,"featured_media":240431,"comment_status":"closed","ping_status":"open","sticky":false,"template":"","format":"standard","meta":{"footnotes":""},"categories":[4],"tags":[],"class_list":["post-240428","post","type-post","status-publish","format-standard","has-post-thumbnail","hentry","category-deportes"],"_links":{"self":[{"href":"https:\/\/corrientesdetarde.com\/index.php\/wp-json\/wp\/v2\/posts\/240428","targetHints":{"allow":["GET"]}}],"collection":[{"href":"https:\/\/corrientesdetarde.com\/index.php\/wp-json\/wp\/v2\/posts"}],"about":[{"href":"https:\/\/corrientesdetarde.com\/index.php\/wp-json\/wp\/v2\/types\/post"}],"author":[{"embeddable":true,"href":"https:\/\/corrientesdetarde.com\/index.php\/wp-json\/wp\/v2\/users\/6"}],"replies":[{"embeddable":true,"href":"https:\/\/corrientesdetarde.com\/index.php\/wp-json\/wp\/v2\/comments?post=240428"}],"version-history":[{"count":1,"href":"https:\/\/corrientesdetarde.com\/index.php\/wp-json\/wp\/v2\/posts\/240428\/revisions"}],"predecessor-version":[{"id":240433,"href":"https:\/\/corrientesdetarde.com\/index.php\/wp-json\/wp\/v2\/posts\/240428\/revisions\/240433"}],"wp:featuredmedia":[{"embeddable":true,"href":"https:\/\/corrientesdetarde.com\/index.php\/wp-json\/wp\/v2\/media\/240431"}],"wp:attachment":[{"href":"https:\/\/corrientesdetarde.com\/index.php\/wp-json\/wp\/v2\/media?parent=240428"}],"wp:term":[{"taxonomy":"category","embeddable":true,"href":"https:\/\/corrientesdetarde.com\/index.php\/wp-json\/wp\/v2\/categories?post=240428"},{"taxonomy":"post_tag","embeddable":true,"href":"https:\/\/corrientesdetarde.com\/index.php\/wp-json\/wp\/v2\/tags?post=240428"}],"curies":[{"name":"wp","href":"https:\/\/api.w.org\/{rel}","templated":true}]}}