{"id":240440,"date":"2025-12-20T11:00:00","date_gmt":"2025-12-20T14:00:00","guid":{"rendered":"https:\/\/corrientesdetarde.com\/?p=240440"},"modified":"2025-12-20T10:55:22","modified_gmt":"2025-12-20T13:55:22","slug":"el-gobierno-detecto-178-mil-personas-fallecidas-con-certificados-activos-de-discapacidad","status":"publish","type":"post","link":"https:\/\/corrientesdetarde.com\/index.php\/politica\/el-gobierno-detecto-178-mil-personas-fallecidas-con-certificados-activos-de-discapacidad\/","title":{"rendered":"El Gobierno detect\u00f3 178 mil personas fallecidas con certificados activos de discapacidad."},"content":{"rendered":"\n<h2 class=\"wp-block-heading\">El dato surge de un cruce masivo de datos entre la ANDIS y el Renaper. La investigaci\u00f3n se activ\u00f3 tras la intervenci\u00f3n del organismo por el esc\u00e1ndalo de corrupci\u00f3n que eyect\u00f3 a Diego Spagnuolo.<\/h2>\n\n\n\n<p>En el marco de la profunda auditor\u00eda que atraviesa la Agencia Nacional de Discapacidad (ANDIS), el Gobierno nacional confirm\u00f3 el hallazgo de una irregularidad sist\u00e9mica: 178.000 beneficiarios del Certificado \u00danico de Discapacidad (CUD) figuran como fallecidos. La detecci\u00f3n de estos certificados activos a nombre de personas muertas representa un nuevo cap\u00edtulo en la purga del organismo tras la salida de su anterior titular.<\/p>\n\n\n\n<p>El cruce de datos que expuso la maniobra<\/p>\n\n\n\n<p>La detecci\u00f3n de la anomal\u00eda fue posible gracias a un cotejo de informaci\u00f3n entre las bases de la ANDIS y el Registro Nacional de las Personas (Renaper). Seg\u00fan fuentes del Ejecutivo consultadas por LA NACION, la cifra final se conoci\u00f3 en las \u00faltimas horas y la orden es inmediata: dar de baja la totalidad de esos certificados para frenar cualquier erogaci\u00f3n de recursos p\u00fablicos vinculada a ellos.<\/p>\n\n\n\n<p><strong>Acciones legales contra prestadores y particulares<\/strong><\/p>\n\n\n\n<p>El Gobierno no se limitar\u00e1 a la baja administrativa. El Ministerio de Salud, bajo la \u00f3rbita de Mario Lugones, ya eval\u00faa una estrategia legal para recuperar fondos y castigar a los responsables. Los ejes de la investigaci\u00f3n judicial ser\u00e1n:<\/p>\n\n\n\n<p>Cobros indebidos: acciones contra quienes hayan usufructuado los beneficios del CUD (transporte, asignaciones, exenciones) a nombre de fallecidos.<br>La ruta de los prestadores: se investigar\u00e1 a los centros y profesionales que facturaron servicios por atenci\u00f3n a pacientes que ya hab\u00edan muerto.<br>Investigaci\u00f3n interna: una auditor\u00eda de la SIGEN busca determinar si hubo connivencia de funcionarios para mantener estos certificados activos.<br>&#8220;Es una estafa al Estado lisa y llana&#8221;, confiaron fuentes oficiales, calificando el desv\u00edo de fondos como una maniobra de defraudaci\u00f3n masiva.<\/p>\n\n\n\n<p><strong>El factor Spagnuolo: del &#8220;cuentapropismo&#8221; a la auditor\u00eda<\/strong><\/p>\n\n\n\n<p>El reordenamiento de la ANDIS es liderado por el m\u00e9dico sanitarista Alejandro Vilches, quien asumi\u00f3 en septiembre pasado tras el esc\u00e1ndalo que envolvi\u00f3 a Diego Spagnuolo. El exabogado de Javier Milei fue apartado luego de que se filtraran audios donde se mencionaban presuntos pedidos de coimas.<\/p>\n\n\n\n<p>Desde la Casa Rosada, el discurso busca blindar a la c\u00fapula pol\u00edtica. Mientras la justicia avanza en las indagatorias, en el entorno presidencial califican a Spagnuolo como un &#8220;chanta&#8221; que habr\u00eda actuado de manera individual, desvinculando de cualquier sospecha a figuras como Karina Milei o &#8220;Lule&#8221; Menem.<\/p>\n","protected":false},"excerpt":{"rendered":"<p>El dato surge de un cruce masivo de datos entre la ANDIS y el Renaper. La investigaci\u00f3n se activ\u00f3 tras la intervenci\u00f3n del organismo por el esc\u00e1ndalo de corrupci\u00f3n que&hellip; <\/p>\n","protected":false},"author":6,"featured_media":240445,"comment_status":"closed","ping_status":"open","sticky":false,"template":"","format":"standard","meta":{"footnotes":""},"categories":[3],"tags":[],"class_list":["post-240440","post","type-post","status-publish","format-standard","has-post-thumbnail","hentry","category-politica"],"_links":{"self":[{"href":"https:\/\/corrientesdetarde.com\/index.php\/wp-json\/wp\/v2\/posts\/240440","targetHints":{"allow":["GET"]}}],"collection":[{"href":"https:\/\/corrientesdetarde.com\/index.php\/wp-json\/wp\/v2\/posts"}],"about":[{"href":"https:\/\/corrientesdetarde.com\/index.php\/wp-json\/wp\/v2\/types\/post"}],"author":[{"embeddable":true,"href":"https:\/\/corrientesdetarde.com\/index.php\/wp-json\/wp\/v2\/users\/6"}],"replies":[{"embeddable":true,"href":"https:\/\/corrientesdetarde.com\/index.php\/wp-json\/wp\/v2\/comments?post=240440"}],"version-history":[{"count":1,"href":"https:\/\/corrientesdetarde.com\/index.php\/wp-json\/wp\/v2\/posts\/240440\/revisions"}],"predecessor-version":[{"id":240446,"href":"https:\/\/corrientesdetarde.com\/index.php\/wp-json\/wp\/v2\/posts\/240440\/revisions\/240446"}],"wp:featuredmedia":[{"embeddable":true,"href":"https:\/\/corrientesdetarde.com\/index.php\/wp-json\/wp\/v2\/media\/240445"}],"wp:attachment":[{"href":"https:\/\/corrientesdetarde.com\/index.php\/wp-json\/wp\/v2\/media?parent=240440"}],"wp:term":[{"taxonomy":"category","embeddable":true,"href":"https:\/\/corrientesdetarde.com\/index.php\/wp-json\/wp\/v2\/categories?post=240440"},{"taxonomy":"post_tag","embeddable":true,"href":"https:\/\/corrientesdetarde.com\/index.php\/wp-json\/wp\/v2\/tags?post=240440"}],"curies":[{"name":"wp","href":"https:\/\/api.w.org\/{rel}","templated":true}]}}