{"id":240447,"date":"2025-12-20T11:10:00","date_gmt":"2025-12-20T14:10:00","guid":{"rendered":"https:\/\/corrientesdetarde.com\/?p=240447"},"modified":"2025-12-20T10:58:28","modified_gmt":"2025-12-20T13:58:28","slug":"mandiyu-y-curupay-se-enfrentan-por-la-super-copa","status":"publish","type":"post","link":"https:\/\/corrientesdetarde.com\/index.php\/deportes\/mandiyu-y-curupay-se-enfrentan-por-la-super-copa\/","title":{"rendered":"Mandiy\u00fa y Curupay se enfrentan por la Super Copa."},"content":{"rendered":"\n<h2 class=\"wp-block-heading\">Ambos equipos se enfrentar\u00e1n desde las 17 en el estadio Leoncio Ben\u00edtez.<\/h2>\n\n\n\n<p>Deportivo Mandiy\u00fa y Curupay se medir\u00e1n esta tarde para definir el t\u00edtulo de la super copa de la Liga Correntina de F\u00fatbol. El encuentro decisivo se disputar\u00e1 desde las 17:00, en el estadio Leoncio Ben\u00edtez.&nbsp;<\/p>\n\n\n\n<p>&#8220;El Maderero&#8221; llega a este cruce luego de que el s\u00e1bado pasado se haya consagrado campe\u00f3n de la Copa de la LCF, tras haber vencido por penales a Sportivo. Por su parte, &#8220;El Albo&#8221; se gan\u00f3 el derecho a disputar la final\u00edsima por haberse quedado con el t\u00edtulo del Oficial.<\/p>\n\n\n\n<p>El caso de que el partido finalice empatado durante los 90 minutos, el campeonato se va a definir por penales. &nbsp;<\/p>\n","protected":false},"excerpt":{"rendered":"<p>Ambos equipos se enfrentar\u00e1n desde las 17 en el estadio Leoncio Ben\u00edtez. Deportivo Mandiy\u00fa y Curupay se medir\u00e1n esta tarde para definir el t\u00edtulo de la super copa de la&hellip; <\/p>\n","protected":false},"author":6,"featured_media":240452,"comment_status":"closed","ping_status":"open","sticky":false,"template":"","format":"standard","meta":{"footnotes":""},"categories":[4],"tags":[],"class_list":["post-240447","post","type-post","status-publish","format-standard","has-post-thumbnail","hentry","category-deportes"],"_links":{"self":[{"href":"https:\/\/corrientesdetarde.com\/index.php\/wp-json\/wp\/v2\/posts\/240447","targetHints":{"allow":["GET"]}}],"collection":[{"href":"https:\/\/corrientesdetarde.com\/index.php\/wp-json\/wp\/v2\/posts"}],"about":[{"href":"https:\/\/corrientesdetarde.com\/index.php\/wp-json\/wp\/v2\/types\/post"}],"author":[{"embeddable":true,"href":"https:\/\/corrientesdetarde.com\/index.php\/wp-json\/wp\/v2\/users\/6"}],"replies":[{"embeddable":true,"href":"https:\/\/corrientesdetarde.com\/index.php\/wp-json\/wp\/v2\/comments?post=240447"}],"version-history":[{"count":1,"href":"https:\/\/corrientesdetarde.com\/index.php\/wp-json\/wp\/v2\/posts\/240447\/revisions"}],"predecessor-version":[{"id":240453,"href":"https:\/\/corrientesdetarde.com\/index.php\/wp-json\/wp\/v2\/posts\/240447\/revisions\/240453"}],"wp:featuredmedia":[{"embeddable":true,"href":"https:\/\/corrientesdetarde.com\/index.php\/wp-json\/wp\/v2\/media\/240452"}],"wp:attachment":[{"href":"https:\/\/corrientesdetarde.com\/index.php\/wp-json\/wp\/v2\/media?parent=240447"}],"wp:term":[{"taxonomy":"category","embeddable":true,"href":"https:\/\/corrientesdetarde.com\/index.php\/wp-json\/wp\/v2\/categories?post=240447"},{"taxonomy":"post_tag","embeddable":true,"href":"https:\/\/corrientesdetarde.com\/index.php\/wp-json\/wp\/v2\/tags?post=240447"}],"curies":[{"name":"wp","href":"https:\/\/api.w.org\/{rel}","templated":true}]}}