{"id":240448,"date":"2025-12-20T11:20:00","date_gmt":"2025-12-20T14:20:00","guid":{"rendered":"https:\/\/corrientesdetarde.com\/?p=240448"},"modified":"2025-12-20T11:28:42","modified_gmt":"2025-12-20T14:28:42","slug":"el-papa-advirtio-que-la-riqueza-esta-concentrada-de-forma-injusta","status":"publish","type":"post","link":"https:\/\/corrientesdetarde.com\/index.php\/internacionales\/el-papa-advirtio-que-la-riqueza-esta-concentrada-de-forma-injusta\/","title":{"rendered":"El Papa advirti\u00f3 que la riqueza est\u00e1 concentrada de forma injusta."},"content":{"rendered":"\n<h2 class=\"wp-block-heading\">El Sumo Pont\u00edfice exhort\u00f3 a asumir un rol activo en la preservaci\u00f3n del mundo y la justicia social. &#8220;Nuestra tarea es generar, no robar&#8221;, remarc\u00f3.<\/h2>\n\n\n\n<p>El papa Le\u00f3n XIV inst\u00f3 hoy a escuchar el grito de la tierra y de los pobres durante la \u00faltima audiencia jubilar de los s\u00e1bados en la Plaza de San Pedro. El Sumo Pont\u00edfice remarc\u00f3 que la riqueza del planeta se encuentra &#8220;cada vez m\u00e1s concentrada, injustamente&#8221; en manos de unos pocos y record\u00f3 que el destino de los bienes de la creaci\u00f3n es para la participaci\u00f3n de toda la humanidad.&nbsp;<\/p>\n\n\n\n<p>Ante los fieles reunidos en el Vaticano este s\u00e1bado, seg\u00fan pudo saber la Agencia Noticias Argentinas, el Obispo de Roma vincul\u00f3 el concepto de la esperanza con la capacidad generativa, diferenci\u00e1ndola de la prepotencia y el miedo agresivo.<\/p>\n\n\n\n<p>Durante su catequesis, centrada en el cierre del A\u00f1o Santo, el Papa subray\u00f3 que la esperanza es una fuerza de Dios que &#8220;hace nacer y renacer&#8221;. En relaci\u00f3n con la crisis social y ambiental, el Pont\u00edfice se inspir\u00f3 en las escrituras de San Pablo para se\u00f1alar que &#8220;toda la creaci\u00f3n gime y sufre dolores de parto hasta hoy&#8221;.&nbsp;<\/p>\n\n\n\n<p>Al respecto, denunci\u00f3 que muchos sectores de poder ignoran este reclamo: &#8220;Muchos poderosos no escuchan este grito: la riqueza de la tierra est\u00e1 en manos de unos pocos, muy pocos, cada vez m\u00e1s concentrada -injustamente- en manos de quienes a menudo no quieren escuchar el gemido de la tierra y de los pobres&#8221;.<\/p>\n\n\n\n<p>Bajo la premisa de que &#8220;esperar es generar&#8221;, Le\u00f3n XIV exhort\u00f3 a los presentes a asumir un rol activo en la preservaci\u00f3n del mundo y la justicia social, afirmando que &#8220;nuestra tarea es generar, no robar&#8221;. Asimismo, puso a la Virgen Mar\u00eda como modelo de esta virtud, se\u00f1alando que la oraci\u00f3n mariana refleja a una de nosotros que genera.&nbsp;<\/p>\n\n\n\n<p>Finalmente, el Papa indic\u00f3 que, si bien el Jubileo llega a su conclusi\u00f3n, el compromiso de los fieles debe continuar, ya que &#8220;el dolor de la tierra y de los pobres es como el de un parto&#8221; y el objetivo final es la transformaci\u00f3n del mundo actual en la &#8220;ciudad-jard\u00edn&#8221; donde todas las criaturas convivan en armon\u00eda.<\/p>\n","protected":false},"excerpt":{"rendered":"<p>El Sumo Pont\u00edfice exhort\u00f3 a asumir un rol activo en la preservaci\u00f3n del mundo y la justicia social. &#8220;Nuestra tarea es generar, no robar&#8221;, remarc\u00f3. El papa Le\u00f3n XIV inst\u00f3&hellip; <\/p>\n","protected":false},"author":6,"featured_media":240454,"comment_status":"closed","ping_status":"open","sticky":false,"template":"","format":"standard","meta":{"footnotes":""},"categories":[11],"tags":[],"class_list":["post-240448","post","type-post","status-publish","format-standard","has-post-thumbnail","hentry","category-internacionales"],"_links":{"self":[{"href":"https:\/\/corrientesdetarde.com\/index.php\/wp-json\/wp\/v2\/posts\/240448","targetHints":{"allow":["GET"]}}],"collection":[{"href":"https:\/\/corrientesdetarde.com\/index.php\/wp-json\/wp\/v2\/posts"}],"about":[{"href":"https:\/\/corrientesdetarde.com\/index.php\/wp-json\/wp\/v2\/types\/post"}],"author":[{"embeddable":true,"href":"https:\/\/corrientesdetarde.com\/index.php\/wp-json\/wp\/v2\/users\/6"}],"replies":[{"embeddable":true,"href":"https:\/\/corrientesdetarde.com\/index.php\/wp-json\/wp\/v2\/comments?post=240448"}],"version-history":[{"count":1,"href":"https:\/\/corrientesdetarde.com\/index.php\/wp-json\/wp\/v2\/posts\/240448\/revisions"}],"predecessor-version":[{"id":240455,"href":"https:\/\/corrientesdetarde.com\/index.php\/wp-json\/wp\/v2\/posts\/240448\/revisions\/240455"}],"wp:featuredmedia":[{"embeddable":true,"href":"https:\/\/corrientesdetarde.com\/index.php\/wp-json\/wp\/v2\/media\/240454"}],"wp:attachment":[{"href":"https:\/\/corrientesdetarde.com\/index.php\/wp-json\/wp\/v2\/media?parent=240448"}],"wp:term":[{"taxonomy":"category","embeddable":true,"href":"https:\/\/corrientesdetarde.com\/index.php\/wp-json\/wp\/v2\/categories?post=240448"},{"taxonomy":"post_tag","embeddable":true,"href":"https:\/\/corrientesdetarde.com\/index.php\/wp-json\/wp\/v2\/tags?post=240448"}],"curies":[{"name":"wp","href":"https:\/\/api.w.org\/{rel}","templated":true}]}}