{"id":24055,"date":"2022-11-30T14:39:41","date_gmt":"2022-11-30T17:39:41","guid":{"rendered":"https:\/\/corrientesdetarde.com\/?p=24055"},"modified":"2022-11-30T14:39:44","modified_gmt":"2022-11-30T17:39:44","slug":"las-bibliotecas-populares-ofreceran-este-viernes-multiples-propuestas-culturales","status":"publish","type":"post","link":"https:\/\/corrientesdetarde.com\/index.php\/cultura\/las-bibliotecas-populares-ofreceran-este-viernes-multiples-propuestas-culturales\/","title":{"rendered":"Las bibliotecas populares ofrecer\u00e1n este viernes m\u00faltiples propuestas culturales"},"content":{"rendered":"\n<p>El Instituto de Cultura de Corrientes (ICC) invita al p\u00fablico en general a sumarse a la primera edici\u00f3n de La Noche de las Bibliotecas Populares, que se desarrollar\u00e1 este viernes 2 de diciembre, de 20 a 00, en 33 bibliotecas de toda la provincia. En cada uno de estos espacios se realizar\u00e1n distintas actividades vinculadas al libro y est\u00e1n programados, adem\u00e1s: shows musicales, danza, teatro y t\u00edteres.&nbsp;<\/p>\n\n\n\n<p>En un horario especial, las bibliotecas abrir\u00e1n sus puertas y buscar\u00e1n dar a conocer la actividad que llevan adelante a lo largo del a\u00f1o, al igual que ofrecer distintas alternativas como karaoke literario, eventos musicales, charlas, exposiciones de libros y rincones dedicados para los m\u00e1s chicos.<\/p>\n\n\n\n<p>En total, 33 bibliotecas populares formar\u00e1n parte de la propuesta. \u201cDe esta manera, estamos cerrando el a\u00f1o de CONABIP, que cumple 150 a\u00f1os protegiendo a las bibliotecas populares y adem\u00e1s vamos a celebrar que se aprob\u00f3 el proyecto de ley que extiende por 50 a\u00f1os las asignaciones espec\u00edficas para industrias e instituciones culturales, y para el funcionamiento de las bibliotecas populares\u201d, se\u00f1al\u00f3 la presidenta de la Federaci\u00f3n Correntina de Bibliotecas Populares (FECOBIP), Natalia Saya, adem\u00e1s de agradecer el apoyo del Instituto de Cultura de la Provincia.<\/p>\n\n\n\n<p><strong>PROGRAMACI\u00d3N<\/strong><\/p>\n\n\n\n<p>CAPITAL<\/p>\n\n\n\n<p>\u00b7&nbsp;&nbsp;&nbsp;&nbsp;&nbsp;&nbsp;&nbsp;&nbsp;&nbsp;Biblioteca Arandu -Ciudad de Arequipa 3410&nbsp;(1000 Viviendas)-, a partir de las 20, habr\u00e1 &#8220;Noche de historia, teatro y m\u00fasica&#8221;.<\/p>\n\n\n\n<p>\u00b7&nbsp;&nbsp;&nbsp;&nbsp;&nbsp;&nbsp;&nbsp;&nbsp;&nbsp;Biblioteca Ernesto Sabato -Jujuy 1325-, de 20 a 23, se realizar\u00e1 se har\u00e1 reconocimiento de los libros, creando nuevos espacios de lectura.<\/p>\n\n\n\n<p>\u00b7&nbsp;&nbsp;&nbsp;&nbsp;&nbsp;&nbsp;&nbsp;&nbsp;&nbsp;Biblioteca Escritores Correntinos -General Paz 3198-, de 20 a 22, se llevar\u00e1n adelante lecturas infantiles, m\u00fasica, danza y teatro le\u00eddo.<\/p>\n\n\n\n<p>\u00b7&nbsp;&nbsp;&nbsp;&nbsp;&nbsp;&nbsp;&nbsp;&nbsp;&nbsp;Biblioteca Francisco de San Mart\u00edn -avenida El Maestro 3451-, de 20 a 22, habr\u00e1 exposici\u00f3n de libros, lecturas, reconocimientos y m\u00fasica.<\/p>\n\n\n\n<p>\u00b7&nbsp;&nbsp;&nbsp;&nbsp;&nbsp;&nbsp;&nbsp;&nbsp;&nbsp;Biblioteca Fray Luis Bola\u00f1os -Domingo Lastra 820-, de 20,30 a 23,30, se prepar\u00f3 una velada literaria: lecturas, m\u00fasica, presentaci\u00f3n de obras e invitados especiales (SADE CTES).<\/p>\n\n\n\n<p>\u00b7&nbsp;&nbsp;&nbsp;&nbsp;&nbsp;&nbsp;&nbsp;&nbsp;&nbsp;Biblioteca Josefina Contte -Carlos Pellegrini 702-, de 20 a 00, exposici\u00f3n de libros, charlas informativas y danzas.<\/p>\n\n\n\n<p>CAA CATI<\/p>\n\n\n\n<p>\u00b7&nbsp;&nbsp;&nbsp;&nbsp;&nbsp;&nbsp;&nbsp;&nbsp;&nbsp;Biblioteca Popular Dr. Juan M. Rivera -Alberdi y Blanco Vera S\/N-, a partir de las 20.30, est\u00e1 prevista la presentaci\u00f3n del libro&nbsp;&#8220;P\u00e1ginas de mi esperanza de Elsa Centuri\u00f3n&#8221;, y ronda de lecturas a cargo del taller del grupo literario P\u00e1jaro de Tinta.<\/p>\n\n\n\n<p>CURUZ\u00da CUATI\u00c1<\/p>\n\n\n\n<p>\u00b7&nbsp;&nbsp;&nbsp;&nbsp;&nbsp;&nbsp;&nbsp;&nbsp;&nbsp;Biblioteca ACYAC -Dr. Tomas Pozzi 560-, de 18 a 22, habr\u00e1 taller de decoupage, lecturas, encuentro de lectores, dise\u00f1o de un mural y lectura de cl\u00e1sicos con m\u00fasica en vivo.<\/p>\n\n\n\n<p>\u00b7&nbsp;&nbsp;&nbsp;&nbsp;&nbsp;&nbsp;&nbsp;&nbsp;&nbsp;Biblioteca Cuati\u00e1 Renda -Rivadavia y Don Bosco-, de 19 a 21, con lecturas de cuentos, exposiciones y charlas.<\/p>\n\n\n\n<p>ESQUINA<\/p>\n\n\n\n<p>\u00b7&nbsp;&nbsp;&nbsp;&nbsp;&nbsp;&nbsp;&nbsp;&nbsp;&nbsp;Biblioteca Jos\u00e9 Alfredo Ferreyra -Sarmiento 485-, de 17,30 a 20,30, se realizar\u00e1 una expo y artesan\u00edas.<\/p>\n\n\n\n<p>GOYA<\/p>\n\n\n\n<p>\u00b7&nbsp;&nbsp;&nbsp;&nbsp;&nbsp;&nbsp;&nbsp;&nbsp;&nbsp;Biblioteca Barrios del Sur -Chile y Campichuelo S\/N-, a partir de las 20, est\u00e1 prevista una exposici\u00f3n de libros y Nuestra Tradici\u00f3n: con lectura y recitado del Mart\u00edn Fierro, al igual que canto, danza y vestimentas tradicionales.<\/p>\n\n\n\n<p>LAGUNA BRAVA<\/p>\n\n\n\n<p>\u00b7&nbsp;&nbsp;&nbsp;&nbsp;&nbsp;&nbsp;&nbsp;&nbsp;&nbsp;Biblioteca Coemba Pora -Madariaga y 6 de Mayo-, de 20 a 00, con teatro, t\u00edteres, conjunto chamamecero, presentaci\u00f3n de libros y cierre musical.<\/p>\n\n\n\n<p>LOMAS DE VALLEJOS<\/p>\n\n\n\n<p>\u00b7&nbsp;&nbsp;&nbsp;&nbsp;&nbsp;&nbsp;&nbsp;&nbsp;&nbsp;Biblioteca Leamos Juntos -Lomas de Vallejos-, a partir de las 20, est\u00e1 previsto club de lectura, puntos art\u00edsticos y lecturas.<\/p>\n\n\n\n<p>MERCEDES<\/p>\n\n\n\n<p>\u00b7&nbsp;&nbsp;&nbsp;&nbsp;&nbsp;&nbsp;&nbsp;&nbsp;&nbsp;Bibliotecas Municipal de Mercedes, Domingo Faustino Sarmiento, General San Mart\u00edn, Isabel Sandalia Aquino y Literaria Belgrano. El evento se realizar\u00e1 en la plaza 25 de Mayo, con exposici\u00f3n de libros, ronda de lecturas, escritores invitados Grupo de Letras de Mercedes y la escritora Stella Maris Folguer\u00e1. Cierre musical con la presentaci\u00f3n de Sergio Casco.<\/p>\n\n\n\n<p>MOCORET\u00c1<\/p>\n\n\n\n<p>\u00b7&nbsp;&nbsp;&nbsp;&nbsp;&nbsp;&nbsp;&nbsp;&nbsp;&nbsp;Biblioteca Mariano Moreno -Pablo Marturet 357-, de 20 a 00, se program\u00f3 un karaoke entre libros.<\/p>\n\n\n\n<p>MONTE CASEROS<\/p>\n\n\n\n<p>\u00b7&nbsp;&nbsp;&nbsp;&nbsp;&nbsp;&nbsp;&nbsp;&nbsp;&nbsp;Biblioteca Elizondo -Bergamini 273-, de 19 a 21, con visita guiada, exposici\u00f3n de artistas visuales, coros, danza, la participaci\u00f3n del cuentista y narrador Hugo Quiroz, lectura de poemas y teatro de sombras.<\/p>\n\n\n\n<p>SALADAS<\/p>\n\n\n\n<p>\u00b7&nbsp;&nbsp;&nbsp;&nbsp;&nbsp;&nbsp;&nbsp;&nbsp;&nbsp;Biblioteca Gerardo Pisarello -Bartolome Mitre y Sargento Cabral-, de 20 a 23, lectura de cuentos y poes\u00edas en vivo, pel\u00edcula, muestra audiovisual &#8220;Los P\u00e1jaros &#8221; y m\u00fasica.<\/p>\n\n\n\n<p>SAN COSME<\/p>\n\n\n\n<p>\u00b7&nbsp;&nbsp;&nbsp;&nbsp;&nbsp;&nbsp;&nbsp;&nbsp;&nbsp;Biblioteca San Cosme -avenida San Mart\u00edn y Ozuna-, a partir de las 18, con juegos, concurso de lectura, dibujo y pintura. Tambi\u00e9n adivinanzas, chistes, trabalenguas. Participar\u00e1n abuelas, ni\u00f1os y j\u00f3venes cuenta cuentos.&nbsp;<\/p>\n\n\n\n<p>SAN ROQUE<\/p>\n\n\n\n<p>\u00b7&nbsp;&nbsp;&nbsp;&nbsp;&nbsp;&nbsp;&nbsp;&nbsp;&nbsp;Biblioteca San Mart\u00edn -Desiderio Sosa 625-, a partir de las 20, habr\u00e1 teatro de t\u00edteres, show de freestyle, bailes, m\u00fasica en vivo, entrega de certificado de concurso literario y sorteos.<\/p>\n\n\n\n<p>SANTO TOM\u00c9<\/p>\n\n\n\n<p>\u00b7&nbsp;&nbsp;&nbsp;&nbsp;&nbsp;&nbsp;&nbsp;&nbsp;&nbsp;Biblioteca Bernardino Rivadavia -V\u00edctor Navajas 844-, de 19 a 00, se realizar\u00e1n lecturas de cuentos y poes\u00edas, habr\u00e1 m\u00fasica con artistas locales y est\u00e1 prevista la proyecci\u00f3n del documental &#8220;Los Ramones&#8221; de Juli\u00e1n Zini.<\/p>\n\n\n\n<p>JUAN PUJOL<\/p>\n\n\n\n<p>\u00b7&nbsp;&nbsp;&nbsp;&nbsp;&nbsp;&nbsp;&nbsp;&nbsp;&nbsp;Biblioteca del Saber -Luis Zaupa S\/N-, de 19 a 21, habr\u00e1 exposici\u00f3n de obras de teatro, stand de historiadores locales y danza.<\/p>\n\n\n\n<p>Tambi\u00e9n est\u00e1n programadas actividades en la biblioteca popular Faustino Sarmiento de Bella Vista -Corrientes 957-; la biblioteca J. R. Mari\u00f1o de Capital -Santa Fe 847-; la biblioteca Eva Per\u00f3n de Capital -3 de Abril 38-; la biblioteca \u00d1a\u00f1uva de Capital -Darragueira 1954-; y la biblioteca Juan Bautista Alberdi de San Luis del Palmar -San Mart\u00edn 623-.&nbsp;<\/p>\n","protected":false},"excerpt":{"rendered":"<p>El Instituto de Cultura de Corrientes (ICC) invita al p\u00fablico en general a sumarse a la primera edici\u00f3n de La Noche de las Bibliotecas Populares, que se desarrollar\u00e1 este viernes&hellip; <\/p>\n","protected":false},"author":1,"featured_media":24056,"comment_status":"closed","ping_status":"open","sticky":false,"template":"","format":"standard","meta":{"footnotes":""},"categories":[15],"tags":[],"class_list":["post-24055","post","type-post","status-publish","format-standard","has-post-thumbnail","hentry","category-cultura"],"_links":{"self":[{"href":"https:\/\/corrientesdetarde.com\/index.php\/wp-json\/wp\/v2\/posts\/24055","targetHints":{"allow":["GET"]}}],"collection":[{"href":"https:\/\/corrientesdetarde.com\/index.php\/wp-json\/wp\/v2\/posts"}],"about":[{"href":"https:\/\/corrientesdetarde.com\/index.php\/wp-json\/wp\/v2\/types\/post"}],"author":[{"embeddable":true,"href":"https:\/\/corrientesdetarde.com\/index.php\/wp-json\/wp\/v2\/users\/1"}],"replies":[{"embeddable":true,"href":"https:\/\/corrientesdetarde.com\/index.php\/wp-json\/wp\/v2\/comments?post=24055"}],"version-history":[{"count":1,"href":"https:\/\/corrientesdetarde.com\/index.php\/wp-json\/wp\/v2\/posts\/24055\/revisions"}],"predecessor-version":[{"id":24057,"href":"https:\/\/corrientesdetarde.com\/index.php\/wp-json\/wp\/v2\/posts\/24055\/revisions\/24057"}],"wp:featuredmedia":[{"embeddable":true,"href":"https:\/\/corrientesdetarde.com\/index.php\/wp-json\/wp\/v2\/media\/24056"}],"wp:attachment":[{"href":"https:\/\/corrientesdetarde.com\/index.php\/wp-json\/wp\/v2\/media?parent=24055"}],"wp:term":[{"taxonomy":"category","embeddable":true,"href":"https:\/\/corrientesdetarde.com\/index.php\/wp-json\/wp\/v2\/categories?post=24055"},{"taxonomy":"post_tag","embeddable":true,"href":"https:\/\/corrientesdetarde.com\/index.php\/wp-json\/wp\/v2\/tags?post=24055"}],"curies":[{"name":"wp","href":"https:\/\/api.w.org\/{rel}","templated":true}]}}