{"id":24058,"date":"2022-11-30T14:40:33","date_gmt":"2022-11-30T17:40:33","guid":{"rendered":"https:\/\/corrientesdetarde.com\/?p=24058"},"modified":"2022-11-30T14:40:34","modified_gmt":"2022-11-30T17:40:34","slug":"cierre-del-ciclo-lectivo-de-los-cdi-provinciales-en-el-cocomarola","status":"publish","type":"post","link":"https:\/\/corrientesdetarde.com\/index.php\/sociales\/cierre-del-ciclo-lectivo-de-los-cdi-provinciales-en-el-cocomarola\/","title":{"rendered":"Cierre del ciclo lectivo de los CDI Provinciales en el Cocomarola"},"content":{"rendered":"\n<p>Este mi\u00e9rcoles 30 en el Anfiteatro Cocomarola se llevar\u00e1 a cabo el Cierre del Ciclo lectivo de los Centros de Desarrollo Infantil de la provincia de Capital, dependientes del Ministerio de Desarrollo Social.<\/p>\n\n\n\n<p>Se invita por este medio a periodistas y al p\u00fablico en general&nbsp;que quieran acompa\u00f1ar en este acontecimiento tan importante para los ni\u00f1os.<\/p>\n\n\n\n<p>M\u00e1s de 5.000 ni\u00f1os de toda la provincia concurren a estas instituciones durante todo el a\u00f1o de lunes a viernes de 7 a 19 donde reciben, alimentaci\u00f3n, contenci\u00f3n, formaci\u00f3n educativa que los prepara para el ingreso escolar, con actividades pedag\u00f3gicas&nbsp;desde los dos a\u00f1os.<\/p>\n\n\n\n<p>La Direcci\u00f3n de los Derechos de la Ni\u00f1ez y la Familia es quien organiza el evento en forma conjunta en esta oportunidad de&nbsp;los Centros CDI Rayito de Luz, Rosa Guar\u00fa y Mis Ositos.<\/p>\n\n\n\n<p>Durante el acto se entonar\u00e1n canciones, se exhibir\u00e1 un v\u00eddeo y el gran cierre ser\u00e1 un show musical.<\/p>\n\n\n\n<hr class=\"wp-block-separator has-alpha-channel-opacity\"\/>\n\n\n\n<figure class=\"wp-block-table\"><table><tbody><tr><td><\/td><\/tr><\/tbody><\/table><\/figure>\n","protected":false},"excerpt":{"rendered":"<p>Este mi\u00e9rcoles 30 en el Anfiteatro Cocomarola se llevar\u00e1 a cabo el Cierre del Ciclo lectivo de los Centros de Desarrollo Infantil de la provincia de Capital, dependientes del Ministerio&hellip; <\/p>\n","protected":false},"author":1,"featured_media":24059,"comment_status":"closed","ping_status":"open","sticky":false,"template":"","format":"standard","meta":{"footnotes":""},"categories":[17],"tags":[],"class_list":["post-24058","post","type-post","status-publish","format-standard","has-post-thumbnail","hentry","category-sociales"],"_links":{"self":[{"href":"https:\/\/corrientesdetarde.com\/index.php\/wp-json\/wp\/v2\/posts\/24058","targetHints":{"allow":["GET"]}}],"collection":[{"href":"https:\/\/corrientesdetarde.com\/index.php\/wp-json\/wp\/v2\/posts"}],"about":[{"href":"https:\/\/corrientesdetarde.com\/index.php\/wp-json\/wp\/v2\/types\/post"}],"author":[{"embeddable":true,"href":"https:\/\/corrientesdetarde.com\/index.php\/wp-json\/wp\/v2\/users\/1"}],"replies":[{"embeddable":true,"href":"https:\/\/corrientesdetarde.com\/index.php\/wp-json\/wp\/v2\/comments?post=24058"}],"version-history":[{"count":1,"href":"https:\/\/corrientesdetarde.com\/index.php\/wp-json\/wp\/v2\/posts\/24058\/revisions"}],"predecessor-version":[{"id":24060,"href":"https:\/\/corrientesdetarde.com\/index.php\/wp-json\/wp\/v2\/posts\/24058\/revisions\/24060"}],"wp:featuredmedia":[{"embeddable":true,"href":"https:\/\/corrientesdetarde.com\/index.php\/wp-json\/wp\/v2\/media\/24059"}],"wp:attachment":[{"href":"https:\/\/corrientesdetarde.com\/index.php\/wp-json\/wp\/v2\/media?parent=24058"}],"wp:term":[{"taxonomy":"category","embeddable":true,"href":"https:\/\/corrientesdetarde.com\/index.php\/wp-json\/wp\/v2\/categories?post=24058"},{"taxonomy":"post_tag","embeddable":true,"href":"https:\/\/corrientesdetarde.com\/index.php\/wp-json\/wp\/v2\/tags?post=24058"}],"curies":[{"name":"wp","href":"https:\/\/api.w.org\/{rel}","templated":true}]}}