{"id":241040,"date":"2025-12-26T20:06:14","date_gmt":"2025-12-26T23:06:14","guid":{"rendered":"https:\/\/corrientesdetarde.com\/?p=241040"},"modified":"2025-12-26T20:06:26","modified_gmt":"2025-12-26T23:06:26","slug":"el-ministro-de-obras-y-servicios-publicos-recorrio-municipios-afectados-por-el-temporal","status":"publish","type":"post","link":"https:\/\/corrientesdetarde.com\/index.php\/informacion-general\/el-ministro-de-obras-y-servicios-publicos-recorrio-municipios-afectados-por-el-temporal\/","title":{"rendered":"El ministro de Obras y Servicios P\u00fablicos recorri\u00f3 municipios afectados por el temporal"},"content":{"rendered":"\n<p>Con el mandato del gobernador Juan Pablo Vald\u00e9s de estar cerca de los vecinos, y trabajar con los municipios, el ministro de Obras y Servicios P\u00fablicos de la Provincia, Jorge Meza, recorri\u00f3 las localidades de San Luis del Palmar, San Cosme y San Miguel, que fueron afectadas por abundantes lluvias.<\/p>\n\n\n\n<p>Una vez en el terreno, junto a los municipios, \u00e1reas zonales de la Direcci\u00f3n Provincial de Vialidad y los Bomberos Voluntarios, se realiz\u00f3 un mapeo de la situaci\u00f3n para comenzar a trabajar en obras prioritarias con el objetivo de mitigar las complicaciones h\u00eddricas de dichas zonas.<\/p>\n\n\n\n<figure class=\"wp-block-image size-full\"><img loading=\"lazy\" decoding=\"async\" width=\"770\" height=\"603\" src=\"https:\/\/corrientesdetarde.com\/wp-content\/uploads\/2025\/12\/image-615.png\" alt=\"\" class=\"wp-image-241047\" srcset=\"https:\/\/corrientesdetarde.com\/wp-content\/uploads\/2025\/12\/image-615.png 770w, https:\/\/corrientesdetarde.com\/wp-content\/uploads\/2025\/12\/image-615-300x235.png 300w, https:\/\/corrientesdetarde.com\/wp-content\/uploads\/2025\/12\/image-615-768x601.png 768w\" sizes=\"auto, (max-width: 770px) 100vw, 770px\" \/><\/figure>\n","protected":false},"excerpt":{"rendered":"<p>Con el mandato del gobernador Juan Pablo Vald\u00e9s de estar cerca de los vecinos, y trabajar con los municipios, el ministro de Obras y Servicios P\u00fablicos de la Provincia, Jorge&hellip; <\/p>\n","protected":false},"author":1,"featured_media":241048,"comment_status":"closed","ping_status":"open","sticky":false,"template":"","format":"standard","meta":{"footnotes":""},"categories":[1],"tags":[],"class_list":["post-241040","post","type-post","status-publish","format-standard","has-post-thumbnail","hentry","category-informacion-general"],"_links":{"self":[{"href":"https:\/\/corrientesdetarde.com\/index.php\/wp-json\/wp\/v2\/posts\/241040","targetHints":{"allow":["GET"]}}],"collection":[{"href":"https:\/\/corrientesdetarde.com\/index.php\/wp-json\/wp\/v2\/posts"}],"about":[{"href":"https:\/\/corrientesdetarde.com\/index.php\/wp-json\/wp\/v2\/types\/post"}],"author":[{"embeddable":true,"href":"https:\/\/corrientesdetarde.com\/index.php\/wp-json\/wp\/v2\/users\/1"}],"replies":[{"embeddable":true,"href":"https:\/\/corrientesdetarde.com\/index.php\/wp-json\/wp\/v2\/comments?post=241040"}],"version-history":[{"count":1,"href":"https:\/\/corrientesdetarde.com\/index.php\/wp-json\/wp\/v2\/posts\/241040\/revisions"}],"predecessor-version":[{"id":241052,"href":"https:\/\/corrientesdetarde.com\/index.php\/wp-json\/wp\/v2\/posts\/241040\/revisions\/241052"}],"wp:featuredmedia":[{"embeddable":true,"href":"https:\/\/corrientesdetarde.com\/index.php\/wp-json\/wp\/v2\/media\/241048"}],"wp:attachment":[{"href":"https:\/\/corrientesdetarde.com\/index.php\/wp-json\/wp\/v2\/media?parent=241040"}],"wp:term":[{"taxonomy":"category","embeddable":true,"href":"https:\/\/corrientesdetarde.com\/index.php\/wp-json\/wp\/v2\/categories?post=241040"},{"taxonomy":"post_tag","embeddable":true,"href":"https:\/\/corrientesdetarde.com\/index.php\/wp-json\/wp\/v2\/tags?post=241040"}],"curies":[{"name":"wp","href":"https:\/\/api.w.org\/{rel}","templated":true}]}}