{"id":241144,"date":"2025-12-27T12:01:39","date_gmt":"2025-12-27T15:01:39","guid":{"rendered":"https:\/\/corrientesdetarde.com\/?p=241144"},"modified":"2025-12-27T12:01:50","modified_gmt":"2025-12-27T15:01:50","slug":"se-conocio-el-primer-parte-medico-de-christian-petersen","status":"publish","type":"post","link":"https:\/\/corrientesdetarde.com\/index.php\/espectaculos\/se-conocio-el-primer-parte-medico-de-christian-petersen\/","title":{"rendered":"Se conoci\u00f3 el primer parte m\u00e9dico de Christian Petersen."},"content":{"rendered":"\n<h2 class=\"wp-block-heading\">El chef contin\u00faa su proceso de recuperaci\u00f3n en el centro de salud porte\u00f1o.<\/h2>\n\n\n\n<p>El Hospital Alem\u00e1n difundi\u00f3 el parte de salud de\u00a0<strong>Christian Petersen. Seg\u00fan precis\u00f3 el sanatorio de la Ciudad de Buenos Aires, el chef se encuentra estable y fue sometido a nuevos estudios.<\/strong><\/p>\n\n\n\n<p><strong>&#8220;<\/strong>En la tarde de ayer, luego de un traslado sanitario realizado sin complicaciones, el paciente Christian Petersen fue ingresado al Hospital Alem\u00e1n de Buenos Aires para continuar su atenci\u00f3n en un centro de mayor complejidad&#8221;, indicaron en un comunicado.<\/p>\n\n\n\n<p>Asimismo, informaron que \u201c<strong>al arribar al Hospital, Christian Petersen se encontraba estable<\/strong>, y fue recibido por un equipo m\u00e9dico interdisciplinario que realiz\u00f3 una evaluaci\u00f3n inicial y el ajuste del tratamiento de acuerdo con su evoluci\u00f3n, garantizando la continuidad de su atenci\u00f3n\u201d.<\/p>\n\n\n\n<p>Por \u00faltimo, afirmaron que acompa\u00f1an a la familia del cocinero y que la comunicaci\u00f3n sobre el estado de salud de Petersen se har\u00e1 \u201c<strong>respetando en todo momento la confidencialidad de la informaci\u00f3n m\u00e9dica<\/strong>\u201d.<\/p>\n\n\n\n<h2 class=\"wp-block-heading\"><strong>C\u00f3mo fue el traslado de Cristian Petersen a la Ciudad de Buenos Aires<\/strong><\/h2>\n\n\n\n<p><strong>Petersen fue trasladado este viernes a CABA\u00a0<\/strong>despu\u00e9s de permanecer m\u00e1s de diez d\u00edas internado en San Mart\u00edn de los Andes.<\/p>\n\n\n\n<p><strong>El chef fue ingresado durante la tarde<\/strong>&nbsp;para continuar con el seguimiento de su cuadro.<\/p>\n\n\n\n<p>Seg\u00fan se supo,&nbsp;<strong>el traslado del conductor se hizo en un avi\u00f3n sanitario<\/strong>, bajo medidas m\u00e9dicas estrictas y con seguimiento permanente durante el vuelo desde la Patagonia.<\/p>\n\n\n\n<h2 class=\"wp-block-heading\">Se conoci\u00f3 cu\u00e1l fue la raz\u00f3n por la que Christian Petersen se salv\u00f3 tras descompensarse en el volc\u00e1n Lan\u00edn<\/h2>\n\n\n\n<p>Desde el primer momento en que se conoci\u00f3 que\u00a0<strong>Christian Petersen<\/strong>\u00a0tuvo una descompensaci\u00f3n cuando hac\u00eda una excursi\u00f3n en el volc\u00e1n Lan\u00edn\u00a0<strong>trascendieron varias versiones\u00a0<\/strong>sobre lo que ocurri\u00f3 en la monta\u00f1a.<\/p>\n\n\n\n<p>Es por eso que el comunicado de la familia del cocinero,\u00a0emitido durante la noche del mi\u00e9rcoles, cobra vital importancia por los detalles que se deslizaron para entender lo que pas\u00f3, m\u00e1s all\u00e1 de clarificar acerca de su salud.<\/p>\n\n\n\n<figure class=\"wp-block-image\"><img decoding=\"async\" src=\"https:\/\/tn.com.ar\/resizer\/v2\/el-comunicado-que-compartio-la-familia-de-christian-petersen-foto-instagram-christianpetersenok-VFPHDPPICBCTRHXHPLATNHPEMQ.jpeg?auth=d666b08949e2b192065538fa8a2ad7f1316b9d38035c91db81847f8926cce482&amp;width=767\" alt=\"El comunicado que comparti\u00f3 la familia de Christian Petersen. (Foto: Instagram \/ christianpetersenok)\"\/><figcaption class=\"wp-element-caption\">El comunicado que comparti\u00f3 la familia de Christian Petersen. (Foto: Instagram \/ christianpetersenok)<\/figcaption><\/figure>\n\n\n\n<p>En el texto que se comparti\u00f3 en la cuenta de Instagram de&nbsp;<strong>Christian Petersen<\/strong>&nbsp;se especific\u00f3 que en un principio el cuadro que sufri\u00f3 el cocinero&nbsp;<strong>\u201cparec\u00eda sencillo\u201d<\/strong>, aunque no lo era.<\/p>\n\n\n\n<p>El comunicado puntualiza que fue clave la acci\u00f3n de una persona que acompa\u00f1\u00f3 al chef durante el ascenso al volc\u00e1n<strong>: su intervenci\u00f3n fue la raz\u00f3n por la que Petersen termin\u00f3 internado y, por ende, salv\u00f3 su vida.<\/strong><\/p>\n\n\n\n<p><strong>\u201cGracias a un certero diagn\u00f3stico del gu\u00eda contratado<\/strong>, Chris fue derivado hace 10 d\u00edas al Hospital de Jun\u00edn con un importante stress f\u00edsico debido al excesivo esfuerzo realizado para hacer cumbre en el volc\u00e1n Lan\u00edn, disparando un cuadro preventivo cardiol\u00f3gico, en el cual se centr\u00f3 toda la atenci\u00f3n\u201d, puntualizaron los familiares del chef.<\/p>\n\n\n\n<p>La salud de Petersen, posteriormente, se complic\u00f3. Es por eso que lo derivaron a otro centro de salud, el Hospital de San Mart\u00edn de Los Andes, donde sigue internado. \u201cEsta situaci\u00f3n vivida en la monta\u00f1a&nbsp;<strong>deriv\u00f3 en una fuerte descompensaci\u00f3n multiorg\u00e1nica<\/strong>, que por suerte fue evolucionando d\u00eda a d\u00eda\u201d, expresaron.<\/p>\n","protected":false},"excerpt":{"rendered":"<p>El chef contin\u00faa su proceso de recuperaci\u00f3n en el centro de salud porte\u00f1o. El Hospital Alem\u00e1n difundi\u00f3 el parte de salud de\u00a0Christian Petersen. Seg\u00fan precis\u00f3 el sanatorio de la Ciudad&hellip; <\/p>\n","protected":false},"author":6,"featured_media":241148,"comment_status":"closed","ping_status":"open","sticky":false,"template":"","format":"standard","meta":{"footnotes":""},"categories":[19],"tags":[],"class_list":["post-241144","post","type-post","status-publish","format-standard","has-post-thumbnail","hentry","category-espectaculos"],"_links":{"self":[{"href":"https:\/\/corrientesdetarde.com\/index.php\/wp-json\/wp\/v2\/posts\/241144","targetHints":{"allow":["GET"]}}],"collection":[{"href":"https:\/\/corrientesdetarde.com\/index.php\/wp-json\/wp\/v2\/posts"}],"about":[{"href":"https:\/\/corrientesdetarde.com\/index.php\/wp-json\/wp\/v2\/types\/post"}],"author":[{"embeddable":true,"href":"https:\/\/corrientesdetarde.com\/index.php\/wp-json\/wp\/v2\/users\/6"}],"replies":[{"embeddable":true,"href":"https:\/\/corrientesdetarde.com\/index.php\/wp-json\/wp\/v2\/comments?post=241144"}],"version-history":[{"count":1,"href":"https:\/\/corrientesdetarde.com\/index.php\/wp-json\/wp\/v2\/posts\/241144\/revisions"}],"predecessor-version":[{"id":241150,"href":"https:\/\/corrientesdetarde.com\/index.php\/wp-json\/wp\/v2\/posts\/241144\/revisions\/241150"}],"wp:featuredmedia":[{"embeddable":true,"href":"https:\/\/corrientesdetarde.com\/index.php\/wp-json\/wp\/v2\/media\/241148"}],"wp:attachment":[{"href":"https:\/\/corrientesdetarde.com\/index.php\/wp-json\/wp\/v2\/media?parent=241144"}],"wp:term":[{"taxonomy":"category","embeddable":true,"href":"https:\/\/corrientesdetarde.com\/index.php\/wp-json\/wp\/v2\/categories?post=241144"},{"taxonomy":"post_tag","embeddable":true,"href":"https:\/\/corrientesdetarde.com\/index.php\/wp-json\/wp\/v2\/tags?post=241144"}],"curies":[{"name":"wp","href":"https:\/\/api.w.org\/{rel}","templated":true}]}}