{"id":241153,"date":"2025-12-27T12:00:00","date_gmt":"2025-12-27T15:00:00","guid":{"rendered":"https:\/\/corrientesdetarde.com\/?p=241153"},"modified":"2025-12-27T12:09:06","modified_gmt":"2025-12-27T15:09:06","slug":"archivos-desclasificados-brindan-nuevos-detalles-de-la-muerte-de-jeffrey-epstein","status":"publish","type":"post","link":"https:\/\/corrientesdetarde.com\/index.php\/internacionales\/archivos-desclasificados-brindan-nuevos-detalles-de-la-muerte-de-jeffrey-epstein\/","title":{"rendered":"Archivos desclasificados brindan nuevos detalles de la muerte de Jeffrey Epstein."},"content":{"rendered":"\n<h2 class=\"wp-block-heading\">El empresario norteamericano se quit\u00f3 la vida en 2019. Sostienen que no ten\u00eda suficiente vigilancia pese a que se sab\u00eda que hab\u00eda riesgo de suicidio.<\/h2>\n\n\n\n<p>Jeffrey Epstein fue fue encontrado sin vida en una celda del Centro Correccional Metropolitano de Nueva York el 10 de agosto de 2019, aproximadamente a las 6:30 am. La causa oficial del deceso fue un suicido por ahorcamiento, seg\u00fan el dictamen de la m\u00e9dica Forense B\u00e1rbara Sampson.<\/p>\n\n\n\n<p>M\u00faltiples sectores de la sociedad y la pol\u00edtica, incluidos miembros del Congreso estadounidense y partidarios del presidente Donald Trump, cuestionaron el suicidio. Aunque los archivos desclasificados recientemente por el Departamento de Justicia (DOJ) respaldan esa hip\u00f3tesis. Sin embargo, evidencian falta de vigilancia del sistema penitenciario encargado de custodiar a Epstein.<\/p>\n\n\n\n<p>Epstein hab\u00eda sido catalogado como un recluso con riesgo de suicidio por un intento previo de ahorcamiento que lo hab\u00eda dejado semiinconsciente en su celda, antes de ser encontrado por algunos guardias. Los documentos difundidos por el DOJ reflejan m\u00e1s detalles de ese intento previo de quitarse la vida.<\/p>\n\n\n\n<p>Las actas penitenciarias, citadas por el Washington Post, revelan a que los agentes que lo encontraron &#8220;con una soga naranja improvisada alrededor del cuello&#8221;, lo trasladaron en una camilla para brindarle asistencia.<\/p>\n\n\n\n<p>Las fotos del informe m\u00e9dico de ese d\u00eda &#8220;etiquetadas como posible intento de suicidio, muestran a un Epstein desali\u00f1ado con una bata azul antisuicidio y la piel ligeramente enrojecida por encima de la clav\u00edcula&#8221;, explica el medio estadounidense.<\/p>\n\n\n\n<p>Tras su estabilizaci\u00f3n, Epstein fue puesto en vigilancia por riesgo de suicidio. Los informes de entonces detallan que el recluso verbalizaba problemas de insomnio y negaba haber intentado quitarse la vida. &#8220;Dijo que no le gusta el dolor y que no quer\u00eda hacerse da\u00f1o&#8221;, escribi\u00f3 un psic\u00f3logo de la prisi\u00f3n que lo examin\u00f3 esas semanas.<\/p>\n\n\n\n<p>Dos notas in\u00e9ditas reveladas esta semana por el DOJ evidencian que Epstein declar\u00f3 la noche posterior al incidente &#8220;que su compa\u00f1ero de celda intent\u00f3 matarlo&#8221; y que &#8220;lo hab\u00eda estado acosando&#8221;, una versi\u00f3n de la que no encontraron pruebas los investigadores.<\/p>\n\n\n\n<p>De hecho, documentos posteriores evidencian que tanto Epstein como Nicholas Tartaglione, el expolic\u00eda acusado de asesinato m\u00faltiple con quien compart\u00eda celda, afirmaron no tener problemas entre ellos.<\/p>\n\n\n\n<p>Un correo electr\u00f3nico entre directores penitenciarios suger\u00eda que Epstein podr\u00eda enfrentar una audiencia disciplinaria por violar la prohibici\u00f3n de la prisi\u00f3n sobre la &#8220;automutilaci\u00f3n&#8221;, una idea que un m\u00e9dico citado en esa correspondencia ve\u00eda factible, dado que el delincuente sexual no padec\u00eda ninguna enfermedad mental diagnosticada.<\/p>\n\n\n\n<p>A los pocos d\u00edas del intento de suicidio, la condici\u00f3n de Epstein, que seg\u00fan los reportes mostraba &#8220;signos de positividad&#8221; y negaba la voluntad suicida, fue degradada a observaci\u00f3n psicol\u00f3gica, ya no en el r\u00e9gimen de vigilancia continua 24\/7, que inclu\u00eda restricci\u00f3n de ciertos elementos que pod\u00edan ser autolesivos.<\/p>\n\n\n\n<p>El 26 de julio, dos semanas antes de la muerte de Epstein, el psic\u00f3logo jefe de la prisi\u00f3n escribi\u00f3 que un psic\u00f3logo en la sede de la Oficina de Prisiones en Washington &#8220;estaba preocupado porque hab\u00edan bajado (a Epstein) a observaci\u00f3n psicol\u00f3gica en lugar de mantenerlo en vigilancia por suicidio&#8221;.<\/p>\n\n\n\n<p>&#8220;Di mi justificaci\u00f3n y creo que es apropiada&#8221;, asegur\u00f3 entonces el psic\u00f3logo del penal neoyorquino.<\/p>\n\n\n\n<p>Otro correo electr\u00f3nico, un d\u00eda m\u00e1s tarde, comunic\u00f3 el descontento de Epstein por tener que volver a la unidad de seguridad, utilizada para reos con problemas mentales o con necesidades adicionales de vigilancia. Epstein estaba &#8220;ansioso por no poder dormir all\u00ed debido al ruido de los reclusos golpeando y gritando por la noche&#8221;, asegur\u00f3 el remitente.<\/p>\n\n\n\n<p>Tres d\u00edas m\u00e1s tarde, los trabajadores de la prisi\u00f3n enviaron a Epstein de regreso a la unidad especial, y 10 noches despu\u00e9s, lo encontraron sin vida en su celda.<\/p>\n\n\n\n<p>La fiscal\u00eda acus\u00f3 a dos funcionarios penitenciarios de dormir durante parte de su turno la noche en que Epstein se quit\u00f3 la vida, as\u00ed como de realizar compras en l\u00ednea y falsificar los libros de registro para maquillar su omisi\u00f3n de las rondas de vigilancia. Estas actitudes redundaron en que Epstein quedara solo en su celda, contrario a las indicaciones que hab\u00edan recibido.<\/p>\n\n\n\n<p>Pocos d\u00edas despu\u00e9s de la muerte del financiero, el fiscal William Barr inform\u00f3 de &#8220;graves irregularidades&#8221; en esa penitenciar\u00eda neoyorquina, que apuntaban a que los agentes &#8220;no hab\u00edan logrado asegurar adecuadamente al prisionero&#8221;.<\/p>\n\n\n\n<p>Barr se declar\u00f3 entonces &#8220;horrorizado&#8221;. &#8220;Este caso fue importante para las v\u00edctimas que tuvieron el coraje de presentarse y merecen la oportunidad de confrontar a los acusados en la sala del tribunal&#8221;.&nbsp;<\/p>\n","protected":false},"excerpt":{"rendered":"<p>El empresario norteamericano se quit\u00f3 la vida en 2019. Sostienen que no ten\u00eda suficiente vigilancia pese a que se sab\u00eda que hab\u00eda riesgo de suicidio. Jeffrey Epstein fue fue encontrado&hellip; <\/p>\n","protected":false},"author":6,"featured_media":241155,"comment_status":"closed","ping_status":"open","sticky":false,"template":"","format":"standard","meta":{"footnotes":""},"categories":[11],"tags":[],"class_list":["post-241153","post","type-post","status-publish","format-standard","has-post-thumbnail","hentry","category-internacionales"],"_links":{"self":[{"href":"https:\/\/corrientesdetarde.com\/index.php\/wp-json\/wp\/v2\/posts\/241153","targetHints":{"allow":["GET"]}}],"collection":[{"href":"https:\/\/corrientesdetarde.com\/index.php\/wp-json\/wp\/v2\/posts"}],"about":[{"href":"https:\/\/corrientesdetarde.com\/index.php\/wp-json\/wp\/v2\/types\/post"}],"author":[{"embeddable":true,"href":"https:\/\/corrientesdetarde.com\/index.php\/wp-json\/wp\/v2\/users\/6"}],"replies":[{"embeddable":true,"href":"https:\/\/corrientesdetarde.com\/index.php\/wp-json\/wp\/v2\/comments?post=241153"}],"version-history":[{"count":1,"href":"https:\/\/corrientesdetarde.com\/index.php\/wp-json\/wp\/v2\/posts\/241153\/revisions"}],"predecessor-version":[{"id":241156,"href":"https:\/\/corrientesdetarde.com\/index.php\/wp-json\/wp\/v2\/posts\/241153\/revisions\/241156"}],"wp:featuredmedia":[{"embeddable":true,"href":"https:\/\/corrientesdetarde.com\/index.php\/wp-json\/wp\/v2\/media\/241155"}],"wp:attachment":[{"href":"https:\/\/corrientesdetarde.com\/index.php\/wp-json\/wp\/v2\/media?parent=241153"}],"wp:term":[{"taxonomy":"category","embeddable":true,"href":"https:\/\/corrientesdetarde.com\/index.php\/wp-json\/wp\/v2\/categories?post=241153"},{"taxonomy":"post_tag","embeddable":true,"href":"https:\/\/corrientesdetarde.com\/index.php\/wp-json\/wp\/v2\/tags?post=241153"}],"curies":[{"name":"wp","href":"https:\/\/api.w.org\/{rel}","templated":true}]}}