{"id":241160,"date":"2025-12-27T18:21:14","date_gmt":"2025-12-27T21:21:14","guid":{"rendered":"https:\/\/corrientesdetarde.com\/?p=241160"},"modified":"2025-12-27T18:21:26","modified_gmt":"2025-12-27T21:21:26","slug":"mirtha-gomez-villalba-afianza-el-exito-de-imperdibles-como-el-programa-referente-de-viajes-y-entrevistas-en-la-tv-publica","status":"publish","type":"post","link":"https:\/\/corrientesdetarde.com\/index.php\/cultura\/mirtha-gomez-villalba-afianza-el-exito-de-imperdibles-como-el-programa-referente-de-viajes-y-entrevistas-en-la-tv-publica\/","title":{"rendered":"Mirtha G\u00f3mez Villalba afianza el \u00e9xito de &#8220;Imperdibles&#8221; como el programa referente de viajes y entrevistas en la TV P\u00fablica"},"content":{"rendered":"\n<p><\/p>\n\n\n\n<p>La Televisi\u00f3n P\u00fablica jerarquiza su franja de entretenimiento cultural con &#8220;Imperdibles&#8221;, el ciclo de entrevistas y viajes conducido por <a href=\"https:\/\/www.instagram.com\/mirthagomezvillalba\/\"><strong>Mirtha G\u00f3mez Villalba<\/strong><\/a> que se emite semanalmente para conectar a la audiencia con destinos globales y relatos de vida de figuras destacadas. Bajo una narrativa que prioriza la profundidad humana sobre el turismo convencional, el programa se prepara para iniciar su temporada 2026 con una apuesta renovada por la producci\u00f3n de alta calidad y una agenda centrada en la sostenibilidad y el descubrimiento de nuevas fronteras.<\/p>\n\n\n\n<p><strong>Mirtha G\u00f3mez Villalba: La pieza clave del \u00e9xito televisivo<\/strong><\/p>\n\n\n\n<p>La vigencia de &#8220;Imperdibles&#8221; se explica, en gran medida, por la impronta de su conductora. Mirtha G\u00f3mez Villalba ha logrado desmarcarse del rol tradicional de presentadora para convertirse en una mediadora cultural. Su capacidad para entablar di\u00e1logos que trascienden la an\u00e9cdota, permite que el televidente acceda a una faceta poco conocida de sus invitados, quienes provienen de \u00e1mbitos tan diversos como el deporte de \u00e9lite, el arte contempor\u00e1neo o la gesti\u00f3n tur\u00edstica.<\/p>\n\n\n\n<p>La estructura de sus entrevistas se apoya en interrogantes que buscan la esencia del viajero. Preguntas sobre \u201caquel destino pendiente\u201d o \u201caquel rinc\u00f3n del mundo al que siempre se desea regresar\u201d funcionan como disparadores para reflexiones sobre el desarrollo de las comunidades y el impacto emocional de conocer otras culturas. Esta conexi\u00f3n genuina es lo que ha permitido al programa fidelizar a una audiencia que busca contenido con valor agregado.<\/p>\n\n\n\n<p><strong>Un mapa sin fronteras: De las Cataratas del Iguaz\u00fa a las capitales europeas<\/strong><\/p>\n\n\n\n<p>El despliegue t\u00e9cnico de &#8220;Imperdibles&#8221; permite una inmersi\u00f3n visual en escenarios de gran contraste. La curadur\u00eda de destinos no es azarosa; el programa equilibra la majestuosidad natural de sitios como la selva amaz\u00f3nica y las playas del Caribe con la densidad hist\u00f3rica y arquitect\u00f3nica de ciudades como Roma.<\/p>\n\n\n\n<p>Cada episodio se construye como un viaje sensorial donde la gastronom\u00eda local o la historia de monumentos emblem\u00e1ticos tienen un protagonismo fundamental. Esta f\u00f3rmula ha posicionado al ciclo no solo como un referente de entretenimiento, sino tambi\u00e9n como una herramienta de divulgaci\u00f3n cultural que fomenta el deseo de exploraci\u00f3n y el respeto por el patrimonio global.<\/p>\n\n\n\n<p><strong>La hoja de ruta para 2026: Innovaci\u00f3n y sostenibilidad<\/strong><\/p>\n\n\n\n<p>Tras un 2025 exitoso en la se\u00f1al estatal, la producci\u00f3n de &#8220;Imperdibles&#8221; ha dise\u00f1ado un plan de expansi\u00f3n para el ciclo actual que responde a las nuevas demandas del consumo digital. La estrategia para este a\u00f1o se fundamenta en cuatro pilares cr\u00edticos:<\/p>\n\n\n\n<ul class=\"wp-block-list\">\n<li><strong>Inversi\u00f3n tecnol\u00f3gica:<\/strong> La incorporaci\u00f3n de equipos de filmaci\u00f3n de \u00faltima generaci\u00f3n y procesos de post-producci\u00f3n optimizados para garantizar im\u00e1genes de alto impacto visual.<\/li>\n\n\n\n<li><strong>Ecosistema multiplataforma:<\/strong> El salto definitivo hacia el streaming, permitiendo que el contenido alcance a nuevas generaciones de usuarios que consumen informaci\u00f3n bajo demanda.<\/li>\n\n\n\n<li><strong>Turismo sustentable:<\/strong> Una l\u00ednea editorial que promueve pr\u00e1cticas responsables, poniendo el foco en el cuidado del medio ambiente y el apoyo a las econom\u00edas locales en cada destino visitado.<\/li>\n\n\n\n<li><strong>Alianzas estrat\u00e9gicas:<\/strong> Acuerdos con aerol\u00edneas y empresas del sector para integrar beneficios directos a los seguidores del programa, cerrando el c\u00edrculo entre la inspiraci\u00f3n televisiva y la experiencia real del viaje.<\/li>\n<\/ul>\n\n\n\n<p><strong>Una ventana abierta al descubrimiento cultural<\/strong><\/p>\n\n\n\n<p>En un panorama medi\u00e1tico saturado de inmediatez, &#8220;<a href=\"https:\/\/www.instagram.com\/imperdiblesok\">Imperdibles<\/a>&#8221; propone una pausa reflexiva. El programa se ratifica como una invitaci\u00f3n a entender la diversidad del planeta a trav\u00e9s de las vivencias de otros. La combinaci\u00f3n de una gu\u00eda experimentada como G\u00f3mez Villalba, invitados de primer nivel y una cinematograf\u00eda cuidada, asegura que el ciclo contin\u00fae siendo una cita obligatoria para quienes entienden el viaje como una forma esencial de aprendizaje y desarrollo personal.<\/p>\n","protected":false},"excerpt":{"rendered":"<p>La Televisi\u00f3n P\u00fablica jerarquiza su franja de entretenimiento cultural con &#8220;Imperdibles&#8221;, el ciclo de entrevistas y viajes conducido por Mirtha G\u00f3mez Villalba que se emite semanalmente para conectar a la&hellip; <\/p>\n","protected":false},"author":11,"featured_media":241161,"comment_status":"closed","ping_status":"open","sticky":false,"template":"","format":"standard","meta":{"footnotes":""},"categories":[15],"tags":[],"class_list":["post-241160","post","type-post","status-publish","format-standard","has-post-thumbnail","hentry","category-cultura"],"_links":{"self":[{"href":"https:\/\/corrientesdetarde.com\/index.php\/wp-json\/wp\/v2\/posts\/241160","targetHints":{"allow":["GET"]}}],"collection":[{"href":"https:\/\/corrientesdetarde.com\/index.php\/wp-json\/wp\/v2\/posts"}],"about":[{"href":"https:\/\/corrientesdetarde.com\/index.php\/wp-json\/wp\/v2\/types\/post"}],"author":[{"embeddable":true,"href":"https:\/\/corrientesdetarde.com\/index.php\/wp-json\/wp\/v2\/users\/11"}],"replies":[{"embeddable":true,"href":"https:\/\/corrientesdetarde.com\/index.php\/wp-json\/wp\/v2\/comments?post=241160"}],"version-history":[{"count":1,"href":"https:\/\/corrientesdetarde.com\/index.php\/wp-json\/wp\/v2\/posts\/241160\/revisions"}],"predecessor-version":[{"id":241162,"href":"https:\/\/corrientesdetarde.com\/index.php\/wp-json\/wp\/v2\/posts\/241160\/revisions\/241162"}],"wp:featuredmedia":[{"embeddable":true,"href":"https:\/\/corrientesdetarde.com\/index.php\/wp-json\/wp\/v2\/media\/241161"}],"wp:attachment":[{"href":"https:\/\/corrientesdetarde.com\/index.php\/wp-json\/wp\/v2\/media?parent=241160"}],"wp:term":[{"taxonomy":"category","embeddable":true,"href":"https:\/\/corrientesdetarde.com\/index.php\/wp-json\/wp\/v2\/categories?post=241160"},{"taxonomy":"post_tag","embeddable":true,"href":"https:\/\/corrientesdetarde.com\/index.php\/wp-json\/wp\/v2\/tags?post=241160"}],"curies":[{"name":"wp","href":"https:\/\/api.w.org\/{rel}","templated":true}]}}