{"id":241165,"date":"2025-12-27T18:48:51","date_gmt":"2025-12-27T21:48:51","guid":{"rendered":"https:\/\/corrientesdetarde.com\/?p=241165"},"modified":"2025-12-28T06:29:15","modified_gmt":"2025-12-28T09:29:15","slug":"santo-tome-la-justicia-ordeno-liberar-a-cinco-policias-denunciados-por-tortura","status":"publish","type":"post","link":"https:\/\/corrientesdetarde.com\/index.php\/actualidad\/santo-tome-la-justicia-ordeno-liberar-a-cinco-policias-denunciados-por-tortura\/","title":{"rendered":"Santo Tom\u00e9: La Justicia orden\u00f3 liberar a cinco polic\u00edas denunciados por tortura"},"content":{"rendered":"\n<p>La jueza de Garant\u00edas de<strong>&nbsp;Santo Tom\u00e9&nbsp;<\/strong>Sara Marina Durand orden\u00f3 la&nbsp;<strong>liberaci\u00f3n de los cinco polic\u00edas<\/strong>&nbsp;que permanec\u00edan detenidos acusados de la presunta&nbsp;<strong>golpiza&nbsp;<\/strong>a un hombre durante un procedimiento realizado en el paraje Atalaya.<\/p>\n\n\n\n<p>Sin embargo, el&nbsp;<strong>Ministerio P\u00fablico Fiscal<\/strong>&nbsp;apel\u00f3 la decisi\u00f3n y la investigaci\u00f3n sigue en curso para avanzar hacia la obtenci\u00f3n de mayores evidencias esclarecedoras.<\/p>\n\n\n\n<p>El caso se remonta a mediados de diciembre, cuando<strong>&nbsp;Gonzalo \u00c1lvarez,&nbsp;<\/strong>un joven de 33 a\u00f1os del Paraje Atalaya del departamento de Santo Tom\u00e9, denunci\u00f3 ante la Unidad Fiscal en turno haber sido v\u00edctima de&nbsp;<strong>apremios ilegales<\/strong>&nbsp;por parte de polic\u00edas de la Comisar\u00eda Tercera tras un intento de detenci\u00f3n en su domicilio.&nbsp;<\/p>\n\n\n\n<p>La presentaci\u00f3n judicial, en la que&nbsp;la v\u00edctima exhibi\u00f3 severas lesiones en distintas partes del cuerpo, llev\u00f3 a la<strong>&nbsp;detenci\u00f3n de cinco efectivos:<\/strong>&nbsp;cuatro<strong>&nbsp;imputados por torturas&nbsp;<\/strong>y el quinto, el jefe de la seccional, por&nbsp;<strong>encubrimiento&nbsp;<\/strong>y posible incumplimiento de deberes como funcionario p\u00fablico.<\/p>\n\n\n\n<p>Seg\u00fan la&nbsp;<strong>denuncia&nbsp;<\/strong>original, el 14 de diciembre \u00c1lvarez fue interceptado por la polic\u00eda en un control de agentes de Tr\u00e1nsito y, tras ser llevado a la Comisar\u00eda Tercera, su familia asegura que sufri\u00f3 una golpiza con lesiones visibles en el rostro y las piernas.<\/p>\n\n\n\n<p>Tambi\u00e9n se mencion\u00f3 que&nbsp;<strong>no recibi\u00f3 atenci\u00f3n m\u00e9dica&nbsp;<\/strong>ni comida durante su detenci\u00f3n, lo que motiv\u00f3 la intervenci\u00f3n de Asuntos Internos de la Polic\u00eda de Corrientes y la presentaci\u00f3n de cargos ante la Fiscal\u00eda.<\/p>\n\n\n\n<p>El viernes pasado, l<strong>a jueza Durand orden\u00f3 la libertad inmediata<\/strong>&nbsp;de los cinco efectivos involucrados, tras evaluar la calificaci\u00f3n inicial de la causa. En consecuencia, el Ministerio P\u00fablico, a cargo de Facundo Cabral, apel\u00f3 la decisi\u00f3n, argumentando que hay elementos suficientes para sostener medidas m\u00e1s gravosas, especialmente contra el oficial acusado de violencia.<\/p>\n\n\n\n<p>La C\u00e1mara de Apelaciones decidir\u00e1 en las pr\u00f3ximas semanas. Paralelamente, Asuntos Internos de<strong>&nbsp;la Polic\u00eda de Corrientes apart\u00f3 a los cinco agentes&nbsp;<\/strong>de sus funciones y desplaz\u00f3 al jefe de la Comisar\u00eda Tercera, en el marco de las investigaciones administrativas y judiciales.<\/p>\n","protected":false},"excerpt":{"rendered":"<p>La jueza de Garant\u00edas de&nbsp;Santo Tom\u00e9&nbsp;Sara Marina Durand orden\u00f3 la&nbsp;liberaci\u00f3n de los cinco polic\u00edas&nbsp;que permanec\u00edan detenidos acusados de la presunta&nbsp;golpiza&nbsp;a un hombre durante un procedimiento realizado en el paraje Atalaya.&hellip; <\/p>\n","protected":false},"author":1,"featured_media":241166,"comment_status":"closed","ping_status":"open","sticky":false,"template":"","format":"standard","meta":{"footnotes":""},"categories":[23],"tags":[],"class_list":["post-241165","post","type-post","status-publish","format-standard","has-post-thumbnail","hentry","category-actualidad"],"_links":{"self":[{"href":"https:\/\/corrientesdetarde.com\/index.php\/wp-json\/wp\/v2\/posts\/241165","targetHints":{"allow":["GET"]}}],"collection":[{"href":"https:\/\/corrientesdetarde.com\/index.php\/wp-json\/wp\/v2\/posts"}],"about":[{"href":"https:\/\/corrientesdetarde.com\/index.php\/wp-json\/wp\/v2\/types\/post"}],"author":[{"embeddable":true,"href":"https:\/\/corrientesdetarde.com\/index.php\/wp-json\/wp\/v2\/users\/1"}],"replies":[{"embeddable":true,"href":"https:\/\/corrientesdetarde.com\/index.php\/wp-json\/wp\/v2\/comments?post=241165"}],"version-history":[{"count":1,"href":"https:\/\/corrientesdetarde.com\/index.php\/wp-json\/wp\/v2\/posts\/241165\/revisions"}],"predecessor-version":[{"id":241167,"href":"https:\/\/corrientesdetarde.com\/index.php\/wp-json\/wp\/v2\/posts\/241165\/revisions\/241167"}],"wp:featuredmedia":[{"embeddable":true,"href":"https:\/\/corrientesdetarde.com\/index.php\/wp-json\/wp\/v2\/media\/241166"}],"wp:attachment":[{"href":"https:\/\/corrientesdetarde.com\/index.php\/wp-json\/wp\/v2\/media?parent=241165"}],"wp:term":[{"taxonomy":"category","embeddable":true,"href":"https:\/\/corrientesdetarde.com\/index.php\/wp-json\/wp\/v2\/categories?post=241165"},{"taxonomy":"post_tag","embeddable":true,"href":"https:\/\/corrientesdetarde.com\/index.php\/wp-json\/wp\/v2\/tags?post=241165"}],"curies":[{"name":"wp","href":"https:\/\/api.w.org\/{rel}","templated":true}]}}