{"id":241531,"date":"2025-12-31T10:00:36","date_gmt":"2025-12-31T13:00:36","guid":{"rendered":"https:\/\/corrientesdetarde.com\/?p=241531"},"modified":"2025-12-31T10:00:38","modified_gmt":"2025-12-31T13:00:38","slug":"mas-correntinos-deportistas-ternados-a-los-premios-curuzu","status":"publish","type":"post","link":"https:\/\/corrientesdetarde.com\/index.php\/deportes\/mas-correntinos-deportistas-ternados-a-los-premios-curuzu\/","title":{"rendered":"M\u00e1s correntinos deportistas ternados a los Premios Curuz\u00fa"},"content":{"rendered":"\n<p>El C\u00edrculo de Periodistas Deportivos de Corrientes (CPDC), junto a la Fundaci\u00f3n Metas y Logros, contin\u00faa dando a conocer los deportistas que competir\u00e1n por los Premios Curuz\u00fa de los Milagros, distinciones que se entregar\u00e1n en la XXIV edici\u00f3n de la Fiesta del Deporte Correntino, programada para el s\u00e1bado 10 de enero de 2026 por la noche, desde las 21, en el Centro Cultural Tupasy, con entrada libre y gratuita. En esta nueva entrega, las instituciones organizadoras dieron a conocer las ternas correspondientes a Rugby, Pesas y Remo, que se suman a las categor\u00edas ya informadas en d\u00edas anteriores.<\/p>\n\n\n\n<p>Como cada a\u00f1o, durante la gala se entregar\u00e1 la tradicional estatuilla Curuz\u00fa de los Milagros de Plata a los mejores de cada disciplina, los que competir\u00e1n por el Premio Curuz\u00fa de Oro, reservado para el deportista correntino m\u00e1s destacado de la temporada 2025.<\/p>\n\n\n\n<p>La edici\u00f3n tendr\u00e1, adem\u00e1s, un momento especial de reconocimiento: la Fundaci\u00f3n Metas y Logros homenajear\u00e1 a m\u00e1s de 40 atletas del deporte adaptado, reafirmando su compromiso con la inclusi\u00f3n y la diversidad en el \u00e1mbito deportivo provincial.<\/p>\n\n\n\n<h2 class=\"wp-block-heading\">Ternas anunciadas<\/h2>\n\n\n\n<p>Rugby: Ignacio Meabe, Ger\u00f3nimo G\u00f3mez Vara y Baltazar Jabornisky. Pesas: Agustina \u00c1lvarez, Valentina Cabral y Martina Gim\u00e9nez. Remo: Sabrina Zibelman, Irina Zibelman y Agostina Manzzotti. F\u00fatbol: Diana Gonz\u00e1lez, Guillermo Barreto y Federico C\u00f3ceres.<\/p>\n\n\n\n<p>F\u00fatbol Profesional: Maximiliano Salas, Joaqu\u00edn G\u00f3mez y Jos\u00e9 Manuel L\u00f3pez. Futsal: Jos\u00e9 Mar\u00eda Carrizo, Carina Nu\u00f1ez y Fidel C\u00e1ceres. Ajedrez: Genaro G\u00f3mez Gigliani, Tom\u00e1s Pueyo y Pueyo y Juan Ignacio Sonaridio. Atletismo: Jos\u00e9 Carlos Borget, Brenda Insaurralde y Mar\u00eda Paz Romero. Automovilismo: Humberto Krujoski, Benjam\u00edn Traverso y C\u00e9sar Quiroz. Cestoball: Ricardo Marturet, Bruno Fern\u00e1ndez y Juliana Mi\u00f1o.<\/p>\n","protected":false},"excerpt":{"rendered":"<p>El C\u00edrculo de Periodistas Deportivos de Corrientes (CPDC), junto a la Fundaci\u00f3n Metas y Logros, contin\u00faa dando a conocer los deportistas que competir\u00e1n por los Premios Curuz\u00fa de los Milagros,&hellip; <\/p>\n","protected":false},"author":3,"featured_media":241537,"comment_status":"closed","ping_status":"open","sticky":false,"template":"","format":"standard","meta":{"footnotes":""},"categories":[4],"tags":[],"class_list":["post-241531","post","type-post","status-publish","format-standard","has-post-thumbnail","hentry","category-deportes"],"_links":{"self":[{"href":"https:\/\/corrientesdetarde.com\/index.php\/wp-json\/wp\/v2\/posts\/241531","targetHints":{"allow":["GET"]}}],"collection":[{"href":"https:\/\/corrientesdetarde.com\/index.php\/wp-json\/wp\/v2\/posts"}],"about":[{"href":"https:\/\/corrientesdetarde.com\/index.php\/wp-json\/wp\/v2\/types\/post"}],"author":[{"embeddable":true,"href":"https:\/\/corrientesdetarde.com\/index.php\/wp-json\/wp\/v2\/users\/3"}],"replies":[{"embeddable":true,"href":"https:\/\/corrientesdetarde.com\/index.php\/wp-json\/wp\/v2\/comments?post=241531"}],"version-history":[{"count":1,"href":"https:\/\/corrientesdetarde.com\/index.php\/wp-json\/wp\/v2\/posts\/241531\/revisions"}],"predecessor-version":[{"id":241551,"href":"https:\/\/corrientesdetarde.com\/index.php\/wp-json\/wp\/v2\/posts\/241531\/revisions\/241551"}],"wp:featuredmedia":[{"embeddable":true,"href":"https:\/\/corrientesdetarde.com\/index.php\/wp-json\/wp\/v2\/media\/241537"}],"wp:attachment":[{"href":"https:\/\/corrientesdetarde.com\/index.php\/wp-json\/wp\/v2\/media?parent=241531"}],"wp:term":[{"taxonomy":"category","embeddable":true,"href":"https:\/\/corrientesdetarde.com\/index.php\/wp-json\/wp\/v2\/categories?post=241531"},{"taxonomy":"post_tag","embeddable":true,"href":"https:\/\/corrientesdetarde.com\/index.php\/wp-json\/wp\/v2\/tags?post=241531"}],"curies":[{"name":"wp","href":"https:\/\/api.w.org\/{rel}","templated":true}]}}